{"id":40243,"date":"2026-03-18T20:31:35","date_gmt":"2026-03-18T19:31:35","guid":{"rendered":"https:\/\/www.czechcyclingfederation.com\/?p=40243"},"modified":"2026-03-18T20:31:38","modified_gmt":"2026-03-18T19:31:38","slug":"tour-de-feminin-privita-29-tymu-z-celeho-sveta","status":"publish","type":"post","link":"https:\/\/www.czechcyclingfederation.com\/en\/tour-de-feminin-privita-29-tymu-z-celeho-sveta\/","title":{"rendered":"Tour de Feminin p\u0159iv\u00edt\u00e1 29 t\u00fdm\u016f z cel\u00e9ho sv\u011bta"},"content":{"rendered":"\n<p>Leto\u0161n\u00ed 37. ro\u010dn\u00edk silni\u010dn\u00edho etapov\u00e9ho z\u00e1vodu \u017een Tour de Feminin nab\u00eddne op\u011bt velmi kvalitn\u00ed a pestr\u00e9 startovn\u00ed pole. Organiz\u00e1to\u0159i potvrdili seznam 29 t\u00fdm\u016f, kter\u00e9 se p\u0159edstav\u00ed od 14. do 17. kv\u011btna na severu \u010cech. Na start se postav\u00ed kontinent\u00e1ln\u00ed celky UCI, n\u00e1rodn\u00ed reprezentace i klubov\u00e9 t\u00fdmy z cel\u00e9 Evropy i z\u00e1mo\u0159\u00ed.<\/p>\n\n\n\n<p>Mezi pozvan\u00fdmi nechyb\u00ed jeden\u00e1ct kontinent\u00e1ln\u00edch t\u00fdm\u016f UCI. Fanou\u0161ci se mohou t\u011b\u0161it nap\u0159\u00edklad na britsk\u00fd celek Handsling Alba Development Road Team, kter\u00fd bude obhajovat celkov\u00e9 v\u00edt\u011bzstv\u00ed Kate Richardsonov\u00e1. Na startu se objev\u00ed tak\u00e9 development sestavy nejv\u011bt\u0161\u00edch sv\u011btov\u00fdch t\u00fdm\u016f, zejm\u00e9na Canyon SRAM zondacrypto Generation a belgick\u00fd Fenix\u2013Premier Tech Development Team, d\u00e1le uvid\u00edme ambici\u00f3zn\u00ed sestavy Citymesh \u2013 Customm Pro CT a Top Girls Fassa Bortolo.<\/p>\n\n\n\n<figure class=\"wp-block-image size-large\"><img loading=\"lazy\" decoding=\"async\" width=\"1024\" height=\"682\" src=\"https:\/\/www.czechcyclingfederation.com\/wp-content\/uploads\/2026\/03\/richardson-1024x682.jpeg\" alt=\"\" class=\"wp-image-40247\" srcset=\"https:\/\/www.czechcyclingfederation.com\/wp-content\/uploads\/2026\/03\/richardson-1024x682.jpeg 1024w, https:\/\/www.czechcyclingfederation.com\/wp-content\/uploads\/2026\/03\/richardson-300x200.jpeg 300w, https:\/\/www.czechcyclingfederation.com\/wp-content\/uploads\/2026\/03\/richardson-768x512.jpeg 768w, https:\/\/www.czechcyclingfederation.com\/wp-content\/uploads\/2026\/03\/richardson-1536x1023.jpeg 1536w, https:\/\/www.czechcyclingfederation.com\/wp-content\/uploads\/2026\/03\/richardson-2048x1364.jpeg 2048w, https:\/\/www.czechcyclingfederation.com\/wp-content\/uploads\/2026\/03\/richardson-1320x879.jpeg 1320w\" sizes=\"auto, (max-width: 1024px) 100vw, 1024px\" \/><\/figure>\n\n\n\n<p>V\u017edy siln\u00e1 je sestava MAT Atom Deweloper Wroclaw. V letech 2025 a 2023 obsadily z\u00e1vodnice polsk\u00e9ho t\u00fdmu druh\u00e1 m\u00edsta v celkov\u00e9m po\u0159ad\u00ed.<\/p>\n\n\n\n<p>Dom\u00e1c\u00ed cyklistiku budou mezi kontinent\u00e1ln\u00edmi t\u00fdmy reprezentovat Dukla Women Cycling a VIF Cycling Team.<\/p>\n\n\n\n<p>Silnou konkurenci dopln\u00ed tak\u00e9 osm n\u00e1rodn\u00edch reprezentac\u00ed. Na startu se objev\u00ed v\u00fdb\u011bry Rakouska, Belgie (obh\u00e1jkyn\u011b v\u00edt\u011bzstv\u00ed v \u00favodn\u00ed \u010dasovce dru\u017estev), D\u00e1nska, Norska, Polska, Slovinska, Ukrajiny a Spojen\u00fdch st\u00e1t\u016f americk\u00fdch, co\u017e podtrhuje mezin\u00e1rodn\u00ed v\u00fdznam z\u00e1vodu a jeho atraktivitu pro mlad\u00e9 talentovan\u00e9 z\u00e1vodnice i zku\u0161en\u00e9 reprezentantky.<\/p>\n\n\n\n<p>Startovn\u00ed listinu uzav\u00edr\u00e1 deset klub\u016f, p\u0159edev\u0161\u00edm z tradi\u010dn\u00edch cyklistick\u00fdch zem\u00ed, jako jsou Nizozemsko, Belgie, N\u011bmecko nebo Polsko. I tyto sestavy d\u00e1vaj\u00ed p\u0159\u00edle\u017eitost p\u0159edev\u0161\u00edm mlad\u00fdm z\u00e1vodnic\u00edm, kter\u00e9 se cht\u011bj\u00ed prosadit na mezin\u00e1rodn\u00ed sc\u00e9n\u011b.<\/p>\n\n\n\n<figure class=\"wp-block-image size-large\"><img loading=\"lazy\" decoding=\"async\" width=\"1024\" height=\"682\" src=\"https:\/\/www.czechcyclingfederation.com\/wp-content\/uploads\/2026\/03\/nemcova-1-1024x682.jpg\" alt=\"\" class=\"wp-image-40259\" srcset=\"https:\/\/www.czechcyclingfederation.com\/wp-content\/uploads\/2026\/03\/nemcova-1-1024x682.jpg 1024w, https:\/\/www.czechcyclingfederation.com\/wp-content\/uploads\/2026\/03\/nemcova-1-300x200.jpg 300w, https:\/\/www.czechcyclingfederation.com\/wp-content\/uploads\/2026\/03\/nemcova-1-768x512.jpg 768w, https:\/\/www.czechcyclingfederation.com\/wp-content\/uploads\/2026\/03\/nemcova-1-1536x1023.jpg 1536w, https:\/\/www.czechcyclingfederation.com\/wp-content\/uploads\/2026\/03\/nemcova-1-2048x1364.jpg 2048w, https:\/\/www.czechcyclingfederation.com\/wp-content\/uploads\/2026\/03\/nemcova-1-1320x879.jpg 1320w\" sizes=\"auto, (max-width: 1024px) 100vw, 1024px\" \/><\/figure>\n\n\n\n<p><em>Barbora N\u011bmcov\u00e1 byla nejlep\u0161\u00ed \u010ce\u0161kou minul\u00e9ho ro\u010dn\u00edku.<\/em><\/p>\n\n\n\n<p>O \u00fa\u010dast na Tour de Feminin se p\u0159ihl\u00e1silo je\u0161t\u011b mnohem v\u00edce sestav, ale startovn\u00ed listina je zcela napln\u011bn\u00e1. <em>\u201eDle pravidel UCI m\u016f\u017eeme p\u0159ihl\u00e1sit do z\u00e1vodu maxim\u00e1ln\u011b 29 t\u00fdm\u016f, celkem se jich o start ale letos hl\u00e1silo rekordn\u00edch 60 sestav,\u201d <\/em>prozrazuje \u0159editelka z\u00e1vodu Simona Dav\u00eddkov\u00e1.<\/p>\n\n\n\n<p>Tour de Feminin dlouhodob\u011b pat\u0159\u00ed k nejv\u00fdznamn\u011bj\u0161\u00edm etapov\u00fdm z\u00e1vod\u016fm \u017eensk\u00e9 cyklistiky ve st\u0159edn\u00ed Evrop\u011b. Ka\u017edoro\u010dn\u011b p\u0159iv\u00e1d\u00ed do regionu z\u00e1vodnice z cel\u00e9ho sv\u011bta a nab\u00edz\u00ed n\u00e1ro\u010dn\u00e9 etapy, kter\u00e9 prov\u011b\u0159uj\u00ed sprinterky, vrcha\u0159ky i v\u0161estrann\u00e9 cyklistky.<\/p>\n\n\n\n<p>Foto: Josef Vaishar\/Cycling.photography<\/p>\n","protected":false},"excerpt":{"rendered":"<p>Leto\u0161n\u00ed 37. ro\u010dn\u00edk silni\u010dn\u00edho etapov\u00e9ho z\u00e1vodu \u017een Tour de Feminin nab\u00eddne op\u011bt velmi kvalitn\u00ed a pestr\u00e9 startovn\u00ed pole. Organiz\u00e1to\u0159i potvrdili seznam 29 t\u00fdm\u016f, kter\u00e9 se p\u0159edstav\u00ed od 14. do 17. kv\u011btna na severu \u010cech. Na start se postav\u00ed kontinent\u00e1ln\u00ed celky UCI, n\u00e1rodn\u00ed reprezentace i klubov\u00e9 t\u00fdmy z cel\u00e9 Evropy i z\u00e1mo\u0159\u00ed. Mezi pozvan\u00fdmi nechyb\u00ed jeden\u00e1ct [&hellip;]<\/p>\n","protected":false},"author":15,"featured_media":40245,"comment_status":"closed","ping_status":"open","sticky":false,"template":"","format":"standard","meta":{"footnotes":""},"categories":[2,18],"tags":[11],"class_list":["post-40243","post","type-post","status-publish","format-standard","has-post-thumbnail","hentry","category-novinky","category-silnice","tag-silnice"],"_links":{"self":[{"href":"https:\/\/www.czechcyclingfederation.com\/en\/wp-json\/wp\/v2\/posts\/40243","targetHints":{"allow":["GET"]}}],"collection":[{"href":"https:\/\/www.czechcyclingfederation.com\/en\/wp-json\/wp\/v2\/posts"}],"about":[{"href":"https:\/\/www.czechcyclingfederation.com\/en\/wp-json\/wp\/v2\/types\/post"}],"author":[{"embeddable":true,"href":"https:\/\/www.czechcyclingfederation.com\/en\/wp-json\/wp\/v2\/users\/15"}],"replies":[{"embeddable":true,"href":"https:\/\/www.czechcyclingfederation.com\/en\/wp-json\/wp\/v2\/comments?post=40243"}],"version-history":[{"count":4,"href":"https:\/\/www.czechcyclingfederation.com\/en\/wp-json\/wp\/v2\/posts\/40243\/revisions"}],"predecessor-version":[{"id":40261,"href":"https:\/\/www.czechcyclingfederation.com\/en\/wp-json\/wp\/v2\/posts\/40243\/revisions\/40261"}],"wp:featuredmedia":[{"embeddable":true,"href":"https:\/\/www.czechcyclingfederation.com\/en\/wp-json\/wp\/v2\/media\/40245"}],"wp:attachment":[{"href":"https:\/\/www.czechcyclingfederation.com\/en\/wp-json\/wp\/v2\/media?parent=40243"}],"wp:term":[{"taxonomy":"category","embeddable":true,"href":"https:\/\/www.czechcyclingfederation.com\/en\/wp-json\/wp\/v2\/categories?post=40243"},{"taxonomy":"post_tag","embeddable":true,"href":"https:\/\/www.czechcyclingfederation.com\/en\/wp-json\/wp\/v2\/tags?post=40243"}],"curies":[{"name":"wp","href":"https:\/\/api.w.org\/{rel}","templated":true}]}}