{"id":40225,"date":"2026-03-15T23:32:26","date_gmt":"2026-03-15T22:32:26","guid":{"rendered":"https:\/\/www.czechcyclingfederation.com\/?p=40225"},"modified":"2026-03-16T07:54:23","modified_gmt":"2026-03-16T06:54:23","slug":"drhova-pata-pri-nations-cupu-v-italii","status":"publish","type":"post","link":"https:\/\/www.czechcyclingfederation.com\/en\/drhova-pata-pri-nations-cupu-v-italii\/","title":{"rendered":"Drhov\u00e1 p\u00e1t\u00e1 p\u0159i Nations Cupu v It\u00e1lii"},"content":{"rendered":"\n<p><strong>Skv\u011bl\u00fd v\u00fdsledek vybojovala Eva Drhov\u00e1, \u010desk\u00e1 juniorsk\u00e1 reprezentantka v silni\u010dn\u00ed cyklistice, na italsk\u00e9 jednor\u00e1zovce Piccolo Trofeo Alfredo Binda. Sedmn\u00e1ctilet\u00e1 z\u00e1vodnice dojela v podniku seri\u00e1lu Nations Cup na p\u00e1t\u00e9m m\u00edst\u011b!<\/strong><\/p>\n\n\n\n<p>&#8220;Bylo to perfektn\u00ed p\u0159edstaven\u00ed cel\u00e9ho t\u00fdmu. Individu\u00e1ln\u011b naprosto skv\u011bl\u00fd v\u00fdsledek Evy Drhov\u00e9. Ale cel\u00fd t\u00fdm se projevil v\u00fdborn\u011b. Co bylo \u0159e\u010deno na porad\u011b, holky n\u00e1sledn\u011b uk\u00e1zaly v z\u00e1vod\u011b,&#8221; neskr\u00fdval nad\u0161en\u00ed Vojt\u011bch \u0158epa, sportovn\u00ed \u0159editel \u010desk\u00e9 reprezentace juniorek.<\/p>\n\n\n\n<p>&#8220;Tu\u0161il jsem, \u017ee Ev\u011b Drhov\u00e9 bude dojezd sed\u011bt. Sice byla \u010dtrn\u00e1ct dn\u016f zp\u011bt nachlazen\u00e1 a jej\u00ed p\u0159\u00edprava tud\u00ed\u017e nebyla stoprocentn\u00ed. V\u0161echno z\u00e1le\u017eelo na tom, jak bude pozi\u010dn\u011b pod kopci a kolik sil na\u0161et\u0159\u00ed do z\u00e1v\u011bre\u010dn\u00e9ho kruhu, aby to p\u0159e\u017eila do spurtu. U\u017e na porad\u011b jsme tu\u0161ili, \u017ee pokud bude v dobr\u00e9 pozici, ud\u011bl\u00e1 p\u011bkn\u00fd v\u00fdsledek. Vy\u0161lo to skv\u011ble,&#8221; lebedil si Vojt\u011bch \u0158epa.<\/p>\n\n\n\n<p>Z\u00e1vod v t\u011bsn\u00e9 bl\u00edzkosti Lago Maggiore se jel na 72,7 kilometru s p\u0159ev\u00fd\u0161en\u00edm 1053 metr\u016f. V\u00edt\u011bzkou se ve spurtu patn\u00e1cti\u010dlenn\u00e9 skupiny stala Italka Rossignoliov\u00e1 p\u0159ed N\u011bmkou Bieberleovou a Polkou Okruci\u0148skou. &#8220;Byl to hodn\u011b t\u011b\u017ek\u00fd okruh. Na startu bylo dev\u011btadvacet t\u00fdm\u016f a sto \u0161edes\u00e1t t\u0159i z\u00e1vodnic,&#8221; podotkl Vojt\u011bch \u0158epa.<\/p>\n\n\n\n<p>\u010cesk\u00fd dres ve t\u0159in\u00e1ct\u00e9m ro\u010dn\u00edku z\u00e1vodu obl\u00e9kly Eva Drhov\u00e1, Karol\u00edna Tannerov\u00e1, Antonine Cermanov\u00e1, Linda S\u00edtkov\u00e1, Nat\u00e1lie N\u011bmcov\u00e1 a Zuzana Kr\u00e1tk\u00e1. &#8220;Nasazen\u00ed, projev a komunikace v pr\u016fb\u011bhu z\u00e1vodu skv\u011ble fungovaly. Holky za sebe bojovaly. Mysl\u00edm, \u017ee jsme v\u0161e dob\u0159e nastartovaly,&#8221; ohl\u00ed\u017eel se za prvn\u00edm startem n\u00e1rodn\u00edho t\u00fdmu juniorek v sez\u00f3n\u011b 2026 Vojt\u011bch \u0158epa.<\/p>\n\n\n\n<p>&#8220;Ve \u010dtvrtek p\u0159ed z\u00e1vodem jsme nav\u00edc p\u0159i\u0161li o M\u00ed\u0161u Jiroutkovou, kter\u00e1 onemocn\u011bla. Mohla v z\u00e1vod\u011b myslet na p\u011bkn\u00fd v\u00fdsledek a pro t\u00fdm to byla ur\u010dit\u011b ztr\u00e1ta. Povolili jsme na posledn\u00ed chv\u00edli Zuzku Kr\u00e1tkou a zhostila se ne\u010dekan\u00e9 role perfektn\u011b. Stejn\u011b jako cel\u00fd t\u00fdm. Linda S\u00edtkov\u00e1 jela poprv\u00e9 v reprezenta\u010dn\u00edch barv\u00e1ch a vedla si velmi dob\u0159e. Rovn\u011b\u017e pro Nat\u00e1lii N\u011bmcovou \u0161lo o jeden z nejv\u011bt\u0161\u00edch z\u00e1vod\u016f dosavadn\u00ed kari\u00e9ry a podala par\u00e1dn\u00ed v\u00fdkon,&#8221; ne\u0161et\u0159il chv\u00e1lou Vojt\u011bch \u0158epa.<\/p>\n\n\n\n<p>&#8220;Po leto\u0161n\u00ed premi\u00e9\u0159e t\u00fdmu m\u011b ohromn\u011b t\u011b\u0161\u00ed, \u017ee jsme do projektu \u00fa\u010dasti juniorsk\u00e9ho v\u00fdb\u011bru v seri\u00e1lu Nations Cup vstoupili. M\u00e1me skv\u011blou generaci a holky mohou dok\u00e1zat velk\u00e9 v\u011bci,&#8221; p\u0159em\u00edtal Vojt\u011bch \u0158epa.<\/p>\n\n\n\n<p><strong>Piccolo Trofeo Alfredo Binda<\/strong> (72,7 km): 1. Rossignoliov\u00e1 (It.) 2:01:26 hod., 2. Bieberleov\u00e1 (N\u011bm.), 3. Okruci\u0148sk\u00e1 (Pol.), &#8230; 5. Drhov\u00e1 v\u0161. stejn\u00fd \u010das, 50. S\u00edtkov\u00e1 +1:42 min., 62. N\u011bmcov\u00e1 +3:09, Tannerov\u00e1, Kr\u00e1tk\u00e1, Cermanov\u00e1 (v\u0161. \u010cR) nedokon\u010dily.<\/p>\n\n\n\n<p>Foto: Filip Bezd\u011bk<\/p>\n","protected":false},"excerpt":{"rendered":"<p>Skv\u011bl\u00fd v\u00fdsledek vybojovala Eva Drhov\u00e1, \u010desk\u00e1 juniorsk\u00e1 reprezentantka v silni\u010dn\u00ed cyklistice, na italsk\u00e9 jednor\u00e1zovce Piccolo Trofeo Alfredo Binda. Sedmn\u00e1ctilet\u00e1 z\u00e1vodnice dojela v podniku seri\u00e1lu Nations Cup na p\u00e1t\u00e9m m\u00edst\u011b! &#8220;Bylo to perfektn\u00ed p\u0159edstaven\u00ed cel\u00e9ho t\u00fdmu. Individu\u00e1ln\u011b naprosto skv\u011bl\u00fd v\u00fdsledek Evy Drhov\u00e9. Ale cel\u00fd t\u00fdm se projevil v\u00fdborn\u011b. Co bylo \u0159e\u010deno na porad\u011b, holky n\u00e1sledn\u011b uk\u00e1zaly [&hellip;]<\/p>\n","protected":false},"author":30,"featured_media":40227,"comment_status":"closed","ping_status":"open","sticky":false,"template":"","format":"standard","meta":{"footnotes":""},"categories":[2,18],"tags":[11],"class_list":["post-40225","post","type-post","status-publish","format-standard","has-post-thumbnail","hentry","category-novinky","category-silnice","tag-silnice"],"_links":{"self":[{"href":"https:\/\/www.czechcyclingfederation.com\/en\/wp-json\/wp\/v2\/posts\/40225","targetHints":{"allow":["GET"]}}],"collection":[{"href":"https:\/\/www.czechcyclingfederation.com\/en\/wp-json\/wp\/v2\/posts"}],"about":[{"href":"https:\/\/www.czechcyclingfederation.com\/en\/wp-json\/wp\/v2\/types\/post"}],"author":[{"embeddable":true,"href":"https:\/\/www.czechcyclingfederation.com\/en\/wp-json\/wp\/v2\/users\/30"}],"replies":[{"embeddable":true,"href":"https:\/\/www.czechcyclingfederation.com\/en\/wp-json\/wp\/v2\/comments?post=40225"}],"version-history":[{"count":1,"href":"https:\/\/www.czechcyclingfederation.com\/en\/wp-json\/wp\/v2\/posts\/40225\/revisions"}],"predecessor-version":[{"id":40226,"href":"https:\/\/www.czechcyclingfederation.com\/en\/wp-json\/wp\/v2\/posts\/40225\/revisions\/40226"}],"wp:featuredmedia":[{"embeddable":true,"href":"https:\/\/www.czechcyclingfederation.com\/en\/wp-json\/wp\/v2\/media\/40227"}],"wp:attachment":[{"href":"https:\/\/www.czechcyclingfederation.com\/en\/wp-json\/wp\/v2\/media?parent=40225"}],"wp:term":[{"taxonomy":"category","embeddable":true,"href":"https:\/\/www.czechcyclingfederation.com\/en\/wp-json\/wp\/v2\/categories?post=40225"},{"taxonomy":"post_tag","embeddable":true,"href":"https:\/\/www.czechcyclingfederation.com\/en\/wp-json\/wp\/v2\/tags?post=40225"}],"curies":[{"name":"wp","href":"https:\/\/api.w.org\/{rel}","templated":true}]}}