{"id":40206,"date":"2026-03-13T22:07:22","date_gmt":"2026-03-13T21:07:22","guid":{"rendered":"https:\/\/www.czechcyclingfederation.com\/?p=40206"},"modified":"2026-03-15T12:09:54","modified_gmt":"2026-03-15T11:09:54","slug":"lapkova-sedma-na-ep-v-bmx-ve-verone","status":"publish","type":"post","link":"https:\/\/www.czechcyclingfederation.com\/en\/lapkova-sedma-na-ep-v-bmx-ve-verone\/","title":{"rendered":"Lapkov\u00e1 sedm\u00e1 na EP v\u00a0BMX ve Veron\u011b"},"content":{"rendered":"\n<p>Juniorka <strong>Elen Lapkov\u00e1<\/strong> obsadila sedm\u00e9 m\u00edsto v&nbsp;\u00favodn\u00edm z\u00e1vod\u011b Evropsk\u00e9ho poh\u00e1ru v&nbsp;BMX, kter\u00fd host\u00ed italsk\u00e1 Verona.<\/p>\n\n\n\n<p><em>\u201eVe fin\u00e1le se j\u00ed \u00fapln\u011b nepovedl start a pak u\u017e s&nbsp;t\u00edm \u0161lo t\u011b\u017eko n\u011bco d\u011blat. Ale je to prvn\u00ed z\u00e1vod, za\u010d\u00e1tek sezony. Utvrdila se, \u017ee na to m\u00e1 a fin\u00e1le by v&nbsp;r\u00e1mci Evropsk\u00e9ho poh\u00e1ru a mistrovstv\u00ed Evropy jezdit m\u011bla,\u201c<\/em> \u0159ekl tren\u00e9r reprezentace <strong>Luk\u00e1\u0161 Tamme<\/strong>.<\/p>\n\n\n\n<p>Velmi dob\u0159e si vedl i <strong>Marek Neu\u017eil<\/strong>, kter\u00fd a\u010d je\u0161t\u011b z\u00e1vodn\u00edk U23, nastoupil v\u00a0elit\u011b a skon\u010dil celkov\u011b des\u00e1t\u00fd. <em>\u201eJe pro n\u011bj lep\u0161\u00ed jezdit s\u00a0elitou, aby z\u00edsk\u00e1val zku\u0161enosti. U\u017e druh\u00fdm rokem tr\u00e9nuje v\u00a0centru UCI v\u00a0Aigle a ur\u010dit\u011b by mohl zabojovat o m\u00edsto na olympi\u00e1du 2028. Bude taky z\u00e1le\u017eet, jak se popere s\u00a0p\u0159estupem, letos je v\u00a0kategorii U23 posledn\u00edm rokem,\u201c<\/em> uvedl Tamme. <strong>Eli\u0161ka Bartu\u0148kov\u00e1<\/strong> skon\u010dila v\u00a0\u017eensk\u00e9 elit\u011b ve \u010dtvrtfin\u00e1le.<\/p>\n\n\n\n<figure class=\"wp-block-image size-large\"><img loading=\"lazy\" decoding=\"async\" width=\"1024\" height=\"683\" src=\"https:\/\/www.czechcyclingfederation.com\/wp-content\/uploads\/2026\/03\/bartunkova-eliska-1024x683.jpg\" alt=\"\" class=\"wp-image-40210\" srcset=\"https:\/\/www.czechcyclingfederation.com\/wp-content\/uploads\/2026\/03\/bartunkova-eliska-1024x683.jpg 1024w, https:\/\/www.czechcyclingfederation.com\/wp-content\/uploads\/2026\/03\/bartunkova-eliska-300x200.jpg 300w, https:\/\/www.czechcyclingfederation.com\/wp-content\/uploads\/2026\/03\/bartunkova-eliska-768x512.jpg 768w, https:\/\/www.czechcyclingfederation.com\/wp-content\/uploads\/2026\/03\/bartunkova-eliska-1536x1024.jpg 1536w, https:\/\/www.czechcyclingfederation.com\/wp-content\/uploads\/2026\/03\/bartunkova-eliska-2048x1365.jpg 2048w, https:\/\/www.czechcyclingfederation.com\/wp-content\/uploads\/2026\/03\/bartunkova-eliska-1320x880.jpg 1320w\" sizes=\"auto, (max-width: 1024px) 100vw, 1024px\" \/><\/figure>\n\n\n\n<p><em>\u201ePrvn\u00ed z\u00e1vody jsou sp\u00ed\u0161 o testov\u00e1n\u00ed formy v&nbsp;\u00favodu sezony. Ur\u010dit\u011b pot\u011b\u0161ili prvoro\u010d\u00e1ci v&nbsp;kategorii U23 Gruntor\u00e1d a Chudoba, kte\u0159\u00ed pro\u0161li do osmifin\u00e1le, pochvalu zaslou\u017e\u00ed i Hanus a Bleier, kte\u0159\u00ed jsou prvn\u00edm rokem junio\u0159i. Velmi dob\u0159e jel v&nbsp;t\u00e9to kategorii tak\u00e9 Miltner, kter\u00fd se dostal je\u0161t\u011b o kolo d\u00e1l, ale ten u\u017e je junior druh\u00fdm rokem,\u201c <\/em>popsal Tamme.<\/p>\n\n\n\n<p>V kategorii Boys 15\/16 vybojoval bronz <strong>Dominik R\u00e1li\u0161<\/strong>, p\u00e1t\u00fd byl <strong>Mat\u011bj Pavka<\/strong>.<\/p>\n\n\n\n<p>FOTO: Nico van Dartel<\/p>\n","protected":false},"excerpt":{"rendered":"<p>Juniorka Elen Lapkov\u00e1 obsadila sedm\u00e9 m\u00edsto v&nbsp;\u00favodn\u00edm z\u00e1vod\u011b Evropsk\u00e9ho poh\u00e1ru v&nbsp;BMX, kter\u00fd host\u00ed italsk\u00e1 Verona. \u201eVe fin\u00e1le se j\u00ed \u00fapln\u011b nepovedl start a pak u\u017e s&nbsp;t\u00edm \u0161lo t\u011b\u017eko n\u011bco d\u011blat. Ale je to prvn\u00ed z\u00e1vod, za\u010d\u00e1tek sezony. Utvrdila se, \u017ee na to m\u00e1 a fin\u00e1le by v&nbsp;r\u00e1mci Evropsk\u00e9ho poh\u00e1ru a mistrovstv\u00ed Evropy jezdit m\u011bla,\u201c \u0159ekl [&hellip;]<\/p>\n","protected":false},"author":15,"featured_media":40208,"comment_status":"closed","ping_status":"open","sticky":false,"template":"","format":"standard","meta":{"footnotes":""},"categories":[57,2],"tags":[55],"class_list":["post-40206","post","type-post","status-publish","format-standard","has-post-thumbnail","hentry","category-bmx","category-novinky","tag-bmx"],"_links":{"self":[{"href":"https:\/\/www.czechcyclingfederation.com\/en\/wp-json\/wp\/v2\/posts\/40206","targetHints":{"allow":["GET"]}}],"collection":[{"href":"https:\/\/www.czechcyclingfederation.com\/en\/wp-json\/wp\/v2\/posts"}],"about":[{"href":"https:\/\/www.czechcyclingfederation.com\/en\/wp-json\/wp\/v2\/types\/post"}],"author":[{"embeddable":true,"href":"https:\/\/www.czechcyclingfederation.com\/en\/wp-json\/wp\/v2\/users\/15"}],"replies":[{"embeddable":true,"href":"https:\/\/www.czechcyclingfederation.com\/en\/wp-json\/wp\/v2\/comments?post=40206"}],"version-history":[{"count":4,"href":"https:\/\/www.czechcyclingfederation.com\/en\/wp-json\/wp\/v2\/posts\/40206\/revisions"}],"predecessor-version":[{"id":40223,"href":"https:\/\/www.czechcyclingfederation.com\/en\/wp-json\/wp\/v2\/posts\/40206\/revisions\/40223"}],"wp:featuredmedia":[{"embeddable":true,"href":"https:\/\/www.czechcyclingfederation.com\/en\/wp-json\/wp\/v2\/media\/40208"}],"wp:attachment":[{"href":"https:\/\/www.czechcyclingfederation.com\/en\/wp-json\/wp\/v2\/media?parent=40206"}],"wp:term":[{"taxonomy":"category","embeddable":true,"href":"https:\/\/www.czechcyclingfederation.com\/en\/wp-json\/wp\/v2\/categories?post=40206"},{"taxonomy":"post_tag","embeddable":true,"href":"https:\/\/www.czechcyclingfederation.com\/en\/wp-json\/wp\/v2\/tags?post=40206"}],"curies":[{"name":"wp","href":"https:\/\/api.w.org\/{rel}","templated":true}]}}