{"id":40177,"date":"2026-03-11T17:00:00","date_gmt":"2026-03-11T16:00:00","guid":{"rendered":"https:\/\/www.czechcyclingfederation.com\/?p=40177"},"modified":"2026-03-12T13:36:13","modified_gmt":"2026-03-12T12:36:13","slug":"kvalitni-program-juniorky-vystreli-rika-sef-reprezentace-zen-repa","status":"publish","type":"post","link":"https:\/\/www.czechcyclingfederation.com\/en\/kvalitni-program-juniorky-vystreli-rika-sef-reprezentace-zen-repa\/","title":{"rendered":"Kvalitn\u00ed program juniorky vyst\u0159el\u00ed, \u0159\u00edk\u00e1 \u0161\u00e9f reprezentace \u017een \u0158epa"},"content":{"rendered":"\n<p>Presti\u017en\u00ed zahrani\u010dn\u00ed z\u00e1vody se skv\u011blou konkurenc\u00ed bude m\u00edt v programu \u010desk\u00e1 reprezentace juniorek v silni\u010dn\u00ed cyklistice. &#8220;Je to nejlep\u0161\u00ed zp\u016fsob, jak se vkl\u00ednit mezi elitu,&#8221; \u0159\u00edk\u00e1 tren\u00e9r t\u00fdmu Vojt\u011bch \u0158epa p\u0159ed vstupem do sezony, j\u00edm\u017e pro n\u00e1rodn\u00ed t\u00fdm bude italsk\u00e1 jednor\u00e1zovka Trofeo Alfredo Binda.<\/p>\n\n\n\n<p>&#8220;Poprv\u00e9 v historii juniorky absolvuj\u00ed t\u00e9m\u011b\u0159 kompletn\u00ed program Nations Cupu, co\u017e je obrovsk\u00fd posun. M\u00e1m obrovskou radost, \u017ee se poda\u0159ilo starty domluvit a m\u016f\u017eeme holk\u00e1m nab\u00eddnout tak kvalitn\u00ed z\u00e1vodn\u00ed kalend\u00e1\u0159. P\u0159\u00edklad cyklokrosu \u010di horsk\u00fdch kol jasn\u011b ukazuje, \u017ee konfrontace se sv\u011btovou elitou v dan\u00e9 kategorii posouv\u00e1 holky mezi nejlep\u0161\u00ed a d\u00e1v\u00e1 jim \u0161ance na medaile. Tak\u017ee je super, \u017ee juniorky na silnici budou m\u00edt stejnou p\u0159\u00edle\u017eitost,&#8221; \u0159\u00edk\u00e1 Vojt\u011bch \u0158epa, nov\u00fd tren\u00e9r reprezentace juniorek.<\/p>\n\n\n\n<figure class=\"wp-block-image size-large\"><img loading=\"lazy\" decoding=\"async\" width=\"1024\" height=\"683\" src=\"https:\/\/www.czechcyclingfederation.com\/wp-content\/uploads\/2026\/03\/2025-UEC-European-Road-Championships-Drome-Ardeche-FRA-3.10.2025-WU23-WJ-MJ-RR-CSC-\u00a9Filip-Bezdek-2025-37-1-1024x683.jpg\" alt=\"\" class=\"wp-image-40182\" srcset=\"https:\/\/www.czechcyclingfederation.com\/wp-content\/uploads\/2026\/03\/2025-UEC-European-Road-Championships-Drome-Ardeche-FRA-3.10.2025-WU23-WJ-MJ-RR-CSC-\u00a9Filip-Bezdek-2025-37-1-1024x683.jpg 1024w, https:\/\/www.czechcyclingfederation.com\/wp-content\/uploads\/2026\/03\/2025-UEC-European-Road-Championships-Drome-Ardeche-FRA-3.10.2025-WU23-WJ-MJ-RR-CSC-\u00a9Filip-Bezdek-2025-37-1-300x200.jpg 300w, https:\/\/www.czechcyclingfederation.com\/wp-content\/uploads\/2026\/03\/2025-UEC-European-Road-Championships-Drome-Ardeche-FRA-3.10.2025-WU23-WJ-MJ-RR-CSC-\u00a9Filip-Bezdek-2025-37-1-768x512.jpg 768w, https:\/\/www.czechcyclingfederation.com\/wp-content\/uploads\/2026\/03\/2025-UEC-European-Road-Championships-Drome-Ardeche-FRA-3.10.2025-WU23-WJ-MJ-RR-CSC-\u00a9Filip-Bezdek-2025-37-1-1536x1024.jpg 1536w, https:\/\/www.czechcyclingfederation.com\/wp-content\/uploads\/2026\/03\/2025-UEC-European-Road-Championships-Drome-Ardeche-FRA-3.10.2025-WU23-WJ-MJ-RR-CSC-\u00a9Filip-Bezdek-2025-37-1-2048x1365.jpg 2048w, https:\/\/www.czechcyclingfederation.com\/wp-content\/uploads\/2026\/03\/2025-UEC-European-Road-Championships-Drome-Ardeche-FRA-3.10.2025-WU23-WJ-MJ-RR-CSC-\u00a9Filip-Bezdek-2025-37-1-1320x880.jpg 1320w\" sizes=\"auto, (max-width: 1024px) 100vw, 1024px\" \/><\/figure>\n\n\n\n<p>&#8220;Jsem p\u0159esv\u011bd\u010den\u00fd, \u017ee \u00fa\u010dast na skv\u011bl\u00fdch z\u00e1vodech p\u0159inese perfektn\u00ed v\u00fdsledky. Porovn\u00e1n\u00ed se sv\u011btem se pozitivn\u011b prom\u00edt\u00e1,&#8221; p\u0159em\u00edt\u00e1 borec, kter\u00fd v minulosti absolvoval mimo jin\u00fdch presti\u017en\u00edch podnik\u016f \u0161pan\u011blskou Vueltu. &#8220;Samoz\u0159ejm\u011b v den z\u00e1vodu hraje u mlad\u00fdch holek roli spousta faktor\u016f. Jde nejen o moment\u00e1ln\u00ed rozpolo\u017een\u00ed. Ka\u017edop\u00e1dn\u011b nem\u00e1me v hlav\u00e1ch jen leto\u0161n\u00ed sezonu. Nen\u00ed prim\u00e1rn\u00edm c\u00edlem vy\u017ed\u00edmat okam\u017eit\u011b medaile. Smyslem je holky nachystat pro budoucnost a zvedat v\u00fdkonnost reprezenta\u010dn\u00edch adeptek,&#8221; popisuje Vojt\u011bch \u0158epa.<\/p>\n\n\n\n<p>Pro prvn\u00ed z\u00e1vod nebude m\u00edt k dispozici kompletn\u00ed k\u00e1dr. &#8220;K\u00e1ja \u0160picarov\u00e1 s n\u00e1mi nejede, proto\u017ee kombinuje kolo s b\u011b\u017eeck\u00fdm ly\u017eov\u00e1n\u00edm a je\u0161t\u011b m\u00e1 z\u00e1vodn\u00ed program. Dal\u0161\u00ed holky zase maj\u00ed po cyklokrosov\u00e9 sezon\u011b soust\u0159ed\u011bn\u00ed. Bereme italsk\u00fd z\u00e1vod jako jedno velk\u00e9 sezn\u00e1men\u00ed. Pot\u0159ebujeme zjistit, co sed\u00ed konkr\u00e9tn\u00edm holk\u00e1m. Pro n\u011b sou\u010dasn\u011b p\u016fjde o porovn\u00e1n\u00ed se skv\u011blou konkurenc\u00ed, v mnoha p\u0159\u00edpadech prvn\u00ed,&#8221; vypravuje Vojt\u011bch \u0158epa.<\/p>\n\n\n\n<figure class=\"wp-block-image size-large\"><img loading=\"lazy\" decoding=\"async\" width=\"1024\" height=\"683\" src=\"https:\/\/www.czechcyclingfederation.com\/wp-content\/uploads\/2026\/03\/Istrie-VIF-Cycling-Team-D5-7.3.2026-\u00a9Filip-Bezdek-2026-68-1024x683.jpg\" alt=\"\" class=\"wp-image-40184\" srcset=\"https:\/\/www.czechcyclingfederation.com\/wp-content\/uploads\/2026\/03\/Istrie-VIF-Cycling-Team-D5-7.3.2026-\u00a9Filip-Bezdek-2026-68-1024x683.jpg 1024w, https:\/\/www.czechcyclingfederation.com\/wp-content\/uploads\/2026\/03\/Istrie-VIF-Cycling-Team-D5-7.3.2026-\u00a9Filip-Bezdek-2026-68-300x200.jpg 300w, https:\/\/www.czechcyclingfederation.com\/wp-content\/uploads\/2026\/03\/Istrie-VIF-Cycling-Team-D5-7.3.2026-\u00a9Filip-Bezdek-2026-68-768x512.jpg 768w, https:\/\/www.czechcyclingfederation.com\/wp-content\/uploads\/2026\/03\/Istrie-VIF-Cycling-Team-D5-7.3.2026-\u00a9Filip-Bezdek-2026-68-1536x1024.jpg 1536w, https:\/\/www.czechcyclingfederation.com\/wp-content\/uploads\/2026\/03\/Istrie-VIF-Cycling-Team-D5-7.3.2026-\u00a9Filip-Bezdek-2026-68-2048x1365.jpg 2048w, https:\/\/www.czechcyclingfederation.com\/wp-content\/uploads\/2026\/03\/Istrie-VIF-Cycling-Team-D5-7.3.2026-\u00a9Filip-Bezdek-2026-68-1320x880.jpg 1320w\" sizes=\"auto, (max-width: 1024px) 100vw, 1024px\" \/><\/figure>\n\n\n\n<p>Kl\u00ed\u010dov\u00fdmi postavami v\u00fdb\u011bru juniorek by v pr\u016fb\u011bhu sezony m\u011bly b\u00fdt Michaela Jiroutkov\u00e1, Eva Drhov\u00e1, Antonie Cermanov\u00e1 z\u00e1vod\u00edc\u00ed u\u017e druh\u00fd rok v Belgii a \u00fa\u0159aduj\u00edc\u00ed \u010desk\u00e1 \u0161ampionka v \u010dasovce i hromadn\u00e9m z\u00e1vod\u011b Karol\u00edna \u0160picarov\u00e1. &#8220;V pr\u016fb\u011bhu roku ur\u010dit\u011b d\u00e1me p\u0159\u00edle\u017eitost i holk\u00e1m, kter\u00e9 p\u0159ech\u00e1zej\u00edc\u00ed z kategorie kadetek. Nominace se v\u017edy bude skl\u00e1dat podle aktu\u00e1ln\u00ed v\u00fdkonnosti a nikdo nem\u00e1 m\u00edsto jist\u00e9,&#8221; zd\u016fraz\u0148uje Vojt\u011bch \u0158epa.<\/p>\n\n\n\n<p>Sou\u010dasn\u011b nos\u00ed v hlav\u011b i jm\u00e9no d\u00edvky, kter\u00e1 z\u00e1\u0159\u00ed v cyklokrosu a na horsk\u00e9m kole. &#8220;P\u0159\u00e1l bych si v silni\u010dn\u00edm v\u00fdb\u011bru vid\u011bt i Barboru Bukovskou. Nab\u00eddnout j\u00ed, dle m\u00e9ho n\u00e1zoru, tolik pot\u0159ebn\u00e9 z\u00e1vodn\u00ed kilometry ze silnice. Ka\u017edop\u00e1dn\u011b m\u00e1 dve\u0159e otev\u0159en\u00e9 a je pouze na jej\u00ed volb\u011b, zda bude cht\u00edt p\u0159\u00edle\u017eitost vyu\u017e\u00edt,&#8221; \u0159\u00edk\u00e1 Vojt\u011bch \u0158epa.<\/p>\n\n\n\n<figure class=\"wp-block-image size-large\"><img loading=\"lazy\" decoding=\"async\" width=\"1024\" height=\"683\" src=\"https:\/\/www.czechcyclingfederation.com\/wp-content\/uploads\/2026\/03\/2025-UEC-European-Road-Championships-Drome-Ardeche-FRA-3.10.2025-WU23-WJ-MJ-RR-CSC-\u00a9Filip-Bezdek-2025-45-1024x683.jpg\" alt=\"\" class=\"wp-image-40180\" srcset=\"https:\/\/www.czechcyclingfederation.com\/wp-content\/uploads\/2026\/03\/2025-UEC-European-Road-Championships-Drome-Ardeche-FRA-3.10.2025-WU23-WJ-MJ-RR-CSC-\u00a9Filip-Bezdek-2025-45-1024x683.jpg 1024w, https:\/\/www.czechcyclingfederation.com\/wp-content\/uploads\/2026\/03\/2025-UEC-European-Road-Championships-Drome-Ardeche-FRA-3.10.2025-WU23-WJ-MJ-RR-CSC-\u00a9Filip-Bezdek-2025-45-300x200.jpg 300w, https:\/\/www.czechcyclingfederation.com\/wp-content\/uploads\/2026\/03\/2025-UEC-European-Road-Championships-Drome-Ardeche-FRA-3.10.2025-WU23-WJ-MJ-RR-CSC-\u00a9Filip-Bezdek-2025-45-768x512.jpg 768w, https:\/\/www.czechcyclingfederation.com\/wp-content\/uploads\/2026\/03\/2025-UEC-European-Road-Championships-Drome-Ardeche-FRA-3.10.2025-WU23-WJ-MJ-RR-CSC-\u00a9Filip-Bezdek-2025-45-1536x1024.jpg 1536w, https:\/\/www.czechcyclingfederation.com\/wp-content\/uploads\/2026\/03\/2025-UEC-European-Road-Championships-Drome-Ardeche-FRA-3.10.2025-WU23-WJ-MJ-RR-CSC-\u00a9Filip-Bezdek-2025-45-2048x1365.jpg 2048w, https:\/\/www.czechcyclingfederation.com\/wp-content\/uploads\/2026\/03\/2025-UEC-European-Road-Championships-Drome-Ardeche-FRA-3.10.2025-WU23-WJ-MJ-RR-CSC-\u00a9Filip-Bezdek-2025-45-1320x880.jpg 1320w\" sizes=\"auto, (max-width: 1024px) 100vw, 1024px\" \/><\/figure>\n\n\n\n<p>P\u0159ipravenost t\u00fdmu a rozvoj programu juniorek sleduje tak\u00e9 veden\u00ed silni\u010dn\u00ed komise \u010cesk\u00e9ho svazu cyklistiky. \u201eVojtovi v\u011b\u0159\u00edm a jsme spolu v pravideln\u00e9m kontaktu. Nov\u00e9 role reprezenta\u010dn\u00edho tren\u00e9ra pro d\u00e1msk\u00e9 kategorie se ujal s velk\u00fdm nad\u0161en\u00edm, co\u017e m\u011b t\u011b\u0161\u00ed. P\u0159ed sezonou jsme cht\u011bli reprezentaci pomoci tak\u00e9 v z\u00e1zem\u00ed, a proto si velmi v\u00e1\u017e\u00edm nov\u00e9 spolupr\u00e1ce se spole\u010dnost\u00ed Saga Praha. Ta n\u00e1m na sezonu zap\u016fj\u010d\u00ed dva dod\u00e1vkov\u00e9 vozy zna\u010dky Mercedes, kter\u00e9 z\u00e1vodn\u00edk\u016fm zajist\u00ed v\u011bt\u0161\u00ed komfort p\u0159i p\u0159esunech na z\u00e1vody. I d\u00edky takov\u00fdm krok\u016fm se na\u0161e z\u00e1zem\u00ed postupn\u011b p\u0159ibli\u017euje standard\u016fm sv\u011btov\u00e9 cyklistiky,\u201c \u0159\u00edk\u00e1 p\u0159edseda silni\u010dn\u00ed komise Jakub Edr.<\/p>\n\n\n\n<p><br><strong>Nominace \u010desk\u00fdch juniorek pro Trofeo Alfredo Binda<\/strong><br><br>Eva Drhov\u00e1, Antonie Cermanov\u00e1, Michaela Jiroutkov\u00e1, Linda S\u00edtkov\u00e1, Nat\u00e1lie N\u011bmcova, Zuzana Kr\u00e1tk\u00e1.<br><br><strong>Program juniorsk\u00fdch reprezentac\u00ed 2026<\/strong><br><br>15. b\u0159ezna Trofeo Alfredo Binda (juniorky), <\/p>\n\n\n\n<p>24.-26. dubna Omloop (juniorky), <\/p>\n\n\n\n<p>7.-10. kv\u011btna Z\u00e1vod m\u00edru (junio\u0159i), <\/p>\n\n\n\n<p>16.-17. kv\u011btna Tour de G\u00e9vaudan (juniorky), <\/p>\n\n\n\n<p>28.-31. kv\u011btna Tour du Pay de Vaud (junio\u0159i), <\/p>\n\n\n\n<p>28.-31. kv\u011btna Z\u00e1vod m\u00edru (mu\u017ei do 23 let), <\/p>\n\n\n\n<p>6.-7. \u010dervna G.P.R.W.R. Baron (junio\u0159i), <\/p>\n\n\n\n<p>11.-14. \u010dervna Saarland Trofeo (junio\u0159i),  <\/p>\n\n\n\n<p>19.-21. \u010dervna MDC (junio\u0159i), <\/p>\n\n\n\n<p>24.-26. \u010dervence Watersley (juniorky), <\/p>\n\n\n\n<p>13.-14. srpna Nations Cup Ma\u010farsko (junio\u0159i), <\/p>\n\n\n\n<p>9.-12. z\u00e1\u0159\u00ed Giro della Lunigiana (junio\u0159i), <\/p>\n\n\n\n<p>20.-27. z\u00e1\u0159\u00ed Mistrovstv\u00ed sv\u011bta (junio\u0159i, juniorky), <\/p>\n\n\n\n<p>3.-7. \u0159\u00edjna Mistrovstv\u00ed Evropy (junio\u0159i, juniorky).<\/p>\n","protected":false},"excerpt":{"rendered":"<p>Presti\u017en\u00ed zahrani\u010dn\u00ed z\u00e1vody se skv\u011blou konkurenc\u00ed bude m\u00edt v programu \u010desk\u00e1 reprezentace juniorek v silni\u010dn\u00ed cyklistice. &#8220;Je to nejlep\u0161\u00ed zp\u016fsob, jak se vkl\u00ednit mezi elitu,&#8221; \u0159\u00edk\u00e1 tren\u00e9r t\u00fdmu Vojt\u011bch \u0158epa p\u0159ed vstupem do sezony, j\u00edm\u017e pro n\u00e1rodn\u00ed t\u00fdm bude italsk\u00e1 jednor\u00e1zovka Trofeo Alfredo Binda. &#8220;Poprv\u00e9 v historii juniorky absolvuj\u00ed t\u00e9m\u011b\u0159 kompletn\u00ed program Nations Cupu, co\u017e [&hellip;]<\/p>\n","protected":false},"author":30,"featured_media":40190,"comment_status":"closed","ping_status":"open","sticky":false,"template":"","format":"standard","meta":{"footnotes":""},"categories":[2,18],"tags":[11],"class_list":["post-40177","post","type-post","status-publish","format-standard","has-post-thumbnail","hentry","category-novinky","category-silnice","tag-silnice"],"_links":{"self":[{"href":"https:\/\/www.czechcyclingfederation.com\/en\/wp-json\/wp\/v2\/posts\/40177","targetHints":{"allow":["GET"]}}],"collection":[{"href":"https:\/\/www.czechcyclingfederation.com\/en\/wp-json\/wp\/v2\/posts"}],"about":[{"href":"https:\/\/www.czechcyclingfederation.com\/en\/wp-json\/wp\/v2\/types\/post"}],"author":[{"embeddable":true,"href":"https:\/\/www.czechcyclingfederation.com\/en\/wp-json\/wp\/v2\/users\/30"}],"replies":[{"embeddable":true,"href":"https:\/\/www.czechcyclingfederation.com\/en\/wp-json\/wp\/v2\/comments?post=40177"}],"version-history":[{"count":3,"href":"https:\/\/www.czechcyclingfederation.com\/en\/wp-json\/wp\/v2\/posts\/40177\/revisions"}],"predecessor-version":[{"id":40201,"href":"https:\/\/www.czechcyclingfederation.com\/en\/wp-json\/wp\/v2\/posts\/40177\/revisions\/40201"}],"wp:featuredmedia":[{"embeddable":true,"href":"https:\/\/www.czechcyclingfederation.com\/en\/wp-json\/wp\/v2\/media\/40190"}],"wp:attachment":[{"href":"https:\/\/www.czechcyclingfederation.com\/en\/wp-json\/wp\/v2\/media?parent=40177"}],"wp:term":[{"taxonomy":"category","embeddable":true,"href":"https:\/\/www.czechcyclingfederation.com\/en\/wp-json\/wp\/v2\/categories?post=40177"},{"taxonomy":"post_tag","embeddable":true,"href":"https:\/\/www.czechcyclingfederation.com\/en\/wp-json\/wp\/v2\/tags?post=40177"}],"curies":[{"name":"wp","href":"https:\/\/api.w.org\/{rel}","templated":true}]}}