{"id":40125,"date":"2026-03-09T16:36:54","date_gmt":"2026-03-09T15:36:54","guid":{"rendered":"https:\/\/www.czechcyclingfederation.com\/?p=40125"},"modified":"2026-03-09T16:40:03","modified_gmt":"2026-03-09T15:40:03","slug":"reprezentacni-tym-mtb-info-c-6-newsletter-uci","status":"publish","type":"post","link":"https:\/\/www.czechcyclingfederation.com\/en\/reprezentacni-tym-mtb-info-c-6-newsletter-uci\/","title":{"rendered":"Reprezenta\u010dn\u00ed t\u00fdm MTB &#8211; info \u010d. 6. \/ Newsletter UCI"},"content":{"rendered":"\n<p><strong>\u00danorov\u00e9 vyd\u00e1n\u00ed newsletteru Mezin\u00e1rodn\u00ed cyklistick\u00e9 unie (UCI). Dokument je k dispozici jak v p\u016fvodn\u00edm anglick\u00e9m zn\u011bn\u00ed, tak i v \u010desk\u00e9m p\u0159ekladu.<\/strong><\/p>\n\n\n\n<p>\u010cesk\u00e1 verze byla p\u0159ipravena pomoc\u00ed automatick\u00e9ho p\u0159ekladu (Google Translator), a proto mohou b\u00fdt n\u011bkter\u00e9 odborn\u00e9 term\u00edny \u010di formulace nep\u0159esn\u00e9. V p\u0159\u00edpad\u011b nejasnost\u00ed doporu\u010dujeme vych\u00e1zet z origin\u00e1ln\u00ed anglick\u00e9 verze.<\/p>\n\n\n\n<p>Newsletter p\u0159in\u00e1\u0161\u00ed p\u0159ehled aktu\u00e1ln\u00edch informac\u00ed, novinek a d\u016fle\u017eit\u00fdch sd\u011blen\u00ed z prost\u0159ed\u00ed mezin\u00e1rodn\u00ed cyklistiky, v\u010detn\u011b zm\u011bn v pravidlech, organiza\u010dn\u00edch z\u00e1le\u017eitost\u00ed a dal\u0161\u00edch t\u00e9mat relevantn\u00edch pro n\u00e1rodn\u00ed federace, t\u00fdmy i jednotliv\u00e9 \u00fa\u010dastn\u00edky cyklistick\u00e9ho prost\u0159ed\u00ed.<\/p>\n\n\n\n<p>Ke sta\u017een\u00ed:<\/p>\n\n\n<div class=\"wp-block-file\">\r\n                <a target=\"_blank\" rel=\"noopener\" href=\"https:\/\/www.czechcyclingfederation.com\/wp-content\/uploads\/2026\/03\/Newsletter_UCI_166_-_February_2026.pdf\" class=\"wp-block-file__button wp-element-button\">\r\n                    <span class=\"wp-block-file__icon\"><\/span>\r\n                    Newsletter_UCI_#166_-_February\r\n                <\/a>\r\n            <\/div>\n\n<div class=\"wp-block-file\">\r\n                <a target=\"_blank\" rel=\"noopener\" href=\"https:\/\/www.czechcyclingfederation.com\/wp-content\/uploads\/2026\/03\/Zpravodaj_UCI_166_-_unor_2026.pdf\" class=\"wp-block-file__button wp-element-button\">\r\n                    <span class=\"wp-block-file__icon\"><\/span>\r\n                    Zpravodaj_UCI_#166_-_\u00fanor_2026\r\n                <\/a>\r\n            <\/div>","protected":false},"excerpt":{"rendered":"<p>\u00danorov\u00e9 vyd\u00e1n\u00ed newsletteru Mezin\u00e1rodn\u00ed cyklistick\u00e9 unie (UCI). Dokument je k dispozici jak v p\u016fvodn\u00edm anglick\u00e9m zn\u011bn\u00ed, tak i v \u010desk\u00e9m p\u0159ekladu. \u010cesk\u00e1 verze byla p\u0159ipravena pomoc\u00ed automatick\u00e9ho p\u0159ekladu (Google Translator), a proto mohou b\u00fdt n\u011bkter\u00e9 odborn\u00e9 term\u00edny \u010di formulace nep\u0159esn\u00e9. V p\u0159\u00edpad\u011b nejasnost\u00ed doporu\u010dujeme vych\u00e1zet z origin\u00e1ln\u00ed anglick\u00e9 verze. Newsletter p\u0159in\u00e1\u0161\u00ed p\u0159ehled aktu\u00e1ln\u00edch informac\u00ed, novinek [&hellip;]<\/p>\n","protected":false},"author":9,"featured_media":40137,"comment_status":"closed","ping_status":"open","sticky":false,"template":"","format":"standard","meta":{"footnotes":""},"categories":[429,1],"tags":[10],"class_list":["post-40125","post","type-post","status-publish","format-standard","has-post-thumbnail","hentry","category-mtb-info","category-uncategorized-cs","tag-mtb"],"_links":{"self":[{"href":"https:\/\/www.czechcyclingfederation.com\/en\/wp-json\/wp\/v2\/posts\/40125","targetHints":{"allow":["GET"]}}],"collection":[{"href":"https:\/\/www.czechcyclingfederation.com\/en\/wp-json\/wp\/v2\/posts"}],"about":[{"href":"https:\/\/www.czechcyclingfederation.com\/en\/wp-json\/wp\/v2\/types\/post"}],"author":[{"embeddable":true,"href":"https:\/\/www.czechcyclingfederation.com\/en\/wp-json\/wp\/v2\/users\/9"}],"replies":[{"embeddable":true,"href":"https:\/\/www.czechcyclingfederation.com\/en\/wp-json\/wp\/v2\/comments?post=40125"}],"version-history":[{"count":2,"href":"https:\/\/www.czechcyclingfederation.com\/en\/wp-json\/wp\/v2\/posts\/40125\/revisions"}],"predecessor-version":[{"id":40139,"href":"https:\/\/www.czechcyclingfederation.com\/en\/wp-json\/wp\/v2\/posts\/40125\/revisions\/40139"}],"wp:featuredmedia":[{"embeddable":true,"href":"https:\/\/www.czechcyclingfederation.com\/en\/wp-json\/wp\/v2\/media\/40137"}],"wp:attachment":[{"href":"https:\/\/www.czechcyclingfederation.com\/en\/wp-json\/wp\/v2\/media?parent=40125"}],"wp:term":[{"taxonomy":"category","embeddable":true,"href":"https:\/\/www.czechcyclingfederation.com\/en\/wp-json\/wp\/v2\/categories?post=40125"},{"taxonomy":"post_tag","embeddable":true,"href":"https:\/\/www.czechcyclingfederation.com\/en\/wp-json\/wp\/v2\/tags?post=40125"}],"curies":[{"name":"wp","href":"https:\/\/api.w.org\/{rel}","templated":true}]}}