{"id":40073,"date":"2026-03-08T13:46:58","date_gmt":"2026-03-08T12:46:58","guid":{"rendered":"https:\/\/www.czechcyclingfederation.com\/?p=40073"},"modified":"2026-03-08T21:14:57","modified_gmt":"2026-03-08T20:14:57","slug":"peterka-a-v-jabornikova-na-zaver-sp-v-australii-sesti","status":"publish","type":"post","link":"https:\/\/www.czechcyclingfederation.com\/en\/peterka-a-v-jabornikova-na-zaver-sp-v-australii-sesti\/","title":{"rendered":"Peterka a V. Jaborn\u00edkov\u00e1 na z\u00e1v\u011br SP v\u00a0Austr\u00e1lii \u0161est\u00ed"},"content":{"rendered":"\n<p><strong>David Peterka <\/strong>ve sprintu a <strong>Veronika Jaborn\u00edkov\u00e1<\/strong> v&nbsp;keirinu brali v&nbsp;posledn\u00ed den Sv\u011btov\u00e9ho poh\u00e1ru dr\u00e1ha\u0159\u016f v&nbsp;Perthu shodn\u011b \u0161est\u00e1 m\u00edsta. <strong>Petra \u0160ev\u010d\u00edkov\u00e1<\/strong> skon\u010dila sedm\u00e1 v&nbsp;omniu a dvojice <strong>Adam K\u0159enek, Maty\u00e1\u0161 Kobl\u00ed\u017eek<\/strong> obsadila \u0161estou p\u0159\u00ed\u010dku v&nbsp;madisonu.<\/p>\n\n\n\n<p>Peterka postoupil z&nbsp;kvalifikace sprintu \u0161est\u00fdm nejlep\u0161\u00edm \u010dasem (9,765), Dominik Topinka des\u00e1t\u00fdm (9,822). V&nbsp;osmifin\u00e1le Peterka porazil N\u011bmce Dornbacha, \u00fa\u0159aduj\u00edc\u00edho vicemistra Evropy na kilometru s&nbsp;pevn\u00fdm startem, Topinka v&nbsp;t\u00e9to f\u00e1zi v&nbsp;sout\u011b\u017ei skon\u010dil, kdy\u017e nesta\u010dil na Japonce Mikakiho.<\/p>\n\n\n\n<p>Ve \u010dtvrtfin\u00e1le Peterka narazil na Australana Hoffmana, dvojn\u00e1sobn\u00e9ho medailistu z\u00a0lo\u0148sk\u00e9ho MS. <em>\u201eV obou j\u00edzd\u00e1ch mu podlehl, Hoffman nakonec skon\u010dil celkov\u011b druh\u00fd. Pro Davida je to kone\u010dn\u00e9 \u0161est\u00e9 m\u00edsto, co\u017e je pro tohoto mlad\u00e9ho z\u00e1vodn\u00edka skv\u011bl\u00fd v\u00fdsledek,\u201c<\/em> hodnotil reprezenta\u010dn\u00ed tren\u00e9r sprinter\u016f <strong>Petr Klime\u0161<\/strong>.<\/p>\n\n\n\n<p>Stejnou p\u0159\u00ed\u010dku vybojovala v&nbsp;keirinu Veronika Jaborn\u00edkov\u00e1. \u201e<em>Z opravy postoupila do semifin\u00e1le, kde byla ve sv\u00e9 j\u00edzd\u011b t\u0159et\u00ed a pro\u0161la do velk\u00e9ho fin\u00e1le. Vylosovala si \u0161estou pozici a hned po odstoupen\u00ed derny se ud\u011blaly mezery, rozjel se takov\u00fd vlak, \u017ee Ver\u010da nem\u011bla moc \u0161anc\u00ed z&nbsp;t\u00e9 \u0161est\u00e9 pozice s&nbsp;t\u00edm n\u011bco ud\u011blat. Ale \u00fa\u010dast ve velk\u00e9m fin\u00e1le se na sv\u011b\u0165\u00e1ku po\u010d\u00edt\u00e1, a i tohle je skv\u011bl\u00fd v\u00fdsledek,\u201c<\/em> \u0159ekl Klime\u0161.<\/p>\n\n\n\n<figure class=\"wp-block-image size-large\"><img loading=\"lazy\" decoding=\"async\" width=\"1024\" height=\"683\" src=\"https:\/\/www.czechcyclingfederation.com\/wp-content\/uploads\/2026\/03\/jabornikova-veronika-1024x683.jpg\" alt=\"\" class=\"wp-image-40075\" srcset=\"https:\/\/www.czechcyclingfederation.com\/wp-content\/uploads\/2026\/03\/jabornikova-veronika-1024x683.jpg 1024w, https:\/\/www.czechcyclingfederation.com\/wp-content\/uploads\/2026\/03\/jabornikova-veronika-300x200.jpg 300w, https:\/\/www.czechcyclingfederation.com\/wp-content\/uploads\/2026\/03\/jabornikova-veronika-768x512.jpg 768w, https:\/\/www.czechcyclingfederation.com\/wp-content\/uploads\/2026\/03\/jabornikova-veronika-1536x1024.jpg 1536w, https:\/\/www.czechcyclingfederation.com\/wp-content\/uploads\/2026\/03\/jabornikova-veronika-2048x1366.jpg 2048w, https:\/\/www.czechcyclingfederation.com\/wp-content\/uploads\/2026\/03\/jabornikova-veronika-1320x880.jpg 1320w\" sizes=\"auto, (max-width: 1024px) 100vw, 1024px\" \/><\/figure>\n\n\n\n<p>S&nbsp;celkov\u00fdm vystoupen\u00edm sv\u00fdch sv\u011b\u0159enc\u016f byl na \u00favodn\u00edm z\u00e1vod\u011b SP spokojen. <em>\u201eA\u017e na mu\u017esk\u00fd keirin, kter\u00fd se n\u00e1m \u00fapln\u011b nepovedl, hodnot\u00edm v\u0161e na jedni\u010dku,\u201c<\/em> dodal tren\u00e9r.<\/p>\n\n\n\n<p>Petra \u0160ev\u010d\u00edkov\u00e1 za\u010dala omnium skv\u011ble, kdy\u017e skon\u010dila druh\u00e1 ve scratchi. Pak n\u00e1sledovala 6. p\u0159\u00ed\u010dka v&nbsp;tempo race, 7. v&nbsp;eliminaci a v&nbsp;z\u00e1v\u011bre\u010dn\u00e9 bodova\u010dce byla z\u00e1vodnice Dukly Praha osm\u00e1. V&nbsp;kone\u010dn\u00e9m \u00fa\u010dtov\u00e1n\u00ed to znamenalo sedm\u00e9 m\u00edsto.<\/p>\n\n\n\n<p><em>\u201ePetra v omniu za\u010dala druh\u00fdm m\u00edstem ve scratchi v\u00fdborn\u011b zvl\u00e1dnut\u00fdm z\u00e1v\u011bre\u010dn\u00fdm spurtem. Ve druh\u00e9 discipl\u00edn\u011b se po n\u011bkolika n\u00e1stupech vytvo\u0159ila skupinka p\u011bti z\u00e1vodnic, kde Petra chyb\u011bla ale dok\u00e1zalae v druh\u00e9 \u010d\u00e1sti bodovat a dojela \u0161est\u00e1. Vylu\u010dovac\u00ed z\u00e1vod se Pet\u0159e nevyda\u0159il podle p\u0159edstav. Po zav\u00e1h\u00e1n\u00ed dojela sedm\u00e1, ale i tak do z\u00e1v\u011bre\u010dn\u00e9 bodova\u010dky nastupovala ze 4. m\u00edsta. Posledn\u00ed bodova\u010dka vypadala nad\u011bjn\u011b do poloviny, kde st\u00e1le Petra byla na 4. m\u00edst\u011b. Z\u00e1v\u011br j\u00ed ale bohu\u017eel nevy\u0161el a propadla se a\u017e na sedm\u00e9 m\u00edsto,\u201c <\/em>hodnotil omnium reprezenta\u010dn\u00ed tren\u00e9r vytrvalc\u016f <strong>Milan Kadlec<\/strong>.<\/p>\n\n\n\n<p>V\u00a0mu\u017esk\u00e9m madisonu byli Maty\u00e1\u0161 Kobl\u00ed\u017eek s\u00a0Adamem K\u0159enkem \u0161est\u00ed z\u00a0dev\u00edti startuj\u00edc\u00edch dvojic. <em>\u201eZ\u00e1vod se vyv\u00edjel v\u00fdborn\u011b do prvn\u00ed poloviny, kde se da\u0159ilo v bodovac\u00edch spurtech a na\u0161e dvojice dr\u017eela pr\u016fb\u011b\u017en\u00e9 t\u0159et\u00ed m\u00edsto. Po polovin\u011b se situace za\u010dala vyrovn\u00e1vat a v z\u00e1vod\u011b z\u016fstalo 6 dvojic se \u0161anc\u00ed na p\u00f3diov\u00e9 um\u00edst\u011bn\u00ed. V posledn\u00ed t\u0159etin\u011b z\u00e1vodu se kluk\u016fm ji\u017e neda\u0159ilo dob\u0159e pozi\u010dn\u011b a po drobn\u00fdch chyb\u00e1ch se propadli na kone\u010dn\u00e9 \u0161est\u00e9 m\u00edsto, co\u017e je velk\u00e1 \u0161koda, dnes to bylo bl\u00edzko,\u201c<\/em> p\u0159iznal Kadlec.<\/p>\n\n\n\n<p><strong>V\u00fdsledky &#8211; mu\u017ei, madison: <\/strong>1. N\u011bmecko (Augenstein, Kluge) 72 b., \u2026 <strong>6. \u010cR (Kobl\u00ed\u017eek, K\u0159enek) <\/strong>20.<\/p>\n\n\n\n<p><strong>Sprint, fin\u00e1le: <\/strong>Richardson (Brit.) \u2013 Hoffman (Austr.) 2:0, <strong>o 3. m\u00edsto: <\/strong>Awang (Malajsie) \u2013 Jakovlev (Izr.) 2:0, \u2026 <strong>6. Peterka, 10. Topinka <\/strong>(oba \u010cR).<\/p>\n\n\n\n<p><strong>\u017deny, omnium:<\/strong> 1. Stenbergov\u00e1 (Nor.) 135, 2. Uchinov\u00e1 (Jap.) 130, 3. Leeov\u00e1 (Hongkong) 117, \u2026 <strong>7. \u0160ev\u010d\u00edkov\u00e1 <\/strong>(\u010cR) 100.<\/p>\n\n\n\n<p><strong>Keirin: <\/strong>1. McCaigov\u00e1 (Austr.), 2. Lysenkov\u00e1 (AIN), 3. Juanov\u00e1 (\u010c\u00edna), \u2026 <strong>6. V. Jaborn\u00edkov\u00e1 <\/strong>(\u010cR).<\/p>\n\n\n\n<p>Foto: Filip Bezd\u011bk<\/p>\n","protected":false},"excerpt":{"rendered":"<p>David Peterka ve sprintu a Veronika Jaborn\u00edkov\u00e1 v&nbsp;keirinu brali v&nbsp;posledn\u00ed den Sv\u011btov\u00e9ho poh\u00e1ru dr\u00e1ha\u0159\u016f v&nbsp;Perthu shodn\u011b \u0161est\u00e1 m\u00edsta. Petra \u0160ev\u010d\u00edkov\u00e1 skon\u010dila sedm\u00e1 v&nbsp;omniu a dvojice Adam K\u0159enek, Maty\u00e1\u0161 Kobl\u00ed\u017eek obsadila \u0161estou p\u0159\u00ed\u010dku v&nbsp;madisonu. Peterka postoupil z&nbsp;kvalifikace sprintu \u0161est\u00fdm nejlep\u0161\u00edm \u010dasem (9,765), Dominik Topinka des\u00e1t\u00fdm (9,822). V&nbsp;osmifin\u00e1le Peterka porazil N\u011bmce Dornbacha, \u00fa\u0159aduj\u00edc\u00edho vicemistra Evropy na kilometru [&hellip;]<\/p>\n","protected":false},"author":15,"featured_media":39513,"comment_status":"closed","ping_status":"open","sticky":false,"template":"","format":"standard","meta":{"footnotes":""},"categories":[54,2],"tags":[9],"class_list":["post-40073","post","type-post","status-publish","format-standard","has-post-thumbnail","hentry","category-draha","category-novinky","tag-draha"],"_links":{"self":[{"href":"https:\/\/www.czechcyclingfederation.com\/en\/wp-json\/wp\/v2\/posts\/40073","targetHints":{"allow":["GET"]}}],"collection":[{"href":"https:\/\/www.czechcyclingfederation.com\/en\/wp-json\/wp\/v2\/posts"}],"about":[{"href":"https:\/\/www.czechcyclingfederation.com\/en\/wp-json\/wp\/v2\/types\/post"}],"author":[{"embeddable":true,"href":"https:\/\/www.czechcyclingfederation.com\/en\/wp-json\/wp\/v2\/users\/15"}],"replies":[{"embeddable":true,"href":"https:\/\/www.czechcyclingfederation.com\/en\/wp-json\/wp\/v2\/comments?post=40073"}],"version-history":[{"count":7,"href":"https:\/\/www.czechcyclingfederation.com\/en\/wp-json\/wp\/v2\/posts\/40073\/revisions"}],"predecessor-version":[{"id":40083,"href":"https:\/\/www.czechcyclingfederation.com\/en\/wp-json\/wp\/v2\/posts\/40073\/revisions\/40083"}],"wp:featuredmedia":[{"embeddable":true,"href":"https:\/\/www.czechcyclingfederation.com\/en\/wp-json\/wp\/v2\/media\/39513"}],"wp:attachment":[{"href":"https:\/\/www.czechcyclingfederation.com\/en\/wp-json\/wp\/v2\/media?parent=40073"}],"wp:term":[{"taxonomy":"category","embeddable":true,"href":"https:\/\/www.czechcyclingfederation.com\/en\/wp-json\/wp\/v2\/categories?post=40073"},{"taxonomy":"post_tag","embeddable":true,"href":"https:\/\/www.czechcyclingfederation.com\/en\/wp-json\/wp\/v2\/tags?post=40073"}],"curies":[{"name":"wp","href":"https:\/\/api.w.org\/{rel}","templated":true}]}}