{"id":40069,"date":"2026-03-08T08:37:14","date_gmt":"2026-03-08T07:37:14","guid":{"rendered":"https:\/\/www.czechcyclingfederation.com\/?p=40069"},"modified":"2026-03-08T08:37:17","modified_gmt":"2026-03-08T07:37:17","slug":"krenek-sahal-po-podiu-nakonec-dojel-v-omniu-sesty","status":"publish","type":"post","link":"https:\/\/www.czechcyclingfederation.com\/en\/krenek-sahal-po-podiu-nakonec-dojel-v-omniu-sesty\/","title":{"rendered":"K\u0159enek sahal po p\u00f3diu, nakonec dojel v\u00a0omniu \u0161est\u00fd"},"content":{"rendered":"\n<p>O nejlep\u0161\u00ed \u010desk\u00fd v\u00fdsledek druh\u00e9ho dne Sv\u011btov\u00e9ho poh\u00e1ru v&nbsp;dr\u00e1hov\u00e9 cyklistice v&nbsp;australsk\u00e9m Perthu se postaral <strong>Adam K\u0159enek<\/strong>, kter\u00fd je\u0161t\u011b p\u0159ed z\u00e1v\u011bre\u010dnou discipl\u00ednou omnia pr\u016fb\u011b\u017en\u011b vedl, a nakonec vybojoval \u0161est\u00e9 m\u00edsto.<\/p>\n\n\n\n<p>Za\u010dal ho velmi dob\u0159e, kdy\u017e skon\u010dil druh\u00fd ve scratchi. V&nbsp;tempo race, eliminaci i bodova\u010dce mu pat\u0159ilo shodn\u011b \u0161est\u00e9 m\u00edsto. A to vybojoval i v&nbsp;celkov\u00e9m hodnocen\u00ed discipl\u00edny.<\/p>\n\n\n\n<p><em>\u201eAdam za\u010dal skv\u011ble zvl\u00e1dnut\u00fdm z\u00e1v\u011brem ve scratchi, kdy udr\u017eel nervy a v\u00fdborn\u00fdm spurtem dojel na druh\u00e9 pozici. V prvenstv\u00ed na p\u00e1sce se mu poda\u0159ilo za\u00fato\u010dit, po deseti kolech spole\u010dn\u011b s Australanem dali okruh n\u00e1skoku, co\u017e vyneslo Adamovi \u0161est\u00e9 m\u00edsto,\u201c <\/em>popisoval reprezenta\u010dn\u00ed tren\u00e9r Milan Kadlec.<\/p>\n\n\n\n<p>Ve vylu\u010dovac\u00edm z\u00e1vod\u011b si K\u0159enek pohl\u00eddal za\u010d\u00e1tek, kdy jel na jistotu a v z\u00e1v\u011bru i po drobn\u00e9m zav\u00e1h\u00e1n\u00ed dojel na 6. m\u00edst\u011b, co\u017e pr\u016fb\u011b\u017en\u011b znamenalo vedouc\u00ed pozici p\u0159ed z\u00e1v\u011bre\u010dnou bodova\u010dkou!<\/p>\n\n\n\n<p><em>\u201eV bodova\u010dce se bohu\u017eel nepoda\u0159ilo udr\u017eet medailov\u00e9 pozice i kdy\u017e je\u0161t\u011b p\u0159ed posledn\u00edm spurtem Adam st\u00e1le figuroval na t\u0159et\u00ed p\u0159\u00ed\u010dce. I tak je celkov\u00e9 6. m\u00edsto v\u00fdborn\u00fdm v\u00fdsledkem,\u201c<\/em> uvedl Kadlec.<\/p>\n\n\n\n<p>Dal\u0161\u00ed z\u00e1stupci ve vytrvalostn\u00edch discipl\u00edn\u00e1ch u\u017e tak \u00fasp\u011b\u0161n\u00ed nebyli. <strong>Barbora N\u011bmcov\u00e1 s&nbsp;Petrou \u0160ev\u010d\u00edkovou <\/strong>skon\u010dily v&nbsp;madisonu p\u00e1t\u00e9 z&nbsp;\u0161esti startuj\u00edc\u00edch dvojic. <em>\u201eTady n\u00e1m to \u00fapln\u011b nevy\u0161lo podle p\u0159edstav. Startovn\u00ed pole nebylo tak siln\u00e9 jak na jin\u00fdch Sv\u011btov\u00fdch poh\u00e1rech, proto jsme doufali v p\u00f3diov\u00e9 um\u00edst\u011bn\u00ed. V\u00edce jak dv\u011b t\u0159etiny z\u00e1vodu holky dr\u017eely pr\u016fb\u011b\u017en\u00e9 t\u0159et\u00ed m\u00edsto, ale po chybn\u011b zvl\u00e1dnut\u00e9 situaci do\u0161lo ke ztr\u00e1t\u011b kontaktu s pelotonem a bohu\u017eel v samotn\u00e9m z\u00e1v\u011bru i ztr\u00e1t\u011b okruhu, co\u017e v celkov\u00e9m po\u0159ad\u00ed znamenalo p\u00e1t\u00e9 m\u00edsto,\u201c <\/em>popsal Kadlec.<\/p>\n\n\n\n<p><strong>Veronika Jaborn\u00edkov\u00e1 <\/strong>obsadila ve sprintu sedmou p\u0159\u00ed\u010dku. V&nbsp;kvalifikaci zajela sedm\u00fd \u010das (10,800), v&nbsp;osmifin\u00e1le vy\u0159adila \u010c\u00ed\u0148anku Wangovou, ale ve \u010dtvrtfin\u00e1le vystavili \u010desk\u00e9 reprezentantce stop N\u011bmka Friedrichov\u00e1, p\u011btin\u00e1sobn\u00e1 mistryn\u011b sv\u011bta, kter\u00e1 nakonec brala bronz.<\/p>\n\n\n\n<p>V&nbsp;keirinu ani jeden z&nbsp;dvojice \u010cech\u016f neusp\u011bl. <strong>David Peterka i Dominik Topinka<\/strong> skon\u010dili ve sv\u00fdch rozj\u00ed\u017e\u010fk\u00e1ch shodn\u011b \u010dtvrt\u00ed a museli do oprav. Ale i tam jim ob\u011bma o jednu p\u0159\u00ed\u010dku postup do dal\u0161\u00edch boj\u016f unikl.<\/p>\n\n\n\n<p><strong>V\u00fdsledky \u2013 mu\u017ei, omnium: <\/strong>1. Imamura (Jap.) 114 b., 2. Wu (\u010c\u00edna) 108, 3. Frislie (USA) 197, \u2026 <strong>6. K\u0159enek <\/strong>(\u010cR) 100. <strong>Keirin: <\/strong>1. Awang (Malajsie), 2. Richardson (Brit.), 3. Hoffman (Austr.), \u2026 <strong>14. Peterka, 15. Topinka <\/strong>(oba \u010cR).<\/p>\n\n\n\n<p><strong>\u017deny \u2013 sprint, fin\u00e1le: <\/strong>Yuangov\u00e1 (\u010c\u00edna) \u2013 Andrewsov\u00e1 (Austr.) 2:0, <strong>o 3. m\u00edsto: <\/strong>Friedrichov\u00e1 (N\u011bm.) \u2013 Satoov\u00e1 (Jap.) 2:0, \u2026 <strong>7. V. Jaborn\u00edkov\u00e1 <\/strong>(\u010cR). <strong>Madison: <\/strong>1. Japonsko (Kakitaov\u00e1, Uchinov\u00e1) 60 b., <strong>\u2026 5. \u010cR (\u0160ev\u010d\u00edkov\u00e1, N\u011bmcov\u00e1).<\/strong><\/p>\n\n\n\n<p>Foto: Filip Bezd\u011bk<\/p>\n","protected":false},"excerpt":{"rendered":"<p>O nejlep\u0161\u00ed \u010desk\u00fd v\u00fdsledek druh\u00e9ho dne Sv\u011btov\u00e9ho poh\u00e1ru v&nbsp;dr\u00e1hov\u00e9 cyklistice v&nbsp;australsk\u00e9m Perthu se postaral Adam K\u0159enek, kter\u00fd je\u0161t\u011b p\u0159ed z\u00e1v\u011bre\u010dnou discipl\u00ednou omnia pr\u016fb\u011b\u017en\u011b vedl, a nakonec vybojoval \u0161est\u00e9 m\u00edsto. Za\u010dal ho velmi dob\u0159e, kdy\u017e skon\u010dil druh\u00fd ve scratchi. V&nbsp;tempo race, eliminaci i bodova\u010dce mu pat\u0159ilo shodn\u011b \u0161est\u00e9 m\u00edsto. A to vybojoval i v&nbsp;celkov\u00e9m hodnocen\u00ed discipl\u00edny. [&hellip;]<\/p>\n","protected":false},"author":15,"featured_media":40071,"comment_status":"closed","ping_status":"open","sticky":false,"template":"","format":"standard","meta":{"footnotes":""},"categories":[54,2],"tags":[9],"class_list":["post-40069","post","type-post","status-publish","format-standard","has-post-thumbnail","hentry","category-draha","category-novinky","tag-draha"],"_links":{"self":[{"href":"https:\/\/www.czechcyclingfederation.com\/en\/wp-json\/wp\/v2\/posts\/40069","targetHints":{"allow":["GET"]}}],"collection":[{"href":"https:\/\/www.czechcyclingfederation.com\/en\/wp-json\/wp\/v2\/posts"}],"about":[{"href":"https:\/\/www.czechcyclingfederation.com\/en\/wp-json\/wp\/v2\/types\/post"}],"author":[{"embeddable":true,"href":"https:\/\/www.czechcyclingfederation.com\/en\/wp-json\/wp\/v2\/users\/15"}],"replies":[{"embeddable":true,"href":"https:\/\/www.czechcyclingfederation.com\/en\/wp-json\/wp\/v2\/comments?post=40069"}],"version-history":[{"count":1,"href":"https:\/\/www.czechcyclingfederation.com\/en\/wp-json\/wp\/v2\/posts\/40069\/revisions"}],"predecessor-version":[{"id":40070,"href":"https:\/\/www.czechcyclingfederation.com\/en\/wp-json\/wp\/v2\/posts\/40069\/revisions\/40070"}],"wp:featuredmedia":[{"embeddable":true,"href":"https:\/\/www.czechcyclingfederation.com\/en\/wp-json\/wp\/v2\/media\/40071"}],"wp:attachment":[{"href":"https:\/\/www.czechcyclingfederation.com\/en\/wp-json\/wp\/v2\/media?parent=40069"}],"wp:term":[{"taxonomy":"category","embeddable":true,"href":"https:\/\/www.czechcyclingfederation.com\/en\/wp-json\/wp\/v2\/categories?post=40069"},{"taxonomy":"post_tag","embeddable":true,"href":"https:\/\/www.czechcyclingfederation.com\/en\/wp-json\/wp\/v2\/tags?post=40069"}],"curies":[{"name":"wp","href":"https:\/\/api.w.org\/{rel}","templated":true}]}}