{"id":40048,"date":"2026-03-08T21:16:27","date_gmt":"2026-03-08T20:16:27","guid":{"rendered":"https:\/\/www.czechcyclingfederation.com\/?p=40048"},"modified":"2026-03-08T21:16:30","modified_gmt":"2026-03-08T20:16:30","slug":"jakub-otruba-snovy-program-nam-zajistila-pozvanka-na-tour-de-france","status":"publish","type":"post","link":"https:\/\/www.czechcyclingfederation.com\/en\/jakub-otruba-snovy-program-nam-zajistila-pozvanka-na-tour-de-france\/","title":{"rendered":"Jakub Otruba: Snov\u00fd program n\u00e1m zajistila pozv\u00e1nka na Tour de France"},"content":{"rendered":"\n<p><strong>Monument na z\u00e1v\u011br jara. Jako p\u0159edkrm t\u0159i nesm\u00edrn\u011b atraktivn\u00ed podniky. A v l\u00e9t\u011b pak mo\u017en\u00e1 nejpresti\u017en\u011bj\u0161\u00ed z presti\u017en\u00edch&#8230; Jakub Otruba, z\u00e1vodn\u00edk Caja Rural Seguros RGA, v druh\u00e9 sezon\u011b \u0161pan\u011blsk\u00e9ho anga\u017em\u00e1 za\u017e\u00edv\u00e1 skute\u010dnou cyklistickou poh\u00e1dku. A vypr\u00e1v\u00ed, jak pozv\u00e1nka na Tour de France zm\u011bnila \u017eivoty v\u0161em jezdc\u016fm, ani\u017e by tu\u0161ili, zda v \u010dervenci budou na startu bitvy o \u017elut\u00fd trikot.<\/strong><\/p>\n\n\n\n<p><strong>Na\u010dal jste druhou sezonu mezi elitou etapov\u00fdm z\u00e1vodem Kolem Valencie, jednor\u00e1zovkou Figueira Classic a p\u011btidenn\u00ed bitvou Kolem Algarve. Jak velk\u00fd posun jste ud\u011blal b\u011bhem zimn\u00ed p\u0159est\u00e1vky?<\/strong><\/p>\n\n\n\n<p>Ur\u010dit\u011b jsem se v\u00fdkonnostn\u011b posunul a proti lo\u0148sk\u00e9 sezon\u011b ud\u011blal progres. P\u0159ekon\u00e1v\u00e1m rekordy na t\u0159i, p\u011bt, osm \u010di deset minut. T\u0159eba p\u0159i kr\u00e1lovsk\u00e9 etap\u011b Kolem Valencie jsem m\u011bl na \u010dty\u0159i hodiny pr\u016fm\u011br 350 watt\u016f, co\u017e by mi p\u0159ed dv\u011bma lety p\u0159i\u0161lo jako tot\u00e1ln\u00ed sci-fi. \u010c\u00edsla v\u0161ak nejsou v\u0161echno. Svoje hodnoty mohu sice rovnat se zbytkem pelotonu, jen\u017ee v z\u00e1vodech jde i o dobrou pozici. T\u0159eba p\u0159i Figueira Classic jsem m\u011bl v\u00fdborn\u00e1 \u010d\u00edsla a c\u00edtil se skv\u011ble. Jen\u017ee do c\u00edlov\u00e9ho kopce jsem naj\u00ed\u017ed\u011bl na sedmdes\u00e1t\u00e9 pozici.<\/p>\n\n\n\n<p><strong>Existuje zp\u016fsob, jak situaci zm\u011bnit?<\/strong><\/p>\n\n\n\n<p>N\u011bkdy se nesm\u00edm b\u00e1t str\u010dit \u0159\u00edd\u00edtka mezi ty nejlep\u0161\u00ed lidi. Ud\u011blat si pozici s\u00e1m. Jakmile si \u010dlov\u011bk \u0159ekne, \u017ee se nechce loktovat nebo n\u011bkde tla\u010dit, tak to je \u0161patn\u011b. Mus\u00edm se spolehnout hlavn\u011b s\u00e1m na sebe. Nebo zaz\u00e1\u0159it v \u010dasovce, kde tla\u010denici \u0159e\u0161it nemus\u00edm a jde o \u010dist\u00fd v\u00fdkon.<\/p>\n\n\n\n<figure class=\"wp-block-image size-large\"><img loading=\"lazy\" decoding=\"async\" width=\"1024\" height=\"683\" src=\"http:\/\/www.czechcyclingfederation.com\/wp-content\/uploads\/2026\/03\/D2-MCRMSR-Slovensko-_-\u00a9Filip-Bezdek-2025-18-1024x683.jpg\" alt=\"\" class=\"wp-image-40059\" srcset=\"https:\/\/www.czechcyclingfederation.com\/wp-content\/uploads\/2026\/03\/D2-MCRMSR-Slovensko-_-\u00a9Filip-Bezdek-2025-18-1024x683.jpg 1024w, https:\/\/www.czechcyclingfederation.com\/wp-content\/uploads\/2026\/03\/D2-MCRMSR-Slovensko-_-\u00a9Filip-Bezdek-2025-18-300x200.jpg 300w, https:\/\/www.czechcyclingfederation.com\/wp-content\/uploads\/2026\/03\/D2-MCRMSR-Slovensko-_-\u00a9Filip-Bezdek-2025-18-768x512.jpg 768w, https:\/\/www.czechcyclingfederation.com\/wp-content\/uploads\/2026\/03\/D2-MCRMSR-Slovensko-_-\u00a9Filip-Bezdek-2025-18-1536x1024.jpg 1536w, https:\/\/www.czechcyclingfederation.com\/wp-content\/uploads\/2026\/03\/D2-MCRMSR-Slovensko-_-\u00a9Filip-Bezdek-2025-18-2048x1365.jpg 2048w, https:\/\/www.czechcyclingfederation.com\/wp-content\/uploads\/2026\/03\/D2-MCRMSR-Slovensko-_-\u00a9Filip-Bezdek-2025-18-1320x880.jpg 1320w\" sizes=\"auto, (max-width: 1024px) 100vw, 1024px\" \/><\/figure>\n\n\n\n<p><strong>Na z\u00e1sadn\u00ed pomoc od t\u00fdmov\u00fdch koleg\u016f se spolehnout nelze?<\/strong><\/p>\n\n\n\n<p>Jezd\u00edme hlavn\u011b na UCI body, abychom byli vysoko v \u017eeb\u0159\u00ed\u010dku. To je pro t\u00fdm Caja Rural Seguros RGA kl\u00ed\u010dov\u00e9. Poka\u017ed\u00e9 chceme b\u00fdt co nejv\u00edce vp\u0159edu, ka\u017edou jednu etapu. Tak\u017ee v\u0161ichni jezd\u00ed tak tro\u0161ku na sebe. Do prvn\u00edch etap v\u017edy vstupujeme s t\u00edm, \u017ee m\u00e1me volnost. Neur\u010duje se l\u00eddr. A\u017e kdy\u017e z\u00e1vod postoup\u00ed a n\u011bkdo je v celkov\u00e9m po\u0159ad\u00ed v\u00e1\u017en\u011b vysoko na na\u0161e pom\u011bry, ostatn\u00ed jedou pro n\u011bj.<\/p>\n\n\n\n<p><strong>Tak\u017ee trikot Caja Rural Seguros RGA v\u00e1m pozici v r\u00e1mci bal\u00edku nezaru\u010duje?<\/strong><\/p>\n\n\n\n<p>Posunuli jsme se v \u017eeb\u0159\u00ed\u010dku UCI a respekt v bal\u00edku m\u00e1me ur\u010dit\u011b v\u011bt\u0161\u00ed, ne\u017e kdy\u017e jsem do t\u00fdmu vstupoval. Ale t\u0159eba etap\u00e1k Kolem Valencie jelo dev\u011bt t\u00fdm\u016f World Tour. Jsou vyrovnan\u00e9 na \u010dele a nepust\u00ed nikoho mezi sebe. \u010clov\u011bk je odk\u00e1zan\u00fd s\u00e1m na sebe. Po\u0159\u00e1d si d\u011bl\u00e1 pozici. L\u00edd\u0159i nejlep\u0161\u00edch t\u00fdm\u016f jedou v klidu na \u010dele. N\u011bkdy se z\u00e1vod\u00ed po \u00fazk\u00fdch silnic\u00edch, hodn\u011b fouk\u00e1. \u010clov\u011bk si dvacetkr\u00e1t za z\u00e1vod hr\u00e1bne, jenom aby se vr\u00e1til na pozici, kterou m\u011bl. A kdy\u017e p\u0159ijede na posledn\u00ed hodinu, m\u016f\u017ee ta energie chyb\u011bt.<\/p>\n\n\n\n<p><strong>Je\u0161t\u011b v polovin\u011b \u0159\u00edjna minul\u00e9ho roku jste z\u00e1vodil, prvn\u00ed podnik sezony jste absolvoval v z\u00e1v\u011bru ledna. Kdy je vlastn\u011b prostor na tak kvalitn\u00ed tr\u00e9ninky, aby v\u00fdkonnost rostla?<\/strong><\/p>\n\n\n\n<p>Vypl\u00fdv\u00e1 to sp\u00ed\u0161e ze z\u00e1vodn\u00edho programu na vysok\u00e9 \u00farovni. Minul\u00fd rok jsem m\u011bl sedmdes\u00e1t sedm z\u00e1vodn\u00edch dn\u016f. A v\u0161echny hodn\u011b kvalitn\u00ed. To d\u011bl\u00e1 nejv\u011bt\u0161\u00ed posun. V tr\u00e9ninku moc zm\u011bn nen\u00ed. A vlastn\u011b ani nen\u00ed n\u011bjak\u00fd z\u00e1sadn\u00ed prostor p\u0159i tak nabit\u00e9m kalend\u00e1\u0159i \u0159\u00edct, si, \u017ee dva m\u011bs\u00edce budu systematicky pracovat na konkr\u00e9tn\u00ed v\u011bci. J\u00e1 t\u0159eba u\u017e v lednu s n\u011bkter\u00fdmi kolegy absolvoval vysokohorsk\u00e9 soust\u0159ed\u011bn\u00ed v Sierra Nevad\u011b.<\/p>\n\n\n\n<p><strong>Pro v\u00e1\u0161 \u0161lo o novinku v tomto obdob\u00ed?<\/strong><\/p>\n\n\n\n<p>B\u00fdval jsem zvykl\u00fd v lednu naj\u00ed\u017ed\u011bt objem, tr\u00e1vit na kole del\u0161\u00ed hodiny. Tak\u017ee \u0161lo o z\u00e1sadn\u00ed zm\u011bnu. Moc jsem nev\u011bd\u011bl, co si myslet, kdy\u017e m\u011b t\u00fdm vybral. Byli jsme tam patn\u00e1ct dn\u00ed. A mus\u00edm \u0159\u00edct, \u017ee \u0161lo o zm\u011bnu, co m\u011b moc bavila.<\/p>\n\n\n\n<figure class=\"wp-block-image size-large\"><img loading=\"lazy\" decoding=\"async\" width=\"819\" height=\"1024\" src=\"http:\/\/www.czechcyclingfederation.com\/wp-content\/uploads\/2026\/03\/MCRMSR-Banovce-nad-Bebravou-Muzi-Elite-_-\u00a9Filip-Bezdek-2025-61-819x1024.jpg\" alt=\"\" class=\"wp-image-40055\" srcset=\"https:\/\/www.czechcyclingfederation.com\/wp-content\/uploads\/2026\/03\/MCRMSR-Banovce-nad-Bebravou-Muzi-Elite-_-\u00a9Filip-Bezdek-2025-61-819x1024.jpg 819w, https:\/\/www.czechcyclingfederation.com\/wp-content\/uploads\/2026\/03\/MCRMSR-Banovce-nad-Bebravou-Muzi-Elite-_-\u00a9Filip-Bezdek-2025-61-160x200.jpg 160w, https:\/\/www.czechcyclingfederation.com\/wp-content\/uploads\/2026\/03\/MCRMSR-Banovce-nad-Bebravou-Muzi-Elite-_-\u00a9Filip-Bezdek-2025-61-768x960.jpg 768w, https:\/\/www.czechcyclingfederation.com\/wp-content\/uploads\/2026\/03\/MCRMSR-Banovce-nad-Bebravou-Muzi-Elite-_-\u00a9Filip-Bezdek-2025-61-1229x1536.jpg 1229w, https:\/\/www.czechcyclingfederation.com\/wp-content\/uploads\/2026\/03\/MCRMSR-Banovce-nad-Bebravou-Muzi-Elite-_-\u00a9Filip-Bezdek-2025-61-1639x2048.jpg 1639w, https:\/\/www.czechcyclingfederation.com\/wp-content\/uploads\/2026\/03\/MCRMSR-Banovce-nad-Bebravou-Muzi-Elite-_-\u00a9Filip-Bezdek-2025-61-1320x1650.jpg 1320w, https:\/\/www.czechcyclingfederation.com\/wp-content\/uploads\/2026\/03\/MCRMSR-Banovce-nad-Bebravou-Muzi-Elite-_-\u00a9Filip-Bezdek-2025-61-scaled.jpg 2048w\" sizes=\"auto, (max-width: 819px) 100vw, 819px\" \/><\/figure>\n\n\n\n<p><strong>T\u00fdm Caja Rural Seguros RGA dostal pozv\u00e1nku na Tour de France 2026. Z\u00e1vodn\u00edci v\u011bd\u011bli v p\u0159edstihu, \u017ee budete sou\u010d\u00e1st\u00ed Grand D\u00e9part v Barcelon\u011b 4. \u010dervence?<\/strong><\/p>\n\n\n\n<p>V\u016fbec. Zjistili jsme to jako v\u011bt\u0161ina lid\u00ed ze soci\u00e1ln\u00edch s\u00edt\u00ed. U\u017e v pr\u016fb\u011bhu Vuelty 2025 sice zazn\u00edvaly hlasy, \u017ee m\u00e1me v\u011bt\u0161\u00ed \u0161anci na Tour de France ne\u017e opakov\u00e1n\u00ed \u0161pan\u011blsk\u00e9 Grand Tour, ale moc jsme to ne\u0159e\u0161ili. Vzhledem k rotaci \u0161pan\u011blsk\u00fdch druhodivizn\u00edch t\u00fdm\u016f na Vuelt\u011b ji letos pojedou konkuren\u010dn\u00ed formace Burgos a Kern. Tak\u017ee jsme doufali, \u017ee dostaneme pozv\u00e1nku na italsk\u00e9 Giro. V\u0161ichni si mysleli, \u017ee Tour de France dostane Unibet Rockets. Kdy\u017e pak veden\u00ed A.S.O. ozn\u00e1milo, \u017ee pojedeme Tour de France, v\u0161em n\u00e1m spadla bradla.<\/p>\n\n\n\n<p><strong>Co pro \u0161pan\u011blsk\u00fd druhodivizn\u00ed t\u00fdm znamen\u00e1 pozv\u00e1nka na nejv\u011bt\u0161\u00ed etapov\u00fd z\u00e1vod planety?<\/strong><\/p>\n\n\n\n<p>Pro z\u00e1vodn\u00edky obrovskou p\u0159\u00edle\u017eitost. A mysl\u00edm, \u017ee jde o odm\u011bnu cel\u00e9mu t\u00fdmu za cel\u00e9 jeho fungov\u00e1n\u00ed. Bez rozd\u00edlu mezi z\u00e1vodn\u00edky, sportovn\u00edmi \u0159editeli nebo zam\u011bstnanci p\u016fjde o vrchol. T\u00edm sp\u00ed\u0161e, \u017ee se startuje ve \u0160pan\u011blsku. Nav\u00edc \u00fa\u010dast na Tour de France m\u00e1 fantastick\u00fd efekt v podob\u011b mo\u017enosti jet dal\u0161\u00ed v\u00fdjime\u010dn\u00e9 z\u00e1vody World Tour. Dostali jsme pozv\u00e1nky na nejlep\u0161\u00ed akce, z\u00e1vodn\u00ed kalend\u00e1\u0159 se v\u00fdrazn\u011b zm\u011bnil k lep\u0161\u00edmu.<\/p>\n\n\n\n<p><strong>M\u016f\u017eete tedy prozradit program, kter\u00fd v\u00e1s po absolvov\u00e1n\u00ed Kolem Algarve \u010dek\u00e1?<\/strong><\/p>\n\n\n\n<p>Te\u010f m\u011b \u010dek\u00e1 etapov\u00fd z\u00e1vod Tirreno-Adriatico, pak Amstel Gold Race, Valonsk\u00fd \u0161\u00edp a Lutych-Bastogne-Lutych. Krom\u011b toho je\u0161t\u011b Kolem Ma\u010farska, a pak dal\u0161\u00ed men\u0161\u00ed etapov\u00e9 \u010di jednor\u00e1zov\u00e9 z\u00e1vody.<\/p>\n\n\n\n<p><strong>Vytvo\u0159il t\u00fdm seznam vybran\u00fdch adept\u016f pro start na Tour de France? Figuruje va\u0161e jm\u00e9no mezi vyvolen\u00fdmi?<\/strong><\/p>\n\n\n\n<p>\u017d\u00e1dn\u00e1 ofici\u00e1ln\u00ed nominace nen\u00ed. Existuje \u0161ir\u0161\u00ed v\u00fdb\u011br dvan\u00e1cti lid\u00ed, kte\u0159\u00ed pojedou v kv\u011btnu na vysokohorsk\u00e9 soust\u0159ed\u011bn\u00ed. A n\u00e1sledn\u011b teprve veden\u00ed ur\u010d\u00ed definitivn\u00ed osmi\u010dku pro Tour de France. Ur\u010dit\u011b m\u00e1m nad\u011bji. Z\u00e1le\u017e\u00ed, jakou strategii se veden\u00ed rozhodne p\u0159i Tour uplat\u0148ovat. Pokud bychom se zam\u011b\u0159ili na \u00faniky a \u010dasovky, budu pro t\u00fdm platn\u00fd. Jestli se t\u00fdm rozhodne zkusit c\u00edlit t\u0159eba pravideln\u011b na top des\u00edtku v etap\u00e1ch, moje \u0161ance budou men\u0161\u00ed. Ka\u017edop\u00e1dn\u011b v \u0161ir\u0161\u00edm v\u00fdb\u011bru bych figurovat m\u011bl.<\/p>\n\n\n\n<p><strong>U\u017e jste si studoval, co by v\u00e1s p\u0159\u00edpadn\u011b na Tour de France \u010dekalo? Ned\u011bs\u00ed v\u00e1s brut\u00e1ln\u00ed p\u0159ev\u00fd\u0161en\u00ed?<\/strong><\/p>\n\n\n\n<p>Itiner\u00e1\u0159 jsem si pro\u0161el. A kdybych m\u011bl startovat na Tour de France, v\u0161echno by bylo zalit\u00e9 sluncem a \u00fapln\u011b v r\u016f\u017eov\u00fdch barv\u00e1ch\u2026 To by mi nevadilo ani b\u00fdt \u0161est m\u011bs\u00edc\u016f z domu kv\u016fli p\u0159\u00edprav\u011b, proto\u017ee Tour je prost\u011b vrchol.<\/p>\n\n\n\n<p><strong>Mrzelo by v\u00e1s hodn\u011b, kdyby tahle p\u0159\u00edle\u017eitost proklouzla mezi prsty?<\/strong><\/p>\n\n\n\n<p>I tak m\u00e1m v programu mnoho p\u011bkn\u00fdch z\u00e1vod\u016f. Ale Tour je prost\u011b n\u011bco \u00fapln\u011b ust\u0159elen\u00e9ho. Kdy\u017e \u0159eknu, \u017ee budu startovat na Lutychu lidem ve sv\u00e9m okol\u00ed, maj\u00ed p\u0159ehled a berou to jako \u00fasp\u011bch. Ale v o\u010d\u00edch \u0161ir\u0161\u00ed ve\u0159ejnosti je Tour jedine\u010dn\u00e1.<\/p>\n\n\n\n<figure class=\"wp-block-image size-large\"><img loading=\"lazy\" decoding=\"async\" width=\"1024\" height=\"683\" src=\"http:\/\/www.czechcyclingfederation.com\/wp-content\/uploads\/2026\/03\/MCRMSR-Banovce-nad-Bebravou-Casovka-_-\u00a9Filip-Bezdek-2025-137-1024x683.jpg\" alt=\"\" class=\"wp-image-40062\" srcset=\"https:\/\/www.czechcyclingfederation.com\/wp-content\/uploads\/2026\/03\/MCRMSR-Banovce-nad-Bebravou-Casovka-_-\u00a9Filip-Bezdek-2025-137-1024x683.jpg 1024w, https:\/\/www.czechcyclingfederation.com\/wp-content\/uploads\/2026\/03\/MCRMSR-Banovce-nad-Bebravou-Casovka-_-\u00a9Filip-Bezdek-2025-137-300x200.jpg 300w, https:\/\/www.czechcyclingfederation.com\/wp-content\/uploads\/2026\/03\/MCRMSR-Banovce-nad-Bebravou-Casovka-_-\u00a9Filip-Bezdek-2025-137-768x512.jpg 768w, https:\/\/www.czechcyclingfederation.com\/wp-content\/uploads\/2026\/03\/MCRMSR-Banovce-nad-Bebravou-Casovka-_-\u00a9Filip-Bezdek-2025-137-1536x1024.jpg 1536w, https:\/\/www.czechcyclingfederation.com\/wp-content\/uploads\/2026\/03\/MCRMSR-Banovce-nad-Bebravou-Casovka-_-\u00a9Filip-Bezdek-2025-137-2048x1365.jpg 2048w, https:\/\/www.czechcyclingfederation.com\/wp-content\/uploads\/2026\/03\/MCRMSR-Banovce-nad-Bebravou-Casovka-_-\u00a9Filip-Bezdek-2025-137-1320x880.jpg 1320w\" sizes=\"auto, (max-width: 1024px) 100vw, 1024px\" \/><\/figure>\n\n\n\n<p><strong>Kdy\u017e zmi\u0148ujete nejstar\u0161\u00ed Monument cyklistick\u00e9 historie &#8211; Lutych-Bastogne-Lutych &#8211; p\u0159evl\u00e1d\u00e1 sp\u00ed\u0161e nad\u0161en\u00ed \u010di obava z brut\u00e1ln\u00ed porce 250 kilometr\u016f?<\/strong><\/p>\n\n\n\n<p>Vn\u00edm\u00e1m to jako velk\u00fd den v \u017eivot\u011b. Nevid\u00edm to utrpen\u00ed, co z\u00e1vod obn\u00e1\u0161\u00ed. Ale jm\u00e9no a historii. Neboj\u00edm se d\u0159iny. Sp\u00ed\u0161e si uv\u011bdomuji, \u017ee m\u011b \u010dek\u00e1 p\u00e1r hodin skute\u010dn\u011b t\u011b\u017ek\u00e9 pr\u00e1ce a nechci zklamat sebe ani t\u00fdm.<\/p>\n\n\n\n<p><strong>M\u00e1te vybran\u00e9 n\u011bkter\u00e9 z podnik\u016f, kde byste cht\u011bl zkusit b\u00fdt hodn\u011b vysoko v po\u0159ad\u00ed?<\/strong><\/p>\n\n\n\n<p>Cel\u00e1 tahle sezona bude vrchol\u2026 Nem\u016f\u017eu o\u010dek\u00e1vat, \u017ee by se n\u011bkde jelo vylo\u017een\u011b na m\u011b. Na Amstel Gold Race, Valonsk\u00e9m \u0161\u00edpu \u010di Lutychu je hodn\u011b UCI bod\u016f, na kter\u00e9 t\u00fdm c\u00edl\u00ed. Tak\u017ee to bude urvi, co m\u016f\u017ee\u0161. Nejv\u00edce chci b\u00fdt p\u0159ipraven\u00fd na obdob\u00ed duben, kv\u011bten. Tam se bude rozhodovat o nominaci z\u00e1vodn\u00edk\u016f na Tour de France. Ur\u010dit\u011b se chci zam\u011b\u0159it na \u010dasovky. Ve Valencii jsem byl \u0161estn\u00e1ct\u00fd, na Algarve p\u011bta\u010dty\u0159ic\u00e1t\u00fd. P\u0159i Tirrenu se jede \u010dasovka hned \u00favodn\u00ed den. V It\u00e1lii bych se cht\u011bl pokusit sko\u010dit do n\u011bjak\u00e9ho \u00faniku v okam\u017eiku, kdy bude rozdan\u00e1 bitva o celkov\u00e9 po\u0159ad\u00ed. Dosud tam platilo, \u017ee se v\u011bt\u0161\u00edm \u00fanik\u016fm ob\u010das da\u0159ilo dojet do c\u00edle. Tak zkus\u00edm t\u0159eba n\u011bkterou etapu.<\/p>\n\n\n\n<p>Foto: Filip Bezd\u011bk a Jan Brychta<\/p>\n\n\n\n<p><\/p>\n","protected":false},"excerpt":{"rendered":"<p>Monument na z\u00e1v\u011br jara. Jako p\u0159edkrm t\u0159i nesm\u00edrn\u011b atraktivn\u00ed podniky. A v l\u00e9t\u011b pak mo\u017en\u00e1 nejpresti\u017en\u011bj\u0161\u00ed z presti\u017en\u00edch&#8230; Jakub Otruba, z\u00e1vodn\u00edk Caja Rural Seguros RGA, v druh\u00e9 sezon\u011b \u0161pan\u011blsk\u00e9ho anga\u017em\u00e1 za\u017e\u00edv\u00e1 skute\u010dnou cyklistickou poh\u00e1dku. A vypr\u00e1v\u00ed, jak pozv\u00e1nka na Tour de France zm\u011bnila \u017eivoty v\u0161em jezdc\u016fm, ani\u017e by tu\u0161ili, zda v \u010dervenci budou na startu [&hellip;]<\/p>\n","protected":false},"author":30,"featured_media":40057,"comment_status":"closed","ping_status":"open","sticky":false,"template":"","format":"standard","meta":{"footnotes":""},"categories":[2,18],"tags":[11],"class_list":["post-40048","post","type-post","status-publish","format-standard","has-post-thumbnail","hentry","category-novinky","category-silnice","tag-silnice"],"_links":{"self":[{"href":"https:\/\/www.czechcyclingfederation.com\/en\/wp-json\/wp\/v2\/posts\/40048","targetHints":{"allow":["GET"]}}],"collection":[{"href":"https:\/\/www.czechcyclingfederation.com\/en\/wp-json\/wp\/v2\/posts"}],"about":[{"href":"https:\/\/www.czechcyclingfederation.com\/en\/wp-json\/wp\/v2\/types\/post"}],"author":[{"embeddable":true,"href":"https:\/\/www.czechcyclingfederation.com\/en\/wp-json\/wp\/v2\/users\/30"}],"replies":[{"embeddable":true,"href":"https:\/\/www.czechcyclingfederation.com\/en\/wp-json\/wp\/v2\/comments?post=40048"}],"version-history":[{"count":7,"href":"https:\/\/www.czechcyclingfederation.com\/en\/wp-json\/wp\/v2\/posts\/40048\/revisions"}],"predecessor-version":[{"id":40084,"href":"https:\/\/www.czechcyclingfederation.com\/en\/wp-json\/wp\/v2\/posts\/40048\/revisions\/40084"}],"wp:featuredmedia":[{"embeddable":true,"href":"https:\/\/www.czechcyclingfederation.com\/en\/wp-json\/wp\/v2\/media\/40057"}],"wp:attachment":[{"href":"https:\/\/www.czechcyclingfederation.com\/en\/wp-json\/wp\/v2\/media?parent=40048"}],"wp:term":[{"taxonomy":"category","embeddable":true,"href":"https:\/\/www.czechcyclingfederation.com\/en\/wp-json\/wp\/v2\/categories?post=40048"},{"taxonomy":"post_tag","embeddable":true,"href":"https:\/\/www.czechcyclingfederation.com\/en\/wp-json\/wp\/v2\/tags?post=40048"}],"curies":[{"name":"wp","href":"https:\/\/api.w.org\/{rel}","templated":true}]}}