{"id":40039,"date":"2026-03-06T14:54:06","date_gmt":"2026-03-06T13:54:06","guid":{"rendered":"https:\/\/www.czechcyclingfederation.com\/?p=40039"},"modified":"2026-03-07T08:18:48","modified_gmt":"2026-03-07T07:18:48","slug":"cesi-druzi-v-tymovem-sprintu-na-sp-v-perthu","status":"publish","type":"post","link":"https:\/\/www.czechcyclingfederation.com\/en\/cesi-druzi-v-tymovem-sprintu-na-sp-v-perthu\/","title":{"rendered":"\u010ce\u0161i druz\u00ed v\u00a0t\u00fdmov\u00e9m sprintu na SP v\u00a0Perthu!"},"content":{"rendered":"\n<p>V\u00fdborn\u00e9 druh\u00e9 m\u00edsto obsadili \u010de\u0161t\u00ed reprezentanti v&nbsp;t\u00fdmov\u00e9m sprintu v&nbsp;\u00favodn\u00edm z\u00e1vod\u011b Sv\u011btov\u00e9ho poh\u00e1ru v&nbsp;dr\u00e1hov\u00e9 cyklistice v&nbsp;australsk\u00e9m Perthu. Trio <strong>Adam Rauschgold, Dominik Topinka, David Peterka <\/strong>postoupilo a\u017e do fin\u00e1le, kde o necelou desetinu sekundy podlehlo N\u011bmecku. P\u0159esto slav\u00ed v&nbsp;t\u00e9to discipl\u00edn\u011b historick\u00fd v\u00fdsledek.<\/p>\n\n\n\n<p><em>\u201eJe to vynikaj\u00edc\u00ed v\u00fdsledek. V&nbsp;kvalifikaci jsme byli druz\u00ed, porazili n\u00e1s pouze N\u011bmci, kte\u0159\u00ed m\u011bli v\u00fdhodu, \u017ee tu byli hned od mistrovstv\u00ed Evropy na soust\u0159ed\u011bn\u00ed. Tak\u017ee na dr\u00e1ze byli jako doma. V&nbsp;prvn\u00edm kole jsme dokonce zv\u00edt\u011bzili, ale bylo to i d\u00edky tomu, \u017ee N\u011bmci museli svou j\u00edzdu opakovat kv\u016fli poka\u017een\u00e9mu startu. Ve fin\u00e1le jsme se s&nbsp;nimi utkali, ale o necelou desetinu to nevy\u0161lo. Na jednu stranu n\u00e1s mrz\u00ed, \u017ee jsme nez\u00edskali premi\u00e9rov\u00e9 v\u00edt\u011bzstv\u00ed ve Sv\u011btov\u00e9m poh\u00e1ru, ale i druh\u00e9 m\u00edsto bereme v\u0161ema deseti,\u201c<\/em> \u0159ekl reprezenta\u010dn\u00ed tren\u00e9r sprinter\u016f <strong>Petr Klime\u0161.<\/strong><\/p>\n\n\n\n<figure class=\"wp-block-image size-large\"><img loading=\"lazy\" decoding=\"async\" width=\"1024\" height=\"768\" src=\"https:\/\/www.czechcyclingfederation.com\/wp-content\/uploads\/2026\/03\/team-sprint-2-1-1024x768.jpeg\" alt=\"\" class=\"wp-image-40044\" srcset=\"https:\/\/www.czechcyclingfederation.com\/wp-content\/uploads\/2026\/03\/team-sprint-2-1-1024x768.jpeg 1024w, https:\/\/www.czechcyclingfederation.com\/wp-content\/uploads\/2026\/03\/team-sprint-2-1-267x200.jpeg 267w, https:\/\/www.czechcyclingfederation.com\/wp-content\/uploads\/2026\/03\/team-sprint-2-1-768x576.jpeg 768w, https:\/\/www.czechcyclingfederation.com\/wp-content\/uploads\/2026\/03\/team-sprint-2-1-1536x1152.jpeg 1536w, https:\/\/www.czechcyclingfederation.com\/wp-content\/uploads\/2026\/03\/team-sprint-2-1-1320x990.jpeg 1320w, https:\/\/www.czechcyclingfederation.com\/wp-content\/uploads\/2026\/03\/team-sprint-2-1.jpeg 1600w\" sizes=\"auto, (max-width: 1024px) 100vw, 1024px\" \/><\/figure>\n\n\n\n<p>Z&nbsp;dal\u0161\u00edch \u010desk\u00fdch reprezentant\u016f obsadil b\u011bhem \u00favodn\u00edho dne <strong>Maty\u00e1\u0161 Kobl\u00ed\u017eek<\/strong> sedm\u00e9 m\u00edsto ve vylu\u010dovac\u00edm z\u00e1vod\u011b mu\u017e\u016f, v&nbsp;t\u00e9\u017ee discipl\u00edn\u011b byla mezi \u017eenami <strong>Barbora N\u011bmcov\u00e1<\/strong> des\u00e1t\u00e1.<\/p>\n\n\n\n<p><em>\u201eDo Austr\u00e1lie sice nep\u0159ijely \u00fapln\u011b v\u0161echny t\u00fdmy a z\u00e1vod se jel bez \u00fa\u010dasti n\u011bkter\u00fdch nejlep\u0161\u00edch n\u00e1rod\u016f, ale st\u00e1le to byl Sv\u011btov\u00fd poh\u00e1r s vysokou \u00farovn\u00ed. \u0160lo se do toho s respektem, ale v\u011bd\u011bli jsme, \u017ee by se mohl zajet dobr\u00fd v\u00fdsledek,\u201c<\/em> \u0159\u00edkal Kobl\u00ed\u017eek.<\/p>\n\n\n\n<p><em>\u201ePovedl se mi start, najel jsem rovnou na prvn\u00ed m\u00edsto a z\u016fstal mimo \u00favodn\u00ed souboje. B\u011bhem z\u00e1vodu do\u0161lo k p\u00e1du, kter\u00e9mu jsem se vyhnul, proto\u017ee se stal a\u017e za mnou. Da\u0159ilo se mi dob\u0159e \u0161et\u0159it energii, dr\u017eel jsem se dole a po restartu po p\u00e1du jsem naj\u00ed\u017ed\u011bl op\u011bt z prvn\u00edho m\u00edsta. Kdy\u017e n\u00e1s ve skupin\u011b zbylo sedm, trochu jsem zpomalil a vyjel nahoru, abych si odpo\u010dinul. V tu chv\u00edli jsem lehce zpanika\u0159il a zapomn\u011bl, jak se vyhr\u00e1v\u00e1. Najel jsem na \u0161patnou pozici a u\u017e jsem to nestihl,\u201c<\/em> popisoval z\u00e1vod \u010desk\u00fd reprezentant.<\/p>\n\n\n\n<p><em>\u201eKa\u017edop\u00e1dn\u011b se sedm\u00fdm m\u00edstem jsem velice spokojen\u00fd. Mysl\u00edm si, \u017ee to do budoucna v bodovac\u00edch hierarchi\u00edch pom\u016f\u017ee jak mn\u011b, tak cel\u00e9mu \u010desk\u00e9mu t\u00fdmu. C\u00edtil jsem se dob\u0159e, tak\u017ee v\u011b\u0159\u00edm, \u017ee i madison s Adamem K\u0159enkem by mohl b\u00fdt zaj\u00edmav\u00fd a budeme se sna\u017eit zajet co nejlep\u0161\u00ed v\u00fdsledek,\u201c<\/em> dodal Kobl\u00ed\u017eek.<\/p>\n\n\n\n<p><strong>Mu\u017ei, t\u00fdmov\u00fd sprint, fin\u00e1le: <\/strong>N\u011bmecko (Dornbach, Schroter, Spiegel) 43,230 \u2013 <strong>\u010cR (Rauschgold, Topinka, Peterka)<\/strong> 43,312, o 3. m\u00edsto: \u010c\u00edna 43,503 &#8211; Austr\u00e1lie 44,093.<\/p>\n\n\n\n<p><strong>Vylu\u010dovac\u00ed z\u00e1vod: <\/strong>1. Augenstein (N\u011bm.), 2. Cornish (Austr.), 3. Kokas (Rak.) \u2026 <strong>7. Kobl\u00ed\u017eek <\/strong>(\u010cR).<\/p>\n\n\n\n<p><strong>\u017deny, vylu\u010dovac\u00ed z\u00e1vod: <\/strong>1. Acevedov\u00e1 (Mex.), 2. Stenbergov\u00e1 (Nor.), 3. Lee (\u010c\u00edna), \u2026 <strong>10. N\u011bmcov\u00e1 <\/strong>(\u010cR).<\/p>\n","protected":false},"excerpt":{"rendered":"<p>V\u00fdborn\u00e9 druh\u00e9 m\u00edsto obsadili \u010de\u0161t\u00ed reprezentanti v&nbsp;t\u00fdmov\u00e9m sprintu v&nbsp;\u00favodn\u00edm z\u00e1vod\u011b Sv\u011btov\u00e9ho poh\u00e1ru v&nbsp;dr\u00e1hov\u00e9 cyklistice v&nbsp;australsk\u00e9m Perthu. Trio Adam Rauschgold, Dominik Topinka, David Peterka postoupilo a\u017e do fin\u00e1le, kde o necelou desetinu sekundy podlehlo N\u011bmecku. P\u0159esto slav\u00ed v&nbsp;t\u00e9to discipl\u00edn\u011b historick\u00fd v\u00fdsledek. \u201eJe to vynikaj\u00edc\u00ed v\u00fdsledek. V&nbsp;kvalifikaci jsme byli druz\u00ed, porazili n\u00e1s pouze N\u011bmci, kte\u0159\u00ed m\u011bli v\u00fdhodu, [&hellip;]<\/p>\n","protected":false},"author":15,"featured_media":40040,"comment_status":"closed","ping_status":"open","sticky":false,"template":"","format":"standard","meta":{"footnotes":""},"categories":[54,2],"tags":[9],"class_list":["post-40039","post","type-post","status-publish","format-standard","has-post-thumbnail","hentry","category-draha","category-novinky","tag-draha"],"_links":{"self":[{"href":"https:\/\/www.czechcyclingfederation.com\/en\/wp-json\/wp\/v2\/posts\/40039","targetHints":{"allow":["GET"]}}],"collection":[{"href":"https:\/\/www.czechcyclingfederation.com\/en\/wp-json\/wp\/v2\/posts"}],"about":[{"href":"https:\/\/www.czechcyclingfederation.com\/en\/wp-json\/wp\/v2\/types\/post"}],"author":[{"embeddable":true,"href":"https:\/\/www.czechcyclingfederation.com\/en\/wp-json\/wp\/v2\/users\/15"}],"replies":[{"embeddable":true,"href":"https:\/\/www.czechcyclingfederation.com\/en\/wp-json\/wp\/v2\/comments?post=40039"}],"version-history":[{"count":3,"href":"https:\/\/www.czechcyclingfederation.com\/en\/wp-json\/wp\/v2\/posts\/40039\/revisions"}],"predecessor-version":[{"id":40051,"href":"https:\/\/www.czechcyclingfederation.com\/en\/wp-json\/wp\/v2\/posts\/40039\/revisions\/40051"}],"wp:featuredmedia":[{"embeddable":true,"href":"https:\/\/www.czechcyclingfederation.com\/en\/wp-json\/wp\/v2\/media\/40040"}],"wp:attachment":[{"href":"https:\/\/www.czechcyclingfederation.com\/en\/wp-json\/wp\/v2\/media?parent=40039"}],"wp:term":[{"taxonomy":"category","embeddable":true,"href":"https:\/\/www.czechcyclingfederation.com\/en\/wp-json\/wp\/v2\/categories?post=40039"},{"taxonomy":"post_tag","embeddable":true,"href":"https:\/\/www.czechcyclingfederation.com\/en\/wp-json\/wp\/v2\/tags?post=40039"}],"curies":[{"name":"wp","href":"https:\/\/api.w.org\/{rel}","templated":true}]}}