{"id":40021,"date":"2026-03-04T18:30:36","date_gmt":"2026-03-04T17:30:36","guid":{"rendered":"https:\/\/www.czechcyclingfederation.com\/?p=40021"},"modified":"2026-03-05T11:14:44","modified_gmt":"2026-03-05T10:14:44","slug":"potvrdi-cesi-formu-z-evropy-v-australii-startuje-svetovy-pohar-draharu","status":"publish","type":"post","link":"https:\/\/www.czechcyclingfederation.com\/en\/potvrdi-cesi-formu-z-evropy-v-australii-startuje-svetovy-pohar-draharu\/","title":{"rendered":"Potvrd\u00ed \u010ce\u0161i formu z Evropy? V Austr\u00e1lii startuje Sv\u011btov\u00fd poh\u00e1r dr\u00e1ha\u0159\u016f"},"content":{"rendered":"\n<p>Leto\u0161n\u00ed ro\u010dn\u00edk Sv\u011btov\u00e9ho poh\u00e1ru v dr\u00e1hov\u00e9 cyklistice otev\u00edr\u00e1 \u00favodn\u00ed d\u00edl v australsk\u00e9m Perthu. Na start se od p\u00e1tku do ned\u011ble postav\u00ed i osmi\u010dka \u010desk\u00fdch reprezentant\u016f, kte\u0159\u00ed cht\u011bj\u00ed nav\u00e1zat na solidn\u00ed v\u00fdsledky z ned\u00e1vn\u00e9ho mistrovstv\u00ed Evropy v Turecku. V n\u00e1ro\u010dn\u00fdch klimatick\u00fdch podm\u00ednk\u00e1ch p\u016fjde o hodn\u011b \u2013 ve h\u0159e jsou toti\u017e d\u016fle\u017eit\u00e9 body pro kvalifikaci na podzimn\u00ed sv\u011btov\u00fd \u0161ampion\u00e1t.<\/p>\n\n\n\n<p class=\"has-medium-font-size\"><strong>T\u0159i zast\u00e1vky na cest\u011b do \u0160anghaje<\/strong><\/p>\n\n\n\n<p>Sv\u011btov\u00fd poh\u00e1r se letos skl\u00e1d\u00e1 ze t\u0159\u00ed z\u00e1vod\u016f. Sezona pak vyvrchol\u00ed v polovin\u011b \u0159\u00edjna na mistrovstv\u00ed sv\u011bta.<\/p>\n\n\n\n<p><strong>1. kolo:<\/strong> 6. \u2013 8. b\u0159ezna (Perth, Austr\u00e1lie)<\/p>\n\n\n\n<p><strong>2. kolo:<\/strong> 17. \u2013 19. dubna (Hongkong)<\/p>\n\n\n\n<p><strong>3. kolo:<\/strong> 24. \u2013 26. dubna (Nilai, Malajsie)<\/p>\n\n\n\n<p><strong>Mistrovstv\u00ed sv\u011bta:<\/strong> 14. \u2013 18. \u0159\u00edjna (\u0160anghaj, \u010c\u00edna)<\/p>\n\n\n\n<p>\u010cesk\u00e1 v\u00fdprava odlet\u011bla k protino\u017ec\u016fm v ned\u011bli. V d\u011bji\u0161ti na ni \u010dekal nejen sedmihodinov\u00fd \u010dasov\u00fd posun, ale tak\u00e9 vedra s\u00a0teplotami hodn\u011b p\u0159es 30 stup\u0148\u016f.<\/p>\n\n\n\n<p>Reprezenta\u010dn\u00ed tren\u00e9r sprinter\u016f <strong>Petr Klime\u0161<\/strong> vid\u00ed v odlehl\u00e9 destinaci \u0161anci na solidn\u00ed v\u00fdsledky. <em>\u201eV t\u00fdmov\u00e9m sprintu n\u011bjak\u00e1 obrovsk\u00e1 konkurence nebude. Pojede m\u00e9n\u011b t\u00fdm\u016f ne\u017e na Evrop\u011b. Je to dan\u00e9 t\u00edm, \u017ee ne ka\u017ed\u00fd se do Austr\u00e1lie rozhodl cestovat. Ve sprintu a keirinu bude startovat n\u011bco kolem t\u0159iceti z\u00e1vodn\u00edk\u016f, u holek zhruba dvacet. Z\u00e1vod nebude slab\u011b obsazen\u00fd, ale je tu o n\u011bco v\u011bt\u0161\u00ed \u0161ance vyjet body pro mistrovstv\u00ed sv\u011bta. Ka\u017ed\u00fd bod je te\u010f stra\u0161n\u011b d\u016fle\u017eit\u00fd,\u201c<\/em> vysv\u011btluje.<\/p>\n\n\n\n<figure class=\"wp-block-image size-large\"><img loading=\"lazy\" decoding=\"async\" width=\"1024\" height=\"683\" src=\"https:\/\/www.czechcyclingfederation.com\/wp-content\/uploads\/2026\/03\/peterka-1024x683.jpg\" alt=\"\" class=\"wp-image-40026\" srcset=\"https:\/\/www.czechcyclingfederation.com\/wp-content\/uploads\/2026\/03\/peterka-1024x683.jpg 1024w, https:\/\/www.czechcyclingfederation.com\/wp-content\/uploads\/2026\/03\/peterka-300x200.jpg 300w, https:\/\/www.czechcyclingfederation.com\/wp-content\/uploads\/2026\/03\/peterka-768x512.jpg 768w, https:\/\/www.czechcyclingfederation.com\/wp-content\/uploads\/2026\/03\/peterka-1536x1024.jpg 1536w, https:\/\/www.czechcyclingfederation.com\/wp-content\/uploads\/2026\/03\/peterka-2048x1365.jpg 2048w, https:\/\/www.czechcyclingfederation.com\/wp-content\/uploads\/2026\/03\/peterka-1320x880.jpg 1320w\" sizes=\"auto, (max-width: 1024px) 100vw, 1024px\" \/><\/figure>\n\n\n\n<p>Jeho sv\u011b\u0159enci se od evropsk\u00e9ho \u0161ampion\u00e1tu nedostali na d\u0159ev\u011bnou dr\u00e1hu a p\u0159\u00edpravu tr\u00e1vili p\u0159ev\u00e1\u017en\u011b na trena\u017e\u00e9rech. Klime\u0161 z toho ale obavy nem\u00e1. <em>\u201eNevid\u00edm v tom handicap. V\u011b\u0159\u00edm, \u017ee zopakujeme minim\u00e1ln\u011b v\u00fdkony, kter\u00e9 se n\u00e1m poda\u0159ily na Evrop\u011b. Dr\u00e1ha v Turecku byla ov\u0161em extr\u00e9mn\u011b rychl\u00e1, tak\u017ee z\u00a0hlediska \u010das\u016f asi bude t\u011b\u017ek\u00e9 se tomu \u00fapln\u011b p\u0159ibl\u00ed\u017eit,\u201c<\/em> dod\u00e1v\u00e1.<\/p>\n\n\n\n<p class=\"has-medium-font-size\"><strong>Vytrvalci ladili formu ve \u0160pan\u011blsku<\/strong><\/p>\n\n\n\n<p>S podobn\u00fdm optimismem vyhl\u00ed\u017eej\u00ed start i z\u00e1stupci vytrvaleck\u00fdch discipl\u00edn. <em>\u201eNa Evrop\u011b jsme m\u011bli slu\u0161n\u00e9 v\u00fdsledky, tak\u017ee by to na Sv\u011btov\u00e9m poh\u00e1ru rozhodn\u011b nem\u011blo b\u00fdt hor\u0161\u00ed. Startovn\u00ed pole bude mo\u017en\u00e1 trochu m\u00e9n\u011b obsazen\u00e9. D\u016fle\u017eit\u00e9 bude co nejl\u00e9pe zvl\u00e1dnout aklimatizaci a velk\u00e9 vedro. Nikdy jsme tady jako t\u00fdm nez\u00e1vodili, tak\u017ee n\u00e1s \u010dek\u00e1 trochu nezn\u00e1m\u00e9 prost\u0159ed\u00ed,\u201c <\/em>\u0159ekl tren\u00e9r <strong>Milan Kadlec<\/strong>.<\/p>\n\n\n\n<figure class=\"wp-block-image size-large\"><img loading=\"lazy\" decoding=\"async\" width=\"1024\" height=\"683\" src=\"https:\/\/www.czechcyclingfederation.com\/wp-content\/uploads\/2026\/03\/madison-z-1024x683.jpg\" alt=\"\" class=\"wp-image-40028\" srcset=\"https:\/\/www.czechcyclingfederation.com\/wp-content\/uploads\/2026\/03\/madison-z-1024x683.jpg 1024w, https:\/\/www.czechcyclingfederation.com\/wp-content\/uploads\/2026\/03\/madison-z-300x200.jpg 300w, https:\/\/www.czechcyclingfederation.com\/wp-content\/uploads\/2026\/03\/madison-z-768x512.jpg 768w, https:\/\/www.czechcyclingfederation.com\/wp-content\/uploads\/2026\/03\/madison-z-1536x1024.jpg 1536w, https:\/\/www.czechcyclingfederation.com\/wp-content\/uploads\/2026\/03\/madison-z-2048x1365.jpg 2048w, https:\/\/www.czechcyclingfederation.com\/wp-content\/uploads\/2026\/03\/madison-z-1320x880.jpg 1320w\" sizes=\"auto, (max-width: 1024px) 100vw, 1024px\" \/><\/figure>\n\n\n\n<p>Upozor\u0148uje tak\u00e9 na celkovou n\u00e1ro\u010dnost sezony. <em>\u201eLeto\u0161n\u00ed rok je hodn\u011b finan\u010dn\u011b n\u00e1ro\u010dn\u00fd, i to mus\u00edme br\u00e1t v potaz. Jsou t\u0159i sv\u011b\u0165\u00e1ky ne \u00fapln\u011b bl\u00edzko od n\u00e1s, k\u00a0tomu mistrovstv\u00ed sv\u011bta v\u00a0\u010c\u00edn\u011b,\u201c p\u0159izn\u00e1v\u00e1. Probl\u00e9my s\u00a0cestov\u00e1n\u00edm do dalek\u00fdch destinac\u00ed ale ne\u010dek\u00e1. \u201eCestovat jsme ale zvykl\u00ed, do \u010c\u00edny b\u011b\u017en\u011b jezd\u00edme t\u0159eba jen t\u0159i dny p\u0159edem a na aklimatizaci to mus\u00ed sta\u010dit.\u201c<\/em><\/p>\n\n\n\n<figure class=\"wp-block-image size-large\"><img loading=\"lazy\" decoding=\"async\" width=\"1024\" height=\"683\" src=\"https:\/\/www.czechcyclingfederation.com\/wp-content\/uploads\/2026\/03\/kadlec-1024x683.jpg\" alt=\"\" class=\"wp-image-40030\" srcset=\"https:\/\/www.czechcyclingfederation.com\/wp-content\/uploads\/2026\/03\/kadlec-1024x683.jpg 1024w, https:\/\/www.czechcyclingfederation.com\/wp-content\/uploads\/2026\/03\/kadlec-300x200.jpg 300w, https:\/\/www.czechcyclingfederation.com\/wp-content\/uploads\/2026\/03\/kadlec-768x512.jpg 768w, https:\/\/www.czechcyclingfederation.com\/wp-content\/uploads\/2026\/03\/kadlec-1536x1024.jpg 1536w, https:\/\/www.czechcyclingfederation.com\/wp-content\/uploads\/2026\/03\/kadlec-2048x1365.jpg 2048w, https:\/\/www.czechcyclingfederation.com\/wp-content\/uploads\/2026\/03\/kadlec-1320x880.jpg 1320w\" sizes=\"auto, (max-width: 1024px) 100vw, 1024px\" \/><\/figure>\n\n\n\n<p>Vytrvalci p\u0159\u00edpravu p\u0159ed Austr\u00e1li\u00ed nepodcenili a polykali kilometry i v teplej\u0161\u00edm podneb\u00ed. <em>\u201eM\u011bli jsme dvan\u00e1ctidenn\u00ed soust\u0159ed\u011bn\u00ed na silnici ve \u0161pan\u011blsk\u00e9m Calpe. Dr\u00e1hy bylo p\u0159ed t\u00edm docela dost, ale z pohledu vytrvalc\u016f se ned\u00e1 jezdit jen na n\u00ed, chce to i tr\u00e9nink na silnici. V\u011b\u0159\u00edm, \u017ee to v\u00a0Austr\u00e1lii prod\u00e1me,\u201c<\/em> uzav\u00edr\u00e1 reprezenta\u010dn\u00ed tren\u00e9r vytrvalc\u016f.<\/p>\n\n\n\n<p class=\"has-medium-font-size\"><strong>Nominace \u010desk\u00e9 reprezentace<\/strong><\/p>\n\n\n\n<p><strong>Vytrvalostn\u00ed discipl\u00edny: Maty\u00e1\u0161 Kobl\u00ed\u017eek <\/strong>(vylu\u010dovac\u00ed z\u00e1vod, madison), <strong>Adam K\u0159enek<\/strong> (omnium, madison), <strong>Barbora N\u011bmcov\u00e1<\/strong> (vylu\u010dovac\u00ed z\u00e1vod, madison), <strong>Petra \u0160ev\u010d\u00edkov\u00e1<\/strong> (omnium, madison)<\/p>\n\n\n\n<p><strong>Sprintersk\u00e9 discipl\u00edny: David Peterka, Dominik Topinka<\/strong> (oba sprint, keirin, t\u00fdmov\u00fd sprint), <strong>Adam Rauschgold<\/strong> (t\u00fdmov\u00fd sprint), <strong>Veronika Jaborn\u00edkov\u00e1 <\/strong>(sprint, keirin).<\/p>\n\n\n\n<p>Foto: Filip Bezd\u011bk, Martin Straka<\/p>\n","protected":false},"excerpt":{"rendered":"<p>Leto\u0161n\u00ed ro\u010dn\u00edk Sv\u011btov\u00e9ho poh\u00e1ru v dr\u00e1hov\u00e9 cyklistice otev\u00edr\u00e1 \u00favodn\u00ed d\u00edl v australsk\u00e9m Perthu. Na start se od p\u00e1tku do ned\u011ble postav\u00ed i osmi\u010dka \u010desk\u00fdch reprezentant\u016f, kte\u0159\u00ed cht\u011bj\u00ed nav\u00e1zat na solidn\u00ed v\u00fdsledky z ned\u00e1vn\u00e9ho mistrovstv\u00ed Evropy v Turecku. V n\u00e1ro\u010dn\u00fdch klimatick\u00fdch podm\u00ednk\u00e1ch p\u016fjde o hodn\u011b \u2013 ve h\u0159e jsou toti\u017e d\u016fle\u017eit\u00e9 body pro kvalifikaci na podzimn\u00ed [&hellip;]<\/p>\n","protected":false},"author":15,"featured_media":40036,"comment_status":"closed","ping_status":"open","sticky":false,"template":"","format":"standard","meta":{"footnotes":""},"categories":[54,2],"tags":[9],"class_list":["post-40021","post","type-post","status-publish","format-standard","has-post-thumbnail","hentry","category-draha","category-novinky","tag-draha"],"_links":{"self":[{"href":"https:\/\/www.czechcyclingfederation.com\/en\/wp-json\/wp\/v2\/posts\/40021","targetHints":{"allow":["GET"]}}],"collection":[{"href":"https:\/\/www.czechcyclingfederation.com\/en\/wp-json\/wp\/v2\/posts"}],"about":[{"href":"https:\/\/www.czechcyclingfederation.com\/en\/wp-json\/wp\/v2\/types\/post"}],"author":[{"embeddable":true,"href":"https:\/\/www.czechcyclingfederation.com\/en\/wp-json\/wp\/v2\/users\/15"}],"replies":[{"embeddable":true,"href":"https:\/\/www.czechcyclingfederation.com\/en\/wp-json\/wp\/v2\/comments?post=40021"}],"version-history":[{"count":5,"href":"https:\/\/www.czechcyclingfederation.com\/en\/wp-json\/wp\/v2\/posts\/40021\/revisions"}],"predecessor-version":[{"id":40035,"href":"https:\/\/www.czechcyclingfederation.com\/en\/wp-json\/wp\/v2\/posts\/40021\/revisions\/40035"}],"wp:featuredmedia":[{"embeddable":true,"href":"https:\/\/www.czechcyclingfederation.com\/en\/wp-json\/wp\/v2\/media\/40036"}],"wp:attachment":[{"href":"https:\/\/www.czechcyclingfederation.com\/en\/wp-json\/wp\/v2\/media?parent=40021"}],"wp:term":[{"taxonomy":"category","embeddable":true,"href":"https:\/\/www.czechcyclingfederation.com\/en\/wp-json\/wp\/v2\/categories?post=40021"},{"taxonomy":"post_tag","embeddable":true,"href":"https:\/\/www.czechcyclingfederation.com\/en\/wp-json\/wp\/v2\/tags?post=40021"}],"curies":[{"name":"wp","href":"https:\/\/api.w.org\/{rel}","templated":true}]}}