{"id":3974,"date":"2021-04-15T12:38:58","date_gmt":"2021-04-15T10:38:58","guid":{"rendered":"https:\/\/www.czechcyclingfederation.com\/?p=3974"},"modified":"2021-04-15T12:38:58","modified_gmt":"2021-04-15T10:38:58","slug":"puzrla-oslavi-petasedmdesatiny","status":"publish","type":"post","link":"https:\/\/www.czechcyclingfederation.com\/en\/puzrla-oslavi-petasedmdesatiny\/","title":{"rendered":"Puzrla oslav\u00ed p\u011btasedmdes\u00e1tiny"},"content":{"rendered":"\n<p>V\u00fdznamn\u00e9ho \u017eivotn\u00edho jubilea se do\u017eije v ned\u011bli 18. dubna Milan Puzrla. Rod\u00e1k z Lan\u017ehota na ji\u017en\u00ed Morav\u011b oslav\u00ed sv\u00e9 p\u011btasedmdes\u00e1t\u00e9 narozeniny. K cyklistice p\u0159i\u0161el jako v\u011bt\u0161ina p\u0159\u00edslu\u0161n\u00edk\u016f jeho generace. Hr\u00e1l fotbal a hokej a na kole jezdil jen jako v\u011bt\u0161ina kluk\u016f. A\u017e v Lokomotiv\u011b Bratislava ho kamar\u00e1di p\u0159emluvili, aby to zkusil s cyklistikou. Br\u00e1nil se, myslel, \u017ee je moc velk\u00fd.<\/p>\n\n\n\n<p>Ale v roce 1964 bojovali v Praze o p\u0159ebornick\u00e9 tituly dorostenci a v bratislavsk\u00e9m t\u00fdmu pro st\u00edha\u010dku se jeden \u010dlen roznemohl. Tren\u00e9\u0159i zavolali Puzrlovi, ten p\u0159ijel vlakem, Ivan Ku\u010d\u00edrek mu p\u016fj\u010dil kolo a Milan pomohl bratislavsk\u00e9mu t\u00fdmu k bronzov\u00e9 medaili.<\/p>\n\n\n\n<p>Dvan\u00e1ct let reprezentoval, byl \u010dtrn\u00e1ctkr\u00e1t mistrem republiky ve st\u00edha\u010dce jednotlivc\u016f, dru\u017estev a dvojic a tak\u00e9 v silni\u010dn\u00ed \u010dasovce t\u00fdm\u016f. K tomu z\u00edskal dev\u011bt st\u0159\u00edbrn\u00fdch a \u010dty\u0159i bronzov\u00e9 medaile.<\/p>\n\n\n\n<p>Prosadil se i na mezin\u00e1rodn\u00edm poli. Ve st\u00edhac\u00edm z\u00e1vod\u011b dru\u017estev vybojoval bronz na MS v San Sebastianu 1965 a o p\u011bt let pozd\u011bji s Mainu\u0161em, Matou\u0161kem a \u0158ez\u00e1\u010dem v Leicesteru st\u0159\u00edbro v \u010dasovce dru\u017estev na 100 km. Po skon\u010den\u00ed aktivn\u00ed dr\u00e1hy Milan Puzrla p\u016fsobil jako tren\u00e9r.<\/p>\n\n\n\n<figure class=\"wp-block-image size-large\"><img loading=\"lazy\" decoding=\"async\" width=\"1000\" height=\"716\" src=\"http:\/\/www.czechcyclingfederation.com\/wp-content\/uploads\/2021\/04\/Puzrla-MS.jpg\" alt=\"\" class=\"wp-image-3975\" srcset=\"https:\/\/www.czechcyclingfederation.com\/wp-content\/uploads\/2021\/04\/Puzrla-MS.jpg 1000w, https:\/\/www.czechcyclingfederation.com\/wp-content\/uploads\/2021\/04\/Puzrla-MS-279x200.jpg 279w, https:\/\/www.czechcyclingfederation.com\/wp-content\/uploads\/2021\/04\/Puzrla-MS-768x550.jpg 768w\" sizes=\"auto, (max-width: 1000px) 100vw, 1000px\" \/><\/figure>\n","protected":false},"excerpt":{"rendered":"<p>V\u00fdznamn\u00e9ho \u017eivotn\u00edho jubilea se do\u017eije v ned\u011bli 18. dubna Milan Puzrla. Rod\u00e1k z Lan\u017ehota na ji\u017en\u00ed Morav\u011b oslav\u00ed sv\u00e9 p\u011btasedmdes\u00e1t\u00e9 narozeniny. K cyklistice p\u0159i\u0161el jako v\u011bt\u0161ina p\u0159\u00edslu\u0161n\u00edk\u016f jeho generace. Hr\u00e1l fotbal a hokej a na kole jezdil jen jako v\u011bt\u0161ina kluk\u016f. A\u017e v Lokomotiv\u011b Bratislava ho kamar\u00e1di p\u0159emluvili, aby to zkusil s cyklistikou. Br\u00e1nil se, [&hellip;]<\/p>\n","protected":false},"author":8,"featured_media":3976,"comment_status":"closed","ping_status":"open","sticky":false,"template":"","format":"standard","meta":{"footnotes":""},"categories":[2,65],"tags":[],"class_list":["post-3974","post","type-post","status-publish","format-standard","has-post-thumbnail","hentry","category-novinky","category-subdisciplina"],"_links":{"self":[{"href":"https:\/\/www.czechcyclingfederation.com\/en\/wp-json\/wp\/v2\/posts\/3974","targetHints":{"allow":["GET"]}}],"collection":[{"href":"https:\/\/www.czechcyclingfederation.com\/en\/wp-json\/wp\/v2\/posts"}],"about":[{"href":"https:\/\/www.czechcyclingfederation.com\/en\/wp-json\/wp\/v2\/types\/post"}],"author":[{"embeddable":true,"href":"https:\/\/www.czechcyclingfederation.com\/en\/wp-json\/wp\/v2\/users\/8"}],"replies":[{"embeddable":true,"href":"https:\/\/www.czechcyclingfederation.com\/en\/wp-json\/wp\/v2\/comments?post=3974"}],"version-history":[{"count":1,"href":"https:\/\/www.czechcyclingfederation.com\/en\/wp-json\/wp\/v2\/posts\/3974\/revisions"}],"predecessor-version":[{"id":3977,"href":"https:\/\/www.czechcyclingfederation.com\/en\/wp-json\/wp\/v2\/posts\/3974\/revisions\/3977"}],"wp:featuredmedia":[{"embeddable":true,"href":"https:\/\/www.czechcyclingfederation.com\/en\/wp-json\/wp\/v2\/media\/3976"}],"wp:attachment":[{"href":"https:\/\/www.czechcyclingfederation.com\/en\/wp-json\/wp\/v2\/media?parent=3974"}],"wp:term":[{"taxonomy":"category","embeddable":true,"href":"https:\/\/www.czechcyclingfederation.com\/en\/wp-json\/wp\/v2\/categories?post=3974"},{"taxonomy":"post_tag","embeddable":true,"href":"https:\/\/www.czechcyclingfederation.com\/en\/wp-json\/wp\/v2\/tags?post=3974"}],"curies":[{"name":"wp","href":"https:\/\/api.w.org\/{rel}","templated":true}]}}