{"id":397,"date":"2020-04-28T03:43:50","date_gmt":"2020-04-28T01:43:50","guid":{"rendered":"http:\/\/www.czechcyclingfederation.com\/?p=397"},"modified":"2020-07-16T13:41:32","modified_gmt":"2020-07-16T11:41:32","slug":"trenuj-s-repre-draha-6-dil-jarmila-machacova","status":"publish","type":"post","link":"https:\/\/www.czechcyclingfederation.com\/en\/trenuj-s-repre-draha-6-dil-jarmila-machacova\/","title":{"rendered":"Tr\u00e9nuj s repre DR\u00c1HA &#8211; 6. d\u00edl Jarmila Macha\u010dov\u00e1"},"content":{"rendered":"\n<p>Dne\u0161n\u00edm hostem projektu \u201eTr\u00e9nuj s repre! Dr\u00e1ha\u201c je Jarmila Macha\u010dov\u00e1 &#8220;Jama&#8221;.<\/p>\n\n\n\n<p>Roda\u010dka z Havl\u00ed\u010dkova Brodu, kter\u00e1 ov\u0161em odmali\u010dka \u017eije ve Sv\u011btl\u00e9 nad S\u00e1zavou se specializuje se na z\u00e1vody v discipl\u00edn\u00e1ch bodovac\u00ed z\u00e1vod, scratch a omnium. V roce 2013 se stala na \u0161ampion\u00e1tu na dr\u00e1ze v Minsku mistryn\u00ed sv\u011bta v bodovac\u00edm z\u00e1vod\u011b. Jarmilu rovn\u011b\u017e m\u016f\u017eeme nazvat jako &#8220;cyklistickou oboj\u017eivelnic\u00ed&#8221;, kdy zvl\u00e1d\u00e1 z\u00e1vodit na silnici i na dr\u00e1ze.<\/p>\n\n\n\n<p>Dal\u0161\u00ed informace naleznete n\u00ed\u017ee v p\u0159\u00edsp\u011bvku na Facebooku.<\/p>\n\n\n\n<figure><iframe loading=\"lazy\" allowfullscreen=\"true\" height=\"975\" src=\"https:\/\/www.facebook.com\/plugins\/video.php?href=https%3A%2F%2Fwww.facebook.com%2Fczechcyclingfederation%2Fvideos%2F583785582484424%2F&amp;show_text=1&amp;width=266\" width=\"266\"><\/iframe><\/figure>\n","protected":false},"excerpt":{"rendered":"<p>Dne\u0161n\u00edm hostem projektu \u201eTr\u00e9nuj s repre! Dr\u00e1ha\u201c je Jarmila Macha\u010dov\u00e1 &#8220;Jama&#8221;. Roda\u010dka z Havl\u00ed\u010dkova Brodu, kter\u00e1 ov\u0161em odmali\u010dka \u017eije ve Sv\u011btl\u00e9 nad S\u00e1zavou se specializuje se na z\u00e1vody v discipl\u00edn\u00e1ch bodovac\u00ed z\u00e1vod, scratch a omnium. V roce 2013 se stala na \u0161ampion\u00e1tu na dr\u00e1ze v Minsku mistryn\u00ed sv\u011bta v bodovac\u00edm z\u00e1vod\u011b. Jarmilu rovn\u011b\u017e m\u016f\u017eeme nazvat [&hellip;]<\/p>\n","protected":false},"author":1,"featured_media":398,"comment_status":"closed","ping_status":"open","sticky":false,"template":"","format":"standard","meta":{"footnotes":""},"categories":[54,2],"tags":[9],"class_list":["post-397","post","type-post","status-publish","format-standard","has-post-thumbnail","hentry","category-draha","category-novinky","tag-draha"],"_links":{"self":[{"href":"https:\/\/www.czechcyclingfederation.com\/en\/wp-json\/wp\/v2\/posts\/397","targetHints":{"allow":["GET"]}}],"collection":[{"href":"https:\/\/www.czechcyclingfederation.com\/en\/wp-json\/wp\/v2\/posts"}],"about":[{"href":"https:\/\/www.czechcyclingfederation.com\/en\/wp-json\/wp\/v2\/types\/post"}],"author":[{"embeddable":true,"href":"https:\/\/www.czechcyclingfederation.com\/en\/wp-json\/wp\/v2\/users\/1"}],"replies":[{"embeddable":true,"href":"https:\/\/www.czechcyclingfederation.com\/en\/wp-json\/wp\/v2\/comments?post=397"}],"version-history":[{"count":1,"href":"https:\/\/www.czechcyclingfederation.com\/en\/wp-json\/wp\/v2\/posts\/397\/revisions"}],"predecessor-version":[{"id":399,"href":"https:\/\/www.czechcyclingfederation.com\/en\/wp-json\/wp\/v2\/posts\/397\/revisions\/399"}],"wp:featuredmedia":[{"embeddable":true,"href":"https:\/\/www.czechcyclingfederation.com\/en\/wp-json\/wp\/v2\/media\/398"}],"wp:attachment":[{"href":"https:\/\/www.czechcyclingfederation.com\/en\/wp-json\/wp\/v2\/media?parent=397"}],"wp:term":[{"taxonomy":"category","embeddable":true,"href":"https:\/\/www.czechcyclingfederation.com\/en\/wp-json\/wp\/v2\/categories?post=397"},{"taxonomy":"post_tag","embeddable":true,"href":"https:\/\/www.czechcyclingfederation.com\/en\/wp-json\/wp\/v2\/tags?post=397"}],"curies":[{"name":"wp","href":"https:\/\/api.w.org\/{rel}","templated":true}]}}