{"id":39694,"date":"2026-02-04T20:20:29","date_gmt":"2026-02-04T19:20:29","guid":{"rendered":"https:\/\/www.czechcyclingfederation.com\/?p=39694"},"modified":"2026-02-04T20:20:32","modified_gmt":"2026-02-04T19:20:32","slug":"veronika-jabornikova-sedma-v-evrope-na-kilometr-s-pevnym-startem","status":"publish","type":"post","link":"https:\/\/www.czechcyclingfederation.com\/en\/veronika-jabornikova-sedma-v-evrope-na-kilometr-s-pevnym-startem\/","title":{"rendered":"Veronika Jaborn\u00edkov\u00e1 sedm\u00e1 v Evrop\u011b na kilometr s pevn\u00fdm startem"},"content":{"rendered":"\n<p><strong>Sedmou p\u0159\u00ed\u010dku vybojovala Veronika Jaborn\u00edkov\u00e1 na mistrovstv\u00ed Evropy v dr\u00e1hov\u00e9 cyklistice, kter\u00e9 host\u00ed tureck\u00e1 Konya. P\u011btadvacetilet\u00e1 \u010desk\u00e1 reprezentantka p\u0159itom na mezin\u00e1rodn\u00ed sc\u00e9n\u011b v discipl\u00edn\u011b debutovala. Nikdy v minulosti za hranicemi rodn\u00e9 zem\u011b na dan\u00e9 distanci nenastoupila.<\/strong><\/p>\n\n\n\n<p>&#8220;Jednou jsem jela kilometr s pevn\u00fdm startem na mistrovstv\u00ed republiky v Brn\u011b, ale tehdy se jednalo sp\u00ed\u0161e o z\u00e1bavu. Nav\u00edc jsem se za\u0159ekla, \u017ee z\u00e1vod nikdy nepojedu. Tak\u017ee sedm\u00e1 p\u0159\u00ed\u010dka na Evrop\u011b je vlastn\u011b velmi dobr\u00e1,&#8221; usm\u00edvala se Veronika Jaborn\u00edkov\u00e1. V kvalifikaci vytvo\u0159ila \u010dasem 1:04,732 minuty nov\u00fd \u010desk\u00fd rekord.<\/p>\n\n\n\n<figure class=\"wp-block-image size-large\"><img loading=\"lazy\" decoding=\"async\" width=\"1024\" height=\"683\" src=\"http:\/\/www.czechcyclingfederation.com\/wp-content\/uploads\/2026\/02\/1000025888-1024x683.jpg\" alt=\"\" class=\"wp-image-39699\" srcset=\"https:\/\/www.czechcyclingfederation.com\/wp-content\/uploads\/2026\/02\/1000025888-1024x683.jpg 1024w, https:\/\/www.czechcyclingfederation.com\/wp-content\/uploads\/2026\/02\/1000025888-300x200.jpg 300w, https:\/\/www.czechcyclingfederation.com\/wp-content\/uploads\/2026\/02\/1000025888-768x512.jpg 768w, https:\/\/www.czechcyclingfederation.com\/wp-content\/uploads\/2026\/02\/1000025888-1536x1024.jpg 1536w, https:\/\/www.czechcyclingfederation.com\/wp-content\/uploads\/2026\/02\/1000025888-2048x1365.jpg 2048w, https:\/\/www.czechcyclingfederation.com\/wp-content\/uploads\/2026\/02\/1000025888-1320x880.jpg 1320w\" sizes=\"auto, (max-width: 1024px) 100vw, 1024px\" \/><\/figure>\n\n\n\n<p>Ve fin\u00e1lov\u00e9 j\u00edzd\u011b pak zvolila proti prvn\u00edmu kvalifika\u010dn\u00edmu vystoupen\u00ed odli\u0161nou taktiku, nicm\u00e9n\u011b bez v\u011bt\u0161\u00edho efektu. &#8220;Vlastn\u011b m\u011b druh\u00e1 j\u00edzda bolela m\u00e9n\u011b. Rozjela jsem ji pomaleji ve srovn\u00e1n\u00ed s kvalifikac\u00ed, kdy jsem si s\u00e1hla na \u00fapln\u00e9 dno, po dvou kolech mi do\u0161ly s\u00edly a zbytek jsem si protrp\u011bla,&#8221; p\u0159izn\u00e1vala s \u00fasm\u011bvem.<\/p>\n\n\n\n<p>I proto do fin\u00e1le po domluv\u011b s tren\u00e9rem Petrem Klime\u0161em vstoupila pomalej\u0161\u00edm tempem se snahou vypustit energii s p\u0159ib\u00fdvaj\u00edc\u00edmi koly. &#8220;Dob\u0159e regeneruji, co\u017e se projevilo. \u010cas ani um\u00edst\u011bn\u00ed se v\u0161ak dramaticky zlep\u0161it nepoda\u0159ilo,&#8221; ohl\u00ed\u017eela se Veronika Jaborn\u00edkov\u00e1 po sedm\u00e9 p\u0159\u00ed\u010dce.<\/p>\n\n\n\n<p>&#8220;\u010cekal jsem, \u017ee Veronika zajede osob\u00e1k a \u010desk\u00fd rekord, proto\u017ee se v Turecku jezd\u00ed hodn\u011b rychl\u00e9 \u010dasy. Kdy\u017e si uv\u011bdom\u00edm, \u017ee Veronika jela kilometr s pevn\u00fdm startem poprv\u00e9 na d\u0159ev\u011bn\u00e9m ov\u00e1lu, jde o v\u00fdborn\u00e9 vystoupen\u00ed. Nav\u00edc jsme se nijak speci\u00e1ln\u011b nep\u0159ipravovali. V kvalifika\u010dn\u00ed j\u00edzd\u011b p\u0159ep\u00e1lila start, v druh\u00e9 jsme v \u00favodu volili voln\u011bj\u0161\u00ed tempo, jen\u017ee celkov\u011b byla j\u00edzda pomalej\u0161\u00ed. Jde o zku\u0161enosti. A\u017e je posb\u00edr\u00e1, bude v kilometru s pevn\u00fdm startem skv\u011bl\u00e1,&#8221; hodnotil tren\u00e9r Petr Klime\u0161 vystoupen\u00ed Veroniky Jaborn\u00edkov\u00e9.<\/p>\n\n\n\n<p>\u010ctrn\u00e1ctou pozici vybojoval v omniu Adam K\u0159enek. Nejprve byl ve scratchi dev\u00e1t\u00fd, n\u00e1sledn\u011b p\u0159i tempo race bral \u010desk\u00fd z\u00e1vodn\u00edk \u010dty\u0159iadvacet bod\u016f, co\u017e znamenalo \u010dtvrt\u00fd nejlep\u0161\u00ed v\u00fdkon. Sedmn\u00e1ct\u00e9 m\u00edsto v eliminaci a n\u00e1sledn\u00e9 p\u0159edstaven\u00ed v bodovac\u00edm z\u00e1vod\u011b znamenalo v kone\u010dn\u00e9m \u00fa\u010dtov\u00e1n\u00ed \u010dtrn\u00e1ctou p\u0159\u00ed\u010dku.<\/p>\n\n\n\n<figure class=\"wp-block-image size-large\"><img loading=\"lazy\" decoding=\"async\" width=\"1024\" height=\"683\" src=\"http:\/\/www.czechcyclingfederation.com\/wp-content\/uploads\/2026\/02\/1000025876-1024x683.jpg\" alt=\"\" class=\"wp-image-39695\" srcset=\"https:\/\/www.czechcyclingfederation.com\/wp-content\/uploads\/2026\/02\/1000025876-1024x683.jpg 1024w, https:\/\/www.czechcyclingfederation.com\/wp-content\/uploads\/2026\/02\/1000025876-300x200.jpg 300w, https:\/\/www.czechcyclingfederation.com\/wp-content\/uploads\/2026\/02\/1000025876-768x512.jpg 768w, https:\/\/www.czechcyclingfederation.com\/wp-content\/uploads\/2026\/02\/1000025876-1536x1024.jpg 1536w, https:\/\/www.czechcyclingfederation.com\/wp-content\/uploads\/2026\/02\/1000025876-2048x1365.jpg 2048w, https:\/\/www.czechcyclingfederation.com\/wp-content\/uploads\/2026\/02\/1000025876-1320x880.jpg 1320w\" sizes=\"auto, (max-width: 1024px) 100vw, 1024px\" \/><\/figure>\n\n\n\n<p>&#8220;P\u0159ed vylu\u010dovac\u00edm z\u00e1vodem jsem byl \u0161est\u00fd celkov\u011b, tak\u017ee moje situace vypadala velmi dob\u0159e. Jen\u017ee ve vylu\u010dovac\u00edm z\u00e1vod\u011b jsem m\u011bl kontakt s francouzsk\u00fdm reprezentantem, oba jsme vytrhli nohu z ped\u00e1lu, jen\u017ee to nen\u00ed d\u016fvod k neutralizaci, tak\u017ee jsme vypadli z bal\u00edku a bylo po z\u00e1vod\u011b. Cel\u00e1 situace m\u011b rozhodila i pro n\u00e1slednou bodova\u010dku, kter\u00e1 u\u017e nest\u00e1la za nic. C\u00edtil jsem se velmi dob\u0159e, tak\u017ee jsem kone\u010dn\u00fdm v\u00fdsledkem zklaman\u00fd,&#8221; posteskl si Adam K\u0159enek.<\/p>\n\n\n\n<p><strong>V\u00fdsledky<br>Kilometr s pevn\u00fdm startem &#8211; \u017eeny:<\/strong> 1. Grosov\u00e1 (Fr.) 1:03,7 min., 2. Veceov\u00e1 (It.) +0,4, 3. Burlakov\u00e1 (AIN) +1,1, &#8230;7. V. Jaborn\u00edkov\u00e1 +1,6, A. Jaborn\u00edkov\u00e1 nepostoupila z kvalifikace.<br><strong>St\u00edhac\u00ed z\u00e1vod &#8211; \u017eeny: <\/strong>1. Knightov\u00e1 (Vel. Brit.), 2. Venturelliov\u00e1 (It.), 3. Couzensov\u00e1 (Vel. Brit.).<br><strong>Bodovac\u00ed z\u00e1vod &#8211; \u017eeny: <\/strong>1. L. Kopecky (Bel.) 45 b., 2. Berteauov\u00e1 (Fr.) 38, 3. van Rooijenov\u00e1 (Niz.) 33, &#8230;15. N\u011bmcov\u00e1 (\u010cR).<br><strong>Omnium &#8211; mu\u017ei: <\/strong>1. Leitao (Por.) 140 b., 2. Dorenbos (Niz.) 131, 3. Kluge (N\u011bm.) 126, &#8230;14. K\u0159enek (\u010cR) 66.<br><strong>Sprint &#8211; mu\u017ei:<\/strong> 1. Richardson (Vel. Brit.), 2. Lavreysen (Niz.), 3. Kirilcev (AIN), &#8230;6. Topinka, 11. Po\u0159\u00edzek (oba \u010cR).<\/p>\n\n\n\n<p>Foto: Filip Bezd\u011bk<\/p>\n","protected":false},"excerpt":{"rendered":"<p>Sedmou p\u0159\u00ed\u010dku vybojovala Veronika Jaborn\u00edkov\u00e1 na mistrovstv\u00ed Evropy v dr\u00e1hov\u00e9 cyklistice, kter\u00e9 host\u00ed tureck\u00e1 Konya. P\u011btadvacetilet\u00e1 \u010desk\u00e1 reprezentantka p\u0159itom na mezin\u00e1rodn\u00ed sc\u00e9n\u011b v discipl\u00edn\u011b debutovala. Nikdy v minulosti za hranicemi rodn\u00e9 zem\u011b na dan\u00e9 distanci nenastoupila. &#8220;Jednou jsem jela kilometr s pevn\u00fdm startem na mistrovstv\u00ed republiky v Brn\u011b, ale tehdy se jednalo sp\u00ed\u0161e o z\u00e1bavu. [&hellip;]<\/p>\n","protected":false},"author":30,"featured_media":39697,"comment_status":"closed","ping_status":"open","sticky":false,"template":"","format":"standard","meta":{"footnotes":""},"categories":[2],"tags":[9],"class_list":["post-39694","post","type-post","status-publish","format-standard","has-post-thumbnail","hentry","category-novinky","tag-draha"],"_links":{"self":[{"href":"https:\/\/www.czechcyclingfederation.com\/en\/wp-json\/wp\/v2\/posts\/39694","targetHints":{"allow":["GET"]}}],"collection":[{"href":"https:\/\/www.czechcyclingfederation.com\/en\/wp-json\/wp\/v2\/posts"}],"about":[{"href":"https:\/\/www.czechcyclingfederation.com\/en\/wp-json\/wp\/v2\/types\/post"}],"author":[{"embeddable":true,"href":"https:\/\/www.czechcyclingfederation.com\/en\/wp-json\/wp\/v2\/users\/30"}],"replies":[{"embeddable":true,"href":"https:\/\/www.czechcyclingfederation.com\/en\/wp-json\/wp\/v2\/comments?post=39694"}],"version-history":[{"count":1,"href":"https:\/\/www.czechcyclingfederation.com\/en\/wp-json\/wp\/v2\/posts\/39694\/revisions"}],"predecessor-version":[{"id":39705,"href":"https:\/\/www.czechcyclingfederation.com\/en\/wp-json\/wp\/v2\/posts\/39694\/revisions\/39705"}],"wp:featuredmedia":[{"embeddable":true,"href":"https:\/\/www.czechcyclingfederation.com\/en\/wp-json\/wp\/v2\/media\/39697"}],"wp:attachment":[{"href":"https:\/\/www.czechcyclingfederation.com\/en\/wp-json\/wp\/v2\/media?parent=39694"}],"wp:term":[{"taxonomy":"category","embeddable":true,"href":"https:\/\/www.czechcyclingfederation.com\/en\/wp-json\/wp\/v2\/categories?post=39694"},{"taxonomy":"post_tag","embeddable":true,"href":"https:\/\/www.czechcyclingfederation.com\/en\/wp-json\/wp\/v2\/tags?post=39694"}],"curies":[{"name":"wp","href":"https:\/\/api.w.org\/{rel}","templated":true}]}}