{"id":3968,"date":"2021-04-14T15:43:12","date_gmt":"2021-04-14T13:43:12","guid":{"rendered":"https:\/\/www.czechcyclingfederation.com\/?p=3968"},"modified":"2021-04-14T15:43:12","modified_gmt":"2021-04-14T13:43:12","slug":"silnicni-cyklisticka-sezona-startuje-v-sobotu-tradicni-bitesi","status":"publish","type":"post","link":"https:\/\/www.czechcyclingfederation.com\/en\/silnicni-cyklisticka-sezona-startuje-v-sobotu-tradicni-bitesi\/","title":{"rendered":"Silni\u010dn\u00ed cyklistick\u00e1 sezona startuje v sobotu tradi\u010dn\u00ed B\u00edte\u0161\u00ed"},"content":{"rendered":"\n<p>S m\u00edrn\u00fdm zpo\u017ed\u011bn\u00edm odstartuje v sobotu 17. dubna dom\u00e1c\u00ed silni\u010dn\u00ed sezona. Prvn\u00edm z\u00e1vodem bude \u00favodn\u00ed podnik \u0160KODA Cupu &#8211; \u010desk\u00e1 jarn\u00ed klasika Brno &#8211; Velk\u00e1 B\u00edte\u0161 \u2013 Brno, kter\u00e1 se pojede ji\u017e po p\u011bta\u010dty\u0159ic\u00e1t\u00e9. Tento tradi\u010dn\u00ed z\u00e1vod se vrac\u00ed do z\u00e1vodn\u00edho kalend\u00e1\u0159e \u010cesk\u00e9ho svazu cyklistiky. Lo\u0148sk\u00fd ro\u010dn\u00edk tradi\u010dn\u00ed jednor\u00e1zovky musel b\u00fdt zru\u0161en kv\u016fli epidemii koronaviru a ze stejn\u00e9ho d\u016fvodu musel b\u00fdt leto\u0161n\u00ed ro\u010dn\u00edk p\u0159elo\u017een z p\u016fvodn\u00edho term\u00ednu 28. b\u0159ezna na 17. dubna.<\/p>\n\n\n\n<p>Pro leto\u0161n\u00ed rok se B\u00edte\u0161 vrac\u00ed ke sv\u00e9mu p\u016fvodn\u00edmu form\u00e1tu. Start a c\u00edl bude na brn\u011bnsk\u00e9m velodromu, v are\u00e1lu Favoritu Brno. V posledn\u00edch letech se start a c\u00edl konal na n\u00e1m\u011bst\u00ed ve Velk\u00e9 B\u00edte\u0161i, ale z\u00a0d\u016fvodu nutnosti dodr\u017een\u00ed mnoha protiepidemick\u00fdch opat\u0159en\u00ed v\u010detn\u011b zabr\u00e1n\u011bn\u00ed shlukov\u00e1n\u00ed v\u011bt\u0161\u00edho mno\u017estv\u00ed osob se po\u0159adatel\u00e9 rozhodli p\u0159em\u00edstit start na uzav\u0159en\u00fd are\u00e1l brn\u011bnsk\u00e9ho velodromu. Po\u0159adatel\u00e9 a m\u011bsto Velk\u00e1 B\u00edte\u0161 v budoucnu po\u010d\u00edtaj\u00ed s n\u00e1vratem startu a c\u00edle na Vyso\u010dinu.\u00a0Z\u00e1vod m\u011b\u0159\u00ed 151 kilometr\u016f a obsahuje p\u011bt vrcha\u0159sk\u00fdch pr\u00e9mi\u00ed.<\/p>\n\n\n\n<p>Na startu se sejde kompletn\u00ed \u010desk\u00e1 \u0161pi\u010dka v\u010dele s\u00a0lo\u0148sk\u00fdm Mistrem \u010cR v\u00a0silni\u010dn\u00ed cyklistice Adamem \u0164oupal\u00edkem (Elkov Kasper) nebo st\u0159\u00edbrn\u00fdm medailistou lo\u0148sk\u00e9ho Mistrovstv\u00ed Evropy Pavlem Bittnerem (Development Team DSM). Po del\u0161\u00ed dob\u011b si okus\u00ed chu\u0165 t\u00e9to jarn\u00ed klasiky i olympijsk\u00fd v\u00edt\u011bz z\u00a0Lond\u00fdna Jaroslav Kulhav\u00fd (\u010cS Accolade). Krom\u011b \u010desk\u00fdch z\u00e1vodn\u00edk\u016f nastoup\u00ed do po\u010detn\u00e9ho startovn\u00edho pole i zahrani\u010dn\u00ed jezdci v\u010detn\u011b t\u011bch, kte\u0159\u00ed si v\u00a0minulosti ze z\u00e1vodu Brno-Velk\u00e1 B\u00edte\u0161-Brno odvezli v\u00edt\u011bzstv\u00ed jako nap\u0159. Pol\u00e1k Maciej Patersky, v\u00edt\u011bz ro\u010dn\u00edku 2018 nebo Raku\u0161an Riccardo Zoidl, kter\u00fd triumfoval u\u017e v roce 2012. Ve startovn\u00ed listin\u011b je u\u017e p\u0159es 190 jmen. D\u00edky v\u00fdjimce \u010cesk\u00e9ho svazu cyklistiky je mo\u017en\u00e9 roz\u0161\u00ed\u0159it celkov\u00fd po\u010det startuj\u00edc\u00edch na 200.\u00a0<\/p>\n\n\n\n<p>Vzhledem k nedostatku z\u00e1vod\u016f pro ml\u00e1de\u017e na \u00fazem\u00ed \u010cR je v z\u00e1vod\u011b umo\u017en\u011bna \u00fa\u010dast \u010desk\u00e9mu reprezenta\u010dn\u00edmu t\u00fdmu junior\u016f. Mlad\u00fdm z\u00e1vodn\u00edk\u016fm v sou\u010dasnosti kv\u016fli pandemii koronaviru chyb\u011bj\u00ed z\u00e1vodn\u00ed p\u0159\u00edle\u017eitosti a \u00fa\u010dast na \u0160KODA Cupu je pro n\u011b p\u0159\u00edle\u017eitost se jak uk\u00e1zat. &nbsp; &nbsp;<\/p>\n\n\n\n<p><em>\u201ePro mlad\u00e9 jezdce je dobr\u00e9, \u017ee mohou startovat. Nemaj\u00ed moc z\u00e1vod\u016f a start mezi seniory na B\u00edte\u0161i bude pro n\u011b obrovsk\u00e1 zkou\u0161ka a tak\u00e9 zku\u0161enost. Pojede\u00a0\u00a0dev\u011bt z\u00e1vodn\u00edk\u016f \u0160t\u011bp\u00e1n Teleck\u00fd, \u0160t\u011bp\u00e1n \u0160irok\u00fd, Daniel Sporysch, Jan Luke\u0161, Daniel Mr\u00e1z, Pavel Nov\u00e1k,\u00a0\u00a0Adam Seeman, Jakub Havrlant a Maty\u00e1\u0161 Kopeck\u00fd,\u201c\u00a0<\/em>prozradil reprezenta\u010dn\u00ed kou\u010d Tom\u00e1\u0161 Kone\u010dn\u00fd.<em>\u00a0\u201ePro kluky to bude obrovsk\u00fdm p\u0159\u00ednosem. Je t\u011b\u017ek\u00e9 jen tr\u00e9novat a nez\u00e1vodit hlavn\u011b na psychiku je to n\u00e1ro\u010dn\u00e9,\u201c<\/em>\u00a0dodal.<\/p>\n\n\n\n<p>Z\u00e1vod \u0160KODA Cup 2021 Brno \u2013 Velk\u00e1 B\u00edte\u0161 \u2013 Brno startuje ve 12:00 a c\u00edl se o\u010dek\u00e1v\u00e1 mezi 15:20 a 16:00.&nbsp;<\/p>\n\n\n\n<p>Z pr\u016fb\u011bhu z\u00e1vodu bude \u017eiv\u00fd televizn\u00ed p\u0159enos na webu \u010cT Sport a na hybridn\u00edm kan\u00e1lu \u010cT HbbTV. Na webu \u010cesk\u00e9ho svazu cyklistiky naleznete p\u0159ed z\u00e1vodem odkaz na vys\u00edl\u00e1n\u00ed. P\u0159enos budou komentovat Michal Dus\u00edk s\u00a0Mark\u00e9tou Svozilovou. Fotoreport\u00e1\u017e ze z\u00e1vodu m\u016f\u017eete sledovat na webu RoadCycling.cz. Pro zkvalitn\u011bn\u00ed televizn\u00edho p\u0159enosu se po\u0159adatel\u00e9 rozhodli financovat pou\u017eit\u00ed v\u00edrn\u00edku, kter\u00fd bude p\u0159in\u00e1\u0161et z\u00e1b\u011bry ze vzduchu, a je\u0161t\u011b v\u00edce p\u0159ibl\u00ed\u017e\u00ed \u010deskou z\u00e1vodn\u00ed sc\u00e9nu div\u00e1k\u016fm a fanou\u0161k\u016fm.\u00a0<\/p>\n\n\n\n<figure class=\"wp-block-image size-large\"><img loading=\"lazy\" decoding=\"async\" width=\"1024\" height=\"691\" src=\"https:\/\/www.czechcyclingfederation.com\/wp-content\/uploads\/2021\/04\/SKODA-Cup-2020_a-1024x691.jpg\" alt=\"\" class=\"wp-image-3969\" srcset=\"https:\/\/www.czechcyclingfederation.com\/wp-content\/uploads\/2021\/04\/SKODA-Cup-2020_a-1024x691.jpg 1024w, https:\/\/www.czechcyclingfederation.com\/wp-content\/uploads\/2021\/04\/SKODA-Cup-2020_a-296x200.jpg 296w, https:\/\/www.czechcyclingfederation.com\/wp-content\/uploads\/2021\/04\/SKODA-Cup-2020_a-768x518.jpg 768w, https:\/\/www.czechcyclingfederation.com\/wp-content\/uploads\/2021\/04\/SKODA-Cup-2020_a-1536x1037.jpg 1536w, https:\/\/www.czechcyclingfederation.com\/wp-content\/uploads\/2021\/04\/SKODA-Cup-2020_a-2048x1383.jpg 2048w, https:\/\/www.czechcyclingfederation.com\/wp-content\/uploads\/2021\/04\/SKODA-Cup-2020_a-1320x891.jpg 1320w\" sizes=\"auto, (max-width: 1024px) 100vw, 1024px\" \/><\/figure>\n\n\n\n<figure class=\"wp-block-image size-large\"><img loading=\"lazy\" decoding=\"async\" width=\"1024\" height=\"682\" src=\"https:\/\/www.czechcyclingfederation.com\/wp-content\/uploads\/2021\/04\/SKODA-Cup-2020-1024x682.jpg\" alt=\"\" class=\"wp-image-3970\" srcset=\"https:\/\/www.czechcyclingfederation.com\/wp-content\/uploads\/2021\/04\/SKODA-Cup-2020-1024x682.jpg 1024w, https:\/\/www.czechcyclingfederation.com\/wp-content\/uploads\/2021\/04\/SKODA-Cup-2020-300x200.jpg 300w, https:\/\/www.czechcyclingfederation.com\/wp-content\/uploads\/2021\/04\/SKODA-Cup-2020-768x511.jpg 768w, https:\/\/www.czechcyclingfederation.com\/wp-content\/uploads\/2021\/04\/SKODA-Cup-2020-1536x1022.jpg 1536w, https:\/\/www.czechcyclingfederation.com\/wp-content\/uploads\/2021\/04\/SKODA-Cup-2020-2048x1363.jpg 2048w, https:\/\/www.czechcyclingfederation.com\/wp-content\/uploads\/2021\/04\/SKODA-Cup-2020-1320x879.jpg 1320w\" sizes=\"auto, (max-width: 1024px) 100vw, 1024px\" \/><\/figure>\n\n\n\n<p>Foto: Jan Brychta<\/p>\n","protected":false},"excerpt":{"rendered":"<p>S m\u00edrn\u00fdm zpo\u017ed\u011bn\u00edm odstartuje v sobotu 17. dubna dom\u00e1c\u00ed silni\u010dn\u00ed sezona. Prvn\u00edm z\u00e1vodem bude \u00favodn\u00ed podnik \u0160KODA Cupu &#8211; \u010desk\u00e1 jarn\u00ed klasika Brno &#8211; Velk\u00e1 B\u00edte\u0161 \u2013 Brno, kter\u00e1 se pojede ji\u017e po p\u011bta\u010dty\u0159ic\u00e1t\u00e9. Tento tradi\u010dn\u00ed z\u00e1vod se vrac\u00ed do z\u00e1vodn\u00edho kalend\u00e1\u0159e \u010cesk\u00e9ho svazu cyklistiky. Lo\u0148sk\u00fd ro\u010dn\u00edk tradi\u010dn\u00ed jednor\u00e1zovky musel b\u00fdt zru\u0161en kv\u016fli epidemii koronaviru [&hellip;]<\/p>\n","protected":false},"author":2,"featured_media":3672,"comment_status":"closed","ping_status":"open","sticky":false,"template":"","format":"standard","meta":{"footnotes":""},"categories":[2,18],"tags":[119],"class_list":["post-3968","post","type-post","status-publish","format-standard","has-post-thumbnail","hentry","category-novinky","category-silnice","tag-csc"],"_links":{"self":[{"href":"https:\/\/www.czechcyclingfederation.com\/en\/wp-json\/wp\/v2\/posts\/3968","targetHints":{"allow":["GET"]}}],"collection":[{"href":"https:\/\/www.czechcyclingfederation.com\/en\/wp-json\/wp\/v2\/posts"}],"about":[{"href":"https:\/\/www.czechcyclingfederation.com\/en\/wp-json\/wp\/v2\/types\/post"}],"author":[{"embeddable":true,"href":"https:\/\/www.czechcyclingfederation.com\/en\/wp-json\/wp\/v2\/users\/2"}],"replies":[{"embeddable":true,"href":"https:\/\/www.czechcyclingfederation.com\/en\/wp-json\/wp\/v2\/comments?post=3968"}],"version-history":[{"count":1,"href":"https:\/\/www.czechcyclingfederation.com\/en\/wp-json\/wp\/v2\/posts\/3968\/revisions"}],"predecessor-version":[{"id":3971,"href":"https:\/\/www.czechcyclingfederation.com\/en\/wp-json\/wp\/v2\/posts\/3968\/revisions\/3971"}],"wp:featuredmedia":[{"embeddable":true,"href":"https:\/\/www.czechcyclingfederation.com\/en\/wp-json\/wp\/v2\/media\/3672"}],"wp:attachment":[{"href":"https:\/\/www.czechcyclingfederation.com\/en\/wp-json\/wp\/v2\/media?parent=3968"}],"wp:term":[{"taxonomy":"category","embeddable":true,"href":"https:\/\/www.czechcyclingfederation.com\/en\/wp-json\/wp\/v2\/categories?post=3968"},{"taxonomy":"post_tag","embeddable":true,"href":"https:\/\/www.czechcyclingfederation.com\/en\/wp-json\/wp\/v2\/tags?post=3968"}],"curies":[{"name":"wp","href":"https:\/\/api.w.org\/{rel}","templated":true}]}}