{"id":39518,"date":"2026-02-03T20:29:14","date_gmt":"2026-02-03T19:29:14","guid":{"rendered":"https:\/\/www.czechcyclingfederation.com\/?p=39518"},"modified":"2026-02-03T20:29:39","modified_gmt":"2026-02-03T19:29:39","slug":"topinka-a-sevcikova-sesti-na-evrope","status":"publish","type":"post","link":"https:\/\/www.czechcyclingfederation.com\/en\/topinka-a-sevcikova-sesti-na-evrope\/","title":{"rendered":"Topinka a \u0160ev\u010d\u00edkov\u00e1 \u0161est\u00ed na Evrop\u011b!"},"content":{"rendered":"\n<p><strong>Sprinter Dominik Topinka vybojoval na mistrovstv\u00ed Evropy v dr\u00e1hov\u00e9 cyklistice, kter\u00e9 se kon\u00e1 v tureck\u00e9 Konyi, \u0161estou p\u0159\u00ed\u010dku, kdy\u017e v kvalifikaci vytvo\u0159il nov\u00fd \u010desk\u00fd rekord v\u00fdkonem 9,496 sekundy! Stejnou p\u0159\u00ed\u010dkou se bl\u00fdskla v omniu Petra \u0160ev\u010d\u00edkov\u00e1.<\/strong><\/p>\n\n\n\n<p>&#8220;Jsem moc spokojen\u00fd. Zatla\u010dil jsem \u010das v kvalifikaci pod dev\u011bt p\u011bt, z \u010deho\u017e jsem v\u00e1\u017en\u011b nad\u0161en\u00fd,&#8221; vypr\u00e1v\u011bl Domink Topinka. Dvaat\u0159icetilet\u00fd reprezentant se \u010desk\u00fdm rekordem zaskv\u011bl v kvalifikaci.<\/p>\n\n\n\n<p>N\u00e1sledn\u011b se \u00favodn\u00edm kole vy\u0159azovac\u00ed f\u00e1ze musel p\u0159ed um\u011bn\u00edm \u010desk\u00e9ho borce sklonit B\u011blorus Zaitsau, v osmifin\u00e1le \u010desk\u00fd z\u00e1vodn\u00edk vy\u0159adil \u0158eka Livanose. Ve \u010dtvrtfin\u00e1le v\u0161ak do\u0161lo na st\u0159et s nizozemsk\u00fdm borcem Lavreysenem. P\u011btin\u00e1sobn\u00fd olympijsk\u00fd \u0161ampion a majitel dvaceti zlat\u00fdch medail\u00ed z mistrovstv\u00ed sv\u011bta byl nad s\u00edly \u010desk\u00e9ho reprezentanta, kter\u00fd zkusil zku\u0161en\u00e9ho soka zasko\u010dit netradi\u010dn\u00ed taktikou.<\/p>\n\n\n\n<figure class=\"wp-block-image size-large\"><img loading=\"lazy\" decoding=\"async\" width=\"1024\" height=\"683\" src=\"http:\/\/www.czechcyclingfederation.com\/wp-content\/uploads\/2026\/02\/1000025763-1024x683.jpg\" alt=\"\" class=\"wp-image-39523\" srcset=\"https:\/\/www.czechcyclingfederation.com\/wp-content\/uploads\/2026\/02\/1000025763-1024x683.jpg 1024w, https:\/\/www.czechcyclingfederation.com\/wp-content\/uploads\/2026\/02\/1000025763-300x200.jpg 300w, https:\/\/www.czechcyclingfederation.com\/wp-content\/uploads\/2026\/02\/1000025763-768x512.jpg 768w, https:\/\/www.czechcyclingfederation.com\/wp-content\/uploads\/2026\/02\/1000025763-1536x1024.jpg 1536w, https:\/\/www.czechcyclingfederation.com\/wp-content\/uploads\/2026\/02\/1000025763-2048x1366.jpg 2048w, https:\/\/www.czechcyclingfederation.com\/wp-content\/uploads\/2026\/02\/1000025763-1320x880.jpg 1320w\" sizes=\"auto, (max-width: 1024px) 100vw, 1024px\" \/><\/figure>\n\n\n\n<p>&#8220;Kdy\u017e jsem prohr\u00e1l prvn\u00ed j\u00edzdu, pot\u0159eboval jsem n\u011bco zlomit. A tak jsem zkusil v druh\u00e9 j\u00edzd\u011b tempo nap\u00e1lit a jel jsem dv\u011b a p\u016fl kola od za\u010d\u00e1tku tot\u00e1ln\u00ed bomby. Nachytat se mi ho nepoda\u0159ilo, na c\u00edlov\u00e9 p\u00e1sce m\u011b p\u0159edjel. Ale zkusil jsem to,&#8221; usm\u00e1l se Dominik Topinka. Jeho reprezenta\u010dn\u00ed par\u0165\u00e1k Jan Po\u0159\u00edzek vypadl v osmifin\u00e1le.<\/p>\n\n\n\n<p>Par\u00e1dn\u00ed \u0161estou p\u0159\u00ed\u010dku vybojovala v omniu p\u011btadvacetilet\u00e1 Petra \u0160ev\u010d\u00edkov\u00e1. Do bitvy o evropsk\u00fd titul vstoupila \u010dtvrtou p\u0159\u00ed\u010dkou ve scratchi, n\u00e1sledn\u011b brala des\u00e1tou pozici v tempo race, p\u00e1tou p\u0159\u00ed\u010dku v eliminaci a po bodovac\u00edm z\u00e1vod\u011b sou\u010det 88 bod\u016f znamenal \u0161estou p\u0159\u00ed\u010dku.<\/p>\n\n\n\n<figure class=\"wp-block-image size-large\"><img loading=\"lazy\" decoding=\"async\" width=\"1024\" height=\"683\" src=\"http:\/\/www.czechcyclingfederation.com\/wp-content\/uploads\/2026\/02\/1000025767-1024x683.jpg\" alt=\"\" class=\"wp-image-39525\" srcset=\"https:\/\/www.czechcyclingfederation.com\/wp-content\/uploads\/2026\/02\/1000025767-1024x683.jpg 1024w, https:\/\/www.czechcyclingfederation.com\/wp-content\/uploads\/2026\/02\/1000025767-300x200.jpg 300w, https:\/\/www.czechcyclingfederation.com\/wp-content\/uploads\/2026\/02\/1000025767-768x512.jpg 768w, https:\/\/www.czechcyclingfederation.com\/wp-content\/uploads\/2026\/02\/1000025767-1536x1024.jpg 1536w, https:\/\/www.czechcyclingfederation.com\/wp-content\/uploads\/2026\/02\/1000025767-2048x1365.jpg 2048w, https:\/\/www.czechcyclingfederation.com\/wp-content\/uploads\/2026\/02\/1000025767-1320x880.jpg 1320w\" sizes=\"auto, (max-width: 1024px) 100vw, 1024px\" \/><\/figure>\n\n\n\n<p>&#8220;Je to m\u016fj nejlep\u0161\u00ed v\u00fdsledek na Evrop\u011b v omniu, kone\u010dn\u011b jsem to prolomila,&#8221; usm\u00edvala se spokojen\u011b Petra \u0160ev\u010d\u00edkov\u00e1 na konci dne v tureck\u00e9 Konyi.<\/p>\n\n\n\n<p>&#8220;Byla to hodn\u011b dlouh\u00e1 \u0161ichta. Vstoupila jsem do z\u00e1vodu dob\u0159e ve scratchi. A m\u011bla jsem fantastick\u00e9 nohy v tempo race, kter\u00fd byl v\u017edy m\u016fj probl\u00e9m. Pak se mi ulevilo. Eliminace byla hodn\u011b ostr\u00e1, m\u00e1lem jsem \u0161la k zemi. V bodova\u010dce jsem bojovala, jak jsem mohla,&#8221; rekapitulovala cestu k \u0161est\u00e9 p\u0159\u00ed\u010dce Petra \u0160ev\u010d\u00edkov\u00e1.<\/p>\n\n\n\n<p><strong>V\u00fdsledky<\/strong><\/p>\n\n\n\n<p><strong>Scratch<\/strong>: 1. Vogel (\u0160v\u00fdc.), 2. Savekin (AIN), 3. Hoppezak (Niz.), &#8230;14. Kobl\u00ed\u017eek (\u010cR).<\/p>\n\n\n\n<p><strong>St\u00edhac\u00ed z\u00e1vod jednotlivc\u016f<\/strong>: 1. Gonov (AIN), 2. Skivild (D\u00e1n.), 3. Favero (It.), &#8230;16. Kobl\u00ed\u017eek (\u010cR).<\/p>\n\n\n\n<p><strong>Sprint \u017een<\/strong>: 1. Finucaneov\u00e1, 2. Capewellov\u00e1 (ob\u011b Vel. Brit.), 3. Lysenkov\u00e1 (AIN).<\/p>\n\n\n\n<p><strong>Omnium \u017een: <\/strong>1. Morrisov\u00e1 (Vel. Brit.) 132 bod\u016f, 2. Stenbergov\u00e1 (Nor.) 119 b., 3. Bossuytov\u00e1 (Bel.) 119 b., &#8230;6. \u0160ev\u010d\u00edkov\u00e1 (\u010cR) 88 b.<\/p>\n\n\n\n<p>Foto: Filip Bezd\u011bk<\/p>\n","protected":false},"excerpt":{"rendered":"<p>Sprinter Dominik Topinka vybojoval na mistrovstv\u00ed Evropy v dr\u00e1hov\u00e9 cyklistice, kter\u00e9 se kon\u00e1 v tureck\u00e9 Konyi, \u0161estou p\u0159\u00ed\u010dku, kdy\u017e v kvalifikaci vytvo\u0159il nov\u00fd \u010desk\u00fd rekord v\u00fdkonem 9,496 sekundy! Stejnou p\u0159\u00ed\u010dkou se bl\u00fdskla v omniu Petra \u0160ev\u010d\u00edkov\u00e1. &#8220;Jsem moc spokojen\u00fd. Zatla\u010dil jsem \u010das v kvalifikaci pod dev\u011bt p\u011bt, z \u010deho\u017e jsem v\u00e1\u017en\u011b nad\u0161en\u00fd,&#8221; vypr\u00e1v\u011bl Domink Topinka. [&hellip;]<\/p>\n","protected":false},"author":30,"featured_media":39521,"comment_status":"closed","ping_status":"open","sticky":false,"template":"","format":"standard","meta":{"footnotes":""},"categories":[2],"tags":[9],"class_list":["post-39518","post","type-post","status-publish","format-standard","has-post-thumbnail","hentry","category-novinky","tag-draha"],"_links":{"self":[{"href":"https:\/\/www.czechcyclingfederation.com\/en\/wp-json\/wp\/v2\/posts\/39518","targetHints":{"allow":["GET"]}}],"collection":[{"href":"https:\/\/www.czechcyclingfederation.com\/en\/wp-json\/wp\/v2\/posts"}],"about":[{"href":"https:\/\/www.czechcyclingfederation.com\/en\/wp-json\/wp\/v2\/types\/post"}],"author":[{"embeddable":true,"href":"https:\/\/www.czechcyclingfederation.com\/en\/wp-json\/wp\/v2\/users\/30"}],"replies":[{"embeddable":true,"href":"https:\/\/www.czechcyclingfederation.com\/en\/wp-json\/wp\/v2\/comments?post=39518"}],"version-history":[{"count":2,"href":"https:\/\/www.czechcyclingfederation.com\/en\/wp-json\/wp\/v2\/posts\/39518\/revisions"}],"predecessor-version":[{"id":39528,"href":"https:\/\/www.czechcyclingfederation.com\/en\/wp-json\/wp\/v2\/posts\/39518\/revisions\/39528"}],"wp:featuredmedia":[{"embeddable":true,"href":"https:\/\/www.czechcyclingfederation.com\/en\/wp-json\/wp\/v2\/media\/39521"}],"wp:attachment":[{"href":"https:\/\/www.czechcyclingfederation.com\/en\/wp-json\/wp\/v2\/media?parent=39518"}],"wp:term":[{"taxonomy":"category","embeddable":true,"href":"https:\/\/www.czechcyclingfederation.com\/en\/wp-json\/wp\/v2\/categories?post=39518"},{"taxonomy":"post_tag","embeddable":true,"href":"https:\/\/www.czechcyclingfederation.com\/en\/wp-json\/wp\/v2\/tags?post=39518"}],"curies":[{"name":"wp","href":"https:\/\/api.w.org\/{rel}","templated":true}]}}