{"id":39506,"date":"2026-02-01T20:36:03","date_gmt":"2026-02-01T19:36:03","guid":{"rendered":"https:\/\/www.czechcyclingfederation.com\/?p=39506"},"modified":"2026-02-01T20:36:07","modified_gmt":"2026-02-01T19:36:07","slug":"cesi-na-uvod-me-ctvrti-v-tymovem-sprintu","status":"publish","type":"post","link":"https:\/\/www.czechcyclingfederation.com\/en\/cesi-na-uvod-me-ctvrti-v-tymovem-sprintu\/","title":{"rendered":"\u010ce\u0161i na \u00favod ME \u010dtvrt\u00ed v\u00a0t\u00fdmov\u00e9m sprintu!"},"content":{"rendered":"\n<p>Skv\u011ble vstoupili do mistrovstv\u00ed Evropy v&nbsp;dr\u00e1hov\u00e9 cyklistice, kter\u00e9 host\u00ed tureck\u00e1 Konya, \u010de\u0161t\u00ed reprezentanti. Trojice <strong>Adam Rauschgold, Dominik Topinka a David Peterka <\/strong>obsadila po v\u00fdborn\u00e9m v\u00fdkonu \u010dtvrt\u00e9 m\u00edsto v&nbsp;t\u00fdmov\u00e9m sprintu v&nbsp;nov\u00e9m \u010desk\u00e9m rekordu.<\/p>\n\n\n\n<p>V&nbsp;kvalifikaci skon\u010dili \u010ce\u0161i druz\u00ed, kdy\u017e \u010dasem 42,454 vytvo\u0159ili nov\u00fd n\u00e1rodn\u00ed rekord. Dosavadn\u00ed nejlep\u0161\u00ed \u010das zajeli p\u0159ed rokem na stejn\u00e9m velodromu p\u0159i Sv\u011btov\u00e9m poh\u00e1ru.<\/p>\n\n\n\n<p>V&nbsp;prvn\u00edm kole \u010dekali na \u010desk\u00e9 trio siln\u00ed Nizozemci v&nbsp;sestav\u011b s&nbsp;dv\u011bma mistry sv\u011bta, ale \u010desk\u00fd t\u00fdm znovu m\u011bnil hodnotu rekordu a \u010dasem 42,271 postoupili p\u0159es favorita d\u00e1l!<\/p>\n\n\n\n<p>Jen 15 setin chyb\u011blo trojici Rauschgold, Topinka, Peterka k&nbsp;tomu, aby \u0161la do boje o zlato. A v&nbsp;souboji o bronz se nakonec radovali Italov\u00e9. Ve prosp\u011bch Ital\u016f rozhodlo necel\u00fdch 11 setin sekundy.<\/p>\n\n\n\n<p><em>\u201eKdy\u017e se pod\u00edv\u00e1m zp\u011btn\u011b, \u017ee jsme p\u0159ijeli z&nbsp;mistrovstv\u00ed sv\u011bta a Mat\u011bj Tamme musel na operaci s&nbsp;meniskem, nebylo to lehk\u00e9. Nahradil ho Adam Rauschgold, teprve 19let\u00fd kluk, kter\u00fd do toho nasko\u010dil a zachr\u00e1nil n\u00e1s. A byli jsme schopni o ty medaile znovu bojovat. To je neskute\u010dn\u00e9. I kdy\u017e to trochu zamrz\u00ed, \u017ee jsme podruh\u00e9 za sebou \u010dtvrt\u00ed,\u201c<\/em> \u0159\u00edkal nejzku\u0161en\u011bj\u0161\u00ed z&nbsp;\u010desk\u00e9ho tria <strong>Dominik Topinka.<\/strong><\/p>\n\n\n\n<p><em>\u201e\u010casy, kter\u00e9 jsme zajeli, byly neskute\u010dn\u00e9. Posunuly jsme \u010desk\u00fd rekord o \u010dty\u0159i desetiny. J\u00e1 jel druhou pozici nejrychleji, co jsme kdy jeli, David Peterka t\u0159et\u00ed taky. Adam na prvn\u00ed pozici taky nejel v\u016fbec \u0161patn\u011b, za posledn\u00ed rok se zlep\u0161il o vte\u0159inu. Bylo to perfektn\u00ed, ale bohu\u017eel to na medaili nesta\u010dilo, Italov\u00e9 byli o tro\u0161ku lep\u0161\u00ed,\u201c<\/em> dodal Topinka.<\/p>\n\n\n\n<p>Benjam\u00ednek t\u00fdmu <strong>Adam Rauschgold<\/strong> si u\u017e\u00edval sv\u016fj prvn\u00ed \u0161ampion\u00e1t v&nbsp;elitn\u00ed kategorii, kdy\u017e na prvn\u00ed pozici velmi dob\u0159e zastoupili zran\u011bn\u00e9ho Mat\u011bje Tammeho. <em>\u201eT\u011b\u017eko se mi to hodnot\u00ed. M\u011bli jsme n\u011bjak\u00e1 o\u010dek\u00e1v\u00e1n\u00ed, kter\u00e9 se o kousek nenaplnily, ale s&nbsp;postupem \u010dasu to ur\u010dit\u011b budeme hodnotit kladn\u011b. Jen to bude cht\u00edt chvilku na zpracov\u00e1n\u00ed. Snad jsem se uk\u00e1zal jako slu\u0161n\u00e1 n\u00e1hrada a uvid\u00edme, jak na to nav\u00e1\u017eu za m\u011bs\u00edc na sv\u011b\u0165\u00e1ku v Austr\u00e1lii,\u201c<\/em> \u0159ekl Rauschgold.<\/p>\n\n\n\n<p><em>\u201eMysl\u00edm, \u017ee m\u016f\u017eeme b\u00fdt spokojeni. Dvakr\u00e1t jsme vylep\u0161ili rekord, porazili jsme Holan\u010fany s&nbsp;dv\u011bma mistry sv\u011bta v&nbsp;sestav\u011b a je to velk\u00fd p\u0159\u00edslib do jarn\u00edch sv\u011b\u0165\u00e1k\u016f,\u201c<\/em> doplnil <strong>David Peterka.<\/strong><\/p>\n\n\n\n<p>\u017densk\u00e9 trio <strong>Veronika Jaborn\u00edkov\u00e1, Anna Jaborn\u00edkov\u00e1, S\u00e1ra Kate\u0159ina Peterkov\u00e1<\/strong> posunulo v&nbsp;kvalifikaci rovn\u011b\u017e hodnotu \u010desk\u00e9ho rekordu na 47,726, ov\u0161em v&nbsp;dal\u0161\u00ed f\u00e1z\u00ed byl nad jejich s\u00edly t\u00fdm Velk\u00e9 Brit\u00e1nie, kter\u00fd nakonec vybojoval st\u0159\u00edbro. \u010ce\u0161ky skon\u010dily \u0161est\u00e9.<\/p>\n\n\n\n<p>V individu\u00e1ln\u00edch discipl\u00edn\u00e1ch se \u010desk\u00fdm reprezentant\u016fm da\u0159ilo shodn\u011b, kdy\u017e <strong>Adam K\u0159enek<\/strong> ve vylu\u010dovac\u00edm z\u00e1vod\u011b i <strong>Petra \u0160ev\u010d\u00edkov\u00e1<\/strong> ve scratchi vybojovali v siln\u00e9 konkurenci solidn\u00ed 7. m\u00edsta.<\/p>\n\n\n\n<p><strong>V\u00fdsledky<\/strong><\/p>\n\n\n\n<p><strong>MU\u017dI, t\u00fdmov\u00fd sprint, fin\u00e1le:<\/strong> Francie (Gillion, Helal, Oliviero) 41,789 \u2013 Velk\u00e1 Brit\u00e1nie (Richardson, Truman, Turnbull) 41,795, <strong>o 3. m\u00edsto:<\/strong> It\u00e1lie (Bianchi, Minuta, Predomo) 42,285 \u2013 <strong>\u010cR<\/strong> (<strong>Rauschgold, Topinka, Peterka<\/strong>) 42,393.<\/p>\n\n\n\n<p><strong>Vylu\u010dovac\u00ed z\u00e1vod \u2013 mu\u017ei:<\/strong> 1. Hansen (D\u00e1n.), 2. Teutenberg (N\u011bm.), 3. Hesters (Belg.), \u2026 <strong>7. K\u0159enek (\u010cR)<\/strong>.<\/p>\n\n\n\n<p><strong>\u017dENY, t\u00fdmov\u00fd sprint, fin\u00e1le:<\/strong> N\u011bmecko (Friedrichov\u00e1, Graboschov\u00e1, Schneiderov\u00e1) 45,710 \u2013 Velk\u00e1 Brit\u00e1nie (Capewellov\u00e1, Parris-Smithov\u00e1, Thomasov\u00e1) 45,713, <strong>o 3. m\u00edsto:<\/strong> Nizozemsko (Kaleeov\u00e1, van de Wouwov\u00e1, van der Peetov\u00e1) 45,736 \u2013 Francie (Kouam\u00e9ov\u00e1, Drouodeov\u00e1, Grossov\u00e1) 46,896, \u2026 <strong>6. \u010cR (V. Jaborn\u00edkov\u00e1, A. Jaborn\u00edkov\u00e1, Peterkov\u00e1)<\/strong> 47,831.<\/p>\n\n\n\n<p><strong>Scratch: <\/strong>1. Hestersov\u00e1 (Belg.), 2. Seitzov\u00e1 (\u0160v\u00fdc.), 3. Reissnerov\u00e1 (N\u011bm.), \u2026 <strong>7. \u0160ev\u010d\u00edkov\u00e1 (\u010cR)<\/strong>.<\/p>\n\n\n\n<p>Foto: UEC<\/p>\n","protected":false},"excerpt":{"rendered":"<p>Skv\u011ble vstoupili do mistrovstv\u00ed Evropy v&nbsp;dr\u00e1hov\u00e9 cyklistice, kter\u00e9 host\u00ed tureck\u00e1 Konya, \u010de\u0161t\u00ed reprezentanti. Trojice Adam Rauschgold, Dominik Topinka a David Peterka obsadila po v\u00fdborn\u00e9m v\u00fdkonu \u010dtvrt\u00e9 m\u00edsto v&nbsp;t\u00fdmov\u00e9m sprintu v&nbsp;nov\u00e9m \u010desk\u00e9m rekordu. V&nbsp;kvalifikaci skon\u010dili \u010ce\u0161i druz\u00ed, kdy\u017e \u010dasem 42,454 vytvo\u0159ili nov\u00fd n\u00e1rodn\u00ed rekord. Dosavadn\u00ed nejlep\u0161\u00ed \u010das zajeli p\u0159ed rokem na stejn\u00e9m velodromu p\u0159i Sv\u011btov\u00e9m poh\u00e1ru. [&hellip;]<\/p>\n","protected":false},"author":15,"featured_media":39507,"comment_status":"closed","ping_status":"open","sticky":false,"template":"","format":"standard","meta":{"footnotes":""},"categories":[54,2],"tags":[9],"class_list":["post-39506","post","type-post","status-publish","format-standard","has-post-thumbnail","hentry","category-draha","category-novinky","tag-draha"],"_links":{"self":[{"href":"https:\/\/www.czechcyclingfederation.com\/en\/wp-json\/wp\/v2\/posts\/39506","targetHints":{"allow":["GET"]}}],"collection":[{"href":"https:\/\/www.czechcyclingfederation.com\/en\/wp-json\/wp\/v2\/posts"}],"about":[{"href":"https:\/\/www.czechcyclingfederation.com\/en\/wp-json\/wp\/v2\/types\/post"}],"author":[{"embeddable":true,"href":"https:\/\/www.czechcyclingfederation.com\/en\/wp-json\/wp\/v2\/users\/15"}],"replies":[{"embeddable":true,"href":"https:\/\/www.czechcyclingfederation.com\/en\/wp-json\/wp\/v2\/comments?post=39506"}],"version-history":[{"count":1,"href":"https:\/\/www.czechcyclingfederation.com\/en\/wp-json\/wp\/v2\/posts\/39506\/revisions"}],"predecessor-version":[{"id":39509,"href":"https:\/\/www.czechcyclingfederation.com\/en\/wp-json\/wp\/v2\/posts\/39506\/revisions\/39509"}],"wp:featuredmedia":[{"embeddable":true,"href":"https:\/\/www.czechcyclingfederation.com\/en\/wp-json\/wp\/v2\/media\/39507"}],"wp:attachment":[{"href":"https:\/\/www.czechcyclingfederation.com\/en\/wp-json\/wp\/v2\/media?parent=39506"}],"wp:term":[{"taxonomy":"category","embeddable":true,"href":"https:\/\/www.czechcyclingfederation.com\/en\/wp-json\/wp\/v2\/categories?post=39506"},{"taxonomy":"post_tag","embeddable":true,"href":"https:\/\/www.czechcyclingfederation.com\/en\/wp-json\/wp\/v2\/tags?post=39506"}],"curies":[{"name":"wp","href":"https:\/\/api.w.org\/{rel}","templated":true}]}}