{"id":3950,"date":"2021-04-06T21:20:56","date_gmt":"2021-04-06T19:20:56","guid":{"rendered":"https:\/\/www.czechcyclingfederation.com\/?p=3950"},"modified":"2021-04-06T21:30:03","modified_gmt":"2021-04-06T19:30:03","slug":"cesky-pohar-xco-v-sezone-2021","status":"publish","type":"post","link":"https:\/\/www.czechcyclingfederation.com\/en\/cesky-pohar-xco-v-sezone-2021\/","title":{"rendered":"\u010cesk\u00fd poh\u00e1r XCO v sez\u00f3n\u011b 2021"},"content":{"rendered":"\n<p>Term\u00edny&nbsp;\u010cP MTB XCO dozn\u00e1vaj\u00ed hned na za\u010d\u00e1tku sez\u00f3ny prvn\u00ed radik\u00e1ln\u00ed zm\u011bnu.&nbsp;S ohledem na protiepidemick\u00e1 vl\u00e1dn\u00ed opat\u0159en\u00ed se z\u00e1vod v M\u011bst\u011b Tou\u0161kov\u011b posouv\u00e1 na z\u00e1\u0159\u00ed, konkr\u00e9tn\u011b v\u00edkend 11. a 12. 9.2021.&nbsp;&nbsp;Pokud budou platit vl\u00e1dn\u00ed opat\u0159en\u00ed i na konci kv\u011btna, jsme p\u0159ipraveni uspo\u0159\u00e1dat z\u00e1vody s v\u00fdjimkou od Ministerstva zdravotnictv\u00ed a NSA na Zadov\u011b a v Brn\u011b alespo\u0148 pro kategorie Junior\u016f\/Juniorek a Elitn\u00edch kategori\u00ed mu\u017e\u016f a \u017een. Kategorie d\u011bt\u00ed, \u017e\u00e1k\u016f a kadet\u016f by se pak odjela v odd\u011blen\u00e9m term\u00ednu pravd\u011bpodobn\u011b v pr\u016fb\u011bhu l\u00e9ta, tak aby o z\u00e1vody na\u0161i ml\u00e1de\u017en\u00edci nep\u0159i\u0161li.&nbsp;<\/p>\n\n\n\n<p>22. \u2013 23. kv\u011btna 2021&nbsp;&nbsp;&nbsp;&nbsp;&nbsp;&nbsp;&nbsp;&nbsp;&nbsp;&nbsp;&nbsp;&nbsp;&nbsp;&nbsp;&nbsp;&nbsp;Zadov&nbsp; &nbsp; &nbsp; &nbsp; &nbsp; &nbsp; &nbsp; &nbsp; &nbsp; &nbsp; &nbsp; &nbsp; &nbsp; &nbsp;   UCI&nbsp;<strong>C1<\/strong><\/p>\n\n\n\n<p>29. \u2013 30. kv\u011btna 2021&nbsp;&nbsp;&nbsp;&nbsp;&nbsp;&nbsp;&nbsp;&nbsp;&nbsp;&nbsp;&nbsp;&nbsp;&nbsp;&nbsp;&nbsp;&nbsp;Brno &nbsp;&nbsp;&nbsp;&nbsp;&nbsp;&nbsp;&nbsp;&nbsp;&nbsp;&nbsp;&nbsp;&nbsp;&nbsp;&nbsp;&nbsp;&nbsp;&nbsp;&nbsp;&nbsp;&nbsp;&nbsp;&nbsp;&nbsp;&nbsp;&nbsp;&nbsp;&nbsp;&nbsp;&nbsp;&nbsp; UCI&nbsp;<strong>C1<\/strong>&nbsp;<\/p>\n\n\n\n<p>26. \u2013 27. \u010dervna 2021&nbsp;&nbsp;&nbsp;&nbsp;&nbsp;&nbsp;&nbsp;&nbsp;&nbsp;&nbsp;&nbsp;&nbsp;&nbsp;&nbsp;&nbsp;&nbsp;Bed\u0159ichov&nbsp;&nbsp;&nbsp;&nbsp;&nbsp;&nbsp;&nbsp;&nbsp;&nbsp;&nbsp;&nbsp;&nbsp;&nbsp;&nbsp;&nbsp;&nbsp;&nbsp;&nbsp;&nbsp;&nbsp;&nbsp; UCI&nbsp;<strong>C1<\/strong><\/p>\n\n\n\n<p>31.7. &#8211; 1.8. 2021&nbsp; &nbsp; &nbsp; &nbsp; &nbsp; &nbsp; &nbsp; &nbsp; &nbsp; &nbsp; &nbsp; &nbsp; &nbsp;     Hlinsko&nbsp; &nbsp; &nbsp; &nbsp; &nbsp; &nbsp; &nbsp; &nbsp; &nbsp; &nbsp; &nbsp; &nbsp; &nbsp; &nbsp;UCI&nbsp;<strong>C1<\/strong><\/p>\n\n\n\n<p>19. &#8211; 22. srpen 2021&nbsp; &nbsp; &nbsp;&nbsp;&nbsp; &nbsp; &nbsp; &nbsp; &nbsp; &nbsp; &nbsp;Harrachov&nbsp; &nbsp; &nbsp; &nbsp; &nbsp; &nbsp; &nbsp; &nbsp; &nbsp; &nbsp; &nbsp;  <strong>M\u010cR<\/strong>&nbsp;&#8211; UCI&nbsp;<strong>CN<\/strong><\/p>\n\n\n\n<p>11. \u2013 12. z\u00e1\u0159\u00ed 2021 &nbsp;&nbsp;&nbsp;&nbsp;&nbsp;&nbsp;&nbsp;&nbsp;&nbsp;&nbsp;&nbsp;&nbsp;&nbsp;&nbsp;&nbsp;&nbsp;&nbsp;&nbsp;&nbsp;      M\u011bsto Tou\u0161kov&nbsp; &nbsp; &nbsp; &nbsp; &nbsp; &nbsp; &nbsp; UCI&nbsp;<strong>C1<\/strong>&nbsp;<\/p>\n","protected":false},"excerpt":{"rendered":"<p>Term\u00edny&nbsp;\u010cP MTB XCO dozn\u00e1vaj\u00ed hned na za\u010d\u00e1tku sez\u00f3ny prvn\u00ed radik\u00e1ln\u00ed zm\u011bnu.&nbsp;S ohledem na protiepidemick\u00e1 vl\u00e1dn\u00ed opat\u0159en\u00ed se z\u00e1vod v M\u011bst\u011b Tou\u0161kov\u011b posouv\u00e1 na z\u00e1\u0159\u00ed, konkr\u00e9tn\u011b v\u00edkend 11. a 12. 9.2021.&nbsp;&nbsp;Pokud budou platit vl\u00e1dn\u00ed opat\u0159en\u00ed i na konci kv\u011btna, jsme p\u0159ipraveni uspo\u0159\u00e1dat z\u00e1vody s v\u00fdjimkou od Ministerstva zdravotnictv\u00ed a NSA na Zadov\u011b a v Brn\u011b alespo\u0148 [&hellip;]<\/p>\n","protected":false},"author":2,"featured_media":3957,"comment_status":"closed","ping_status":"open","sticky":false,"template":"","format":"standard","meta":{"footnotes":""},"categories":[17,6,2],"tags":[10],"class_list":["post-3950","post","type-post","status-publish","format-standard","has-post-thumbnail","hentry","category-discipliny","category-mtb","category-novinky","tag-mtb"],"_links":{"self":[{"href":"https:\/\/www.czechcyclingfederation.com\/en\/wp-json\/wp\/v2\/posts\/3950","targetHints":{"allow":["GET"]}}],"collection":[{"href":"https:\/\/www.czechcyclingfederation.com\/en\/wp-json\/wp\/v2\/posts"}],"about":[{"href":"https:\/\/www.czechcyclingfederation.com\/en\/wp-json\/wp\/v2\/types\/post"}],"author":[{"embeddable":true,"href":"https:\/\/www.czechcyclingfederation.com\/en\/wp-json\/wp\/v2\/users\/2"}],"replies":[{"embeddable":true,"href":"https:\/\/www.czechcyclingfederation.com\/en\/wp-json\/wp\/v2\/comments?post=3950"}],"version-history":[{"count":8,"href":"https:\/\/www.czechcyclingfederation.com\/en\/wp-json\/wp\/v2\/posts\/3950\/revisions"}],"predecessor-version":[{"id":3959,"href":"https:\/\/www.czechcyclingfederation.com\/en\/wp-json\/wp\/v2\/posts\/3950\/revisions\/3959"}],"wp:featuredmedia":[{"embeddable":true,"href":"https:\/\/www.czechcyclingfederation.com\/en\/wp-json\/wp\/v2\/media\/3957"}],"wp:attachment":[{"href":"https:\/\/www.czechcyclingfederation.com\/en\/wp-json\/wp\/v2\/media?parent=3950"}],"wp:term":[{"taxonomy":"category","embeddable":true,"href":"https:\/\/www.czechcyclingfederation.com\/en\/wp-json\/wp\/v2\/categories?post=3950"},{"taxonomy":"post_tag","embeddable":true,"href":"https:\/\/www.czechcyclingfederation.com\/en\/wp-json\/wp\/v2\/tags?post=3950"}],"curies":[{"name":"wp","href":"https:\/\/api.w.org\/{rel}","templated":true}]}}