{"id":3947,"date":"2021-04-06T15:47:03","date_gmt":"2021-04-06T13:47:03","guid":{"rendered":"https:\/\/www.czechcyclingfederation.com\/?p=3947"},"modified":"2021-04-06T15:50:28","modified_gmt":"2021-04-06T13:50:28","slug":"cesky-sampionat-v-enduro-zrusen","status":"publish","type":"post","link":"https:\/\/www.czechcyclingfederation.com\/en\/cesky-sampionat-v-enduro-zrusen\/","title":{"rendered":"\u010cesk\u00fd \u0161ampion\u00e1t v Enduro zru\u0161en"},"content":{"rendered":"\n<p><\/p>\n\n\n\n<p>Vzhledem ke st\u00e1vaj\u00edc\u00ed situaci jsou po\u0159adatel\u00e9 mistrovstv\u00ed \u010cR v Enduro nuceni zru\u0161it dom\u00e1c\u00ed \u0161ampion\u00e1t v t\u00e9to discipl\u00edn\u011b, kter\u00fd byl pl\u00e1nov\u00e1n na za\u010d\u00e1tek kv\u011btna. Nebude vyps\u00e1n ani n\u00e1hradn\u00ed term\u00edn, proto\u017ee po\u0159adatel nem\u00e1 jistotu mo\u017enosti po\u0159\u00e1d\u00e1n\u00ed z\u00e1vodu ani p\u0159i jeho zm\u011bn\u011b. Pro Su\u0161ici je rezervov\u00e1n term\u00edn M\u010cR na rok 2022.<\/p>\n\n\n\n<p>Komise MTB bude ale i d\u00e1le hledat n\u00e1hradn\u00ed variantu pro leto\u0161n\u00ed \u0161ampion\u00e1t.<\/p>\n","protected":false},"excerpt":{"rendered":"<p>Vzhledem ke st\u00e1vaj\u00edc\u00ed situaci jsou po\u0159adatel\u00e9 mistrovstv\u00ed \u010cR v Enduro nuceni zru\u0161it dom\u00e1c\u00ed \u0161ampion\u00e1t v t\u00e9to discipl\u00edn\u011b, kter\u00fd byl pl\u00e1nov\u00e1n na za\u010d\u00e1tek kv\u011btna. Nebude vyps\u00e1n ani n\u00e1hradn\u00ed term\u00edn, proto\u017ee po\u0159adatel nem\u00e1 jistotu mo\u017enosti po\u0159\u00e1d\u00e1n\u00ed z\u00e1vodu ani p\u0159i jeho zm\u011bn\u011b. Pro Su\u0161ici je rezervov\u00e1n term\u00edn M\u010cR na rok 2022. Komise MTB bude ale i d\u00e1le hledat [&hellip;]<\/p>\n","protected":false},"author":8,"featured_media":3949,"comment_status":"closed","ping_status":"open","sticky":false,"template":"","format":"standard","meta":{"footnotes":""},"categories":[6,2],"tags":[10],"class_list":["post-3947","post","type-post","status-publish","format-standard","has-post-thumbnail","hentry","category-mtb","category-novinky","tag-mtb"],"_links":{"self":[{"href":"https:\/\/www.czechcyclingfederation.com\/en\/wp-json\/wp\/v2\/posts\/3947","targetHints":{"allow":["GET"]}}],"collection":[{"href":"https:\/\/www.czechcyclingfederation.com\/en\/wp-json\/wp\/v2\/posts"}],"about":[{"href":"https:\/\/www.czechcyclingfederation.com\/en\/wp-json\/wp\/v2\/types\/post"}],"author":[{"embeddable":true,"href":"https:\/\/www.czechcyclingfederation.com\/en\/wp-json\/wp\/v2\/users\/8"}],"replies":[{"embeddable":true,"href":"https:\/\/www.czechcyclingfederation.com\/en\/wp-json\/wp\/v2\/comments?post=3947"}],"version-history":[{"count":1,"href":"https:\/\/www.czechcyclingfederation.com\/en\/wp-json\/wp\/v2\/posts\/3947\/revisions"}],"predecessor-version":[{"id":3948,"href":"https:\/\/www.czechcyclingfederation.com\/en\/wp-json\/wp\/v2\/posts\/3947\/revisions\/3948"}],"wp:featuredmedia":[{"embeddable":true,"href":"https:\/\/www.czechcyclingfederation.com\/en\/wp-json\/wp\/v2\/media\/3949"}],"wp:attachment":[{"href":"https:\/\/www.czechcyclingfederation.com\/en\/wp-json\/wp\/v2\/media?parent=3947"}],"wp:term":[{"taxonomy":"category","embeddable":true,"href":"https:\/\/www.czechcyclingfederation.com\/en\/wp-json\/wp\/v2\/categories?post=3947"},{"taxonomy":"post_tag","embeddable":true,"href":"https:\/\/www.czechcyclingfederation.com\/en\/wp-json\/wp\/v2\/tags?post=3947"}],"curies":[{"name":"wp","href":"https:\/\/api.w.org\/{rel}","templated":true}]}}