{"id":39412,"date":"2026-01-21T18:15:44","date_gmt":"2026-01-21T17:15:44","guid":{"rendered":"https:\/\/www.czechcyclingfederation.com\/?p=39412"},"modified":"2026-01-21T18:15:49","modified_gmt":"2026-01-21T17:15:49","slug":"vif-cycling-team-s-kontinentalni-licenci-uci-a-velkymi-ambicemi","status":"publish","type":"post","link":"https:\/\/www.czechcyclingfederation.com\/en\/vif-cycling-team-s-kontinentalni-licenci-uci-a-velkymi-ambicemi\/","title":{"rendered":"VIF Cycling Team s kontinent\u00e1ln\u00ed licenc\u00ed UCI a velk\u00fdmi ambicemi"},"content":{"rendered":"\n<p>\u010cesk\u00fd \u017eensk\u00fd profesion\u00e1ln\u00ed <strong>VIF Cycling Team<\/strong> vstupuje do roku 2026 s&nbsp;licenc\u00ed kontinent\u00e1ln\u00ed st\u00e1je a jasn\u00fdm c\u00edlem: nav\u00e1zat na mimo\u0159\u00e1dn\u011b \u00fasp\u011b\u0161nou premi\u00e9rovou sezonu a prosadit se i na mezin\u00e1rodn\u00ed sc\u00e9n\u011b.<\/p>\n\n\n\n<p>\u201e<em>Prvn\u00ed rok p\u0159ed\u010dil na\u0161e o\u010dek\u00e1v\u00e1n\u00ed. P\u016fvodn\u00ed ambice \u2013 medaile z mistrovstv\u00ed republiky a um\u00edst\u011bn\u00ed v TOP 3 \u010cesk\u00e9ho poh\u00e1ru \u2013 jsme v\u00fdrazn\u011b p\u0159ekonali. Tyto v\u00fdsledky n\u00e1s motivuj\u00ed k dal\u0161\u00edmu posunu, jsme si ale v\u011bdomi toho, jak n\u00e1ro\u010dn\u00e9 bude dosa\u017een\u00e9 \u00fasp\u011bchy obhajovat,<\/em>\u201c uvedl majitel t\u00fdmu<strong> Jakub Lorenc.<\/strong><\/p>\n\n\n\n<p>Po zisku kontinent\u00e1ln\u00ed licence UCI do sezony 2026 vstupuje t\u00fdm s vyv\u00e1\u017eenou kombinac\u00ed zku\u0161en\u00fdch z\u00e1vodnic kategorie Elite a perspektivn\u00edch talent\u016f v juniorsk\u00e9m development programu. D\u016fraz z\u016fst\u00e1v\u00e1 nejen na aktu\u00e1ln\u00ed v\u00fdkonnost, ale tak\u00e9 na systematick\u00fd rozvoj mlad\u00fdch z\u00e1vodnic.<\/p>\n\n\n\n<figure class=\"wp-block-image size-large\"><img loading=\"lazy\" decoding=\"async\" width=\"1024\" height=\"683\" src=\"http:\/\/www.czechcyclingfederation.com\/wp-content\/uploads\/2026\/01\/zemanova-TK-1-1024x683.jpg\" alt=\"\" class=\"wp-image-39421\" srcset=\"https:\/\/www.czechcyclingfederation.com\/wp-content\/uploads\/2026\/01\/zemanova-TK-1-1024x683.jpg 1024w, https:\/\/www.czechcyclingfederation.com\/wp-content\/uploads\/2026\/01\/zemanova-TK-1-300x200.jpg 300w, https:\/\/www.czechcyclingfederation.com\/wp-content\/uploads\/2026\/01\/zemanova-TK-1-768x512.jpg 768w, https:\/\/www.czechcyclingfederation.com\/wp-content\/uploads\/2026\/01\/zemanova-TK-1-1536x1024.jpg 1536w, https:\/\/www.czechcyclingfederation.com\/wp-content\/uploads\/2026\/01\/zemanova-TK-1-2048x1365.jpg 2048w, https:\/\/www.czechcyclingfederation.com\/wp-content\/uploads\/2026\/01\/zemanova-TK-1-1320x880.jpg 1320w\" sizes=\"auto, (max-width: 1024px) 100vw, 1024px\" \/><\/figure>\n\n\n\n<p>\u201e<em>Troufnu si tvrdit, \u017ee oproti lo\u0148sk\u00e9 sezon\u011b jsme d\u00edky n\u011bkolika nov\u00fdm z\u00e1vodnic\u00edm pos\u00edlili ob\u011b na\u0161e slo\u017eky, tedy \u017eensk\u00fd t\u00fdm i juniorskou development sestavu<\/em>,\u201d \u0159\u00edk\u00e1 <strong>Vojt\u011bch \u0158epa<\/strong>, sportovn\u00ed \u0159editel VIF Cycling a tren\u00e9r \u017eensk\u00e9 silni\u010dn\u00ed reprezentace \u010cR.<\/p>\n\n\n\n<p>\u201e<em>Prvn\u00ed rok byl neskute\u010dn\u00fd, fungovalo prakticky v\u0161e. Kl\u00ed\u010dov\u00e1 byla d\u016fv\u011bra mezi jezdkyn\u011bmi, realiza\u010dn\u00edm t\u00fdmem a jasn\u011b nastaven\u00e1 vize<\/em>,\u201c zhodnotil sportovn\u00ed \u0159editel<strong> Tom\u00e1\u0161 Kone\u010dn\u00fd<\/strong>. \u201c<em>V roce 2026 bychom proto cht\u011bli ud\u011blat dal\u0161\u00ed krok k napln\u011bn\u00ed na\u0161eho dlouhodob\u00e9ho snu, kter\u00fdm je start VIF Cycling Team na n\u011bkter\u00e9m z nejslavn\u011bj\u0161\u00edch etapov\u00fdch WorldTour z\u00e1vod\u016f,\u201c <\/em>prozradil.<\/p>\n\n\n\n<figure class=\"wp-block-image size-large\"><img loading=\"lazy\" decoding=\"async\" width=\"1024\" height=\"683\" src=\"https:\/\/www.czechcyclingfederation.com\/wp-content\/uploads\/2026\/01\/konas-tK-1024x683.jpg\" alt=\"\" class=\"wp-image-39417\" srcset=\"https:\/\/www.czechcyclingfederation.com\/wp-content\/uploads\/2026\/01\/konas-tK-1024x683.jpg 1024w, https:\/\/www.czechcyclingfederation.com\/wp-content\/uploads\/2026\/01\/konas-tK-300x200.jpg 300w, https:\/\/www.czechcyclingfederation.com\/wp-content\/uploads\/2026\/01\/konas-tK-768x512.jpg 768w, https:\/\/www.czechcyclingfederation.com\/wp-content\/uploads\/2026\/01\/konas-tK-1536x1024.jpg 1536w, https:\/\/www.czechcyclingfederation.com\/wp-content\/uploads\/2026\/01\/konas-tK-2048x1365.jpg 2048w, https:\/\/www.czechcyclingfederation.com\/wp-content\/uploads\/2026\/01\/konas-tK-1320x880.jpg 1320w\" sizes=\"auto, (max-width: 1024px) 100vw, 1024px\" \/><\/figure>\n\n\n\n<p>VIF Cycling Team v uplynul\u00e9 sezon\u011b dominoval dom\u00e1c\u00ed cyklistick\u00e9 sc\u00e9n\u011b. Jezdkyn\u011b t\u00fdmu z\u00edskaly \u010dty\u0159i medaile na mistrovstv\u00ed \u010cR, dva republikov\u00e9 tituly a celkov\u00e9 v\u00edt\u011bzstv\u00ed v seri\u00e1lu MND Cup ve v\u0161ech hodnocen\u00fdch kategori\u00edch \u2013 Elite, juniorky i t\u00fdmov\u00e1 sout\u011b\u017e. V\u00fdrazn\u00e9 \u00fasp\u011bchy zaznamenaly tak\u00e9 na mezin\u00e1rodn\u00edch akc\u00edch v\u010detn\u011b start\u016f v reprezenta\u010dn\u00edm dresu.<\/p>\n\n\n\n<p><strong>VIF Cycling Team 2026<\/strong><\/p>\n\n\n\n<p><strong>Elite:<\/strong> Krist\u00fdna Zemanov\u00e1,Veronika Jandov\u00e1, Eli\u0161ka Kvasni\u010dkov\u00e1, Nina Andack\u00e1, Ane\u017eka Kysilkov\u00e1, Anna Han\u00e1kov\u00e1, S\u00e1ra Slav\u00ed\u010dkov\u00e1, Na\u010fa Vor\u00e1\u010dov\u00e1 (1981).<\/p>\n\n\n\n<p><strong>Development Team: <\/strong>Karol\u00edna \u0160picarov\u00e1, Eva Drhov\u00e1, Michaela Jiroutkov\u00e1, Karol\u00edna Tannerov\u00e1.<\/p>\n\n\n\n<p>Foto: Filip Bezd\u011bk<\/p>\n","protected":false},"excerpt":{"rendered":"<p>\u010cesk\u00fd \u017eensk\u00fd profesion\u00e1ln\u00ed VIF Cycling Team vstupuje do roku 2026 s&nbsp;licenc\u00ed kontinent\u00e1ln\u00ed st\u00e1je a jasn\u00fdm c\u00edlem: nav\u00e1zat na mimo\u0159\u00e1dn\u011b \u00fasp\u011b\u0161nou premi\u00e9rovou sezonu a prosadit se i na mezin\u00e1rodn\u00ed sc\u00e9n\u011b. \u201ePrvn\u00ed rok p\u0159ed\u010dil na\u0161e o\u010dek\u00e1v\u00e1n\u00ed. P\u016fvodn\u00ed ambice \u2013 medaile z mistrovstv\u00ed republiky a um\u00edst\u011bn\u00ed v TOP 3 \u010cesk\u00e9ho poh\u00e1ru \u2013 jsme v\u00fdrazn\u011b p\u0159ekonali. Tyto v\u00fdsledky n\u00e1s [&hellip;]<\/p>\n","protected":false},"author":15,"featured_media":39415,"comment_status":"closed","ping_status":"open","sticky":false,"template":"","format":"standard","meta":{"footnotes":""},"categories":[2,18,1],"tags":[11],"class_list":["post-39412","post","type-post","status-publish","format-standard","has-post-thumbnail","hentry","category-novinky","category-silnice","category-uncategorized-cs","tag-silnice"],"_links":{"self":[{"href":"https:\/\/www.czechcyclingfederation.com\/en\/wp-json\/wp\/v2\/posts\/39412","targetHints":{"allow":["GET"]}}],"collection":[{"href":"https:\/\/www.czechcyclingfederation.com\/en\/wp-json\/wp\/v2\/posts"}],"about":[{"href":"https:\/\/www.czechcyclingfederation.com\/en\/wp-json\/wp\/v2\/types\/post"}],"author":[{"embeddable":true,"href":"https:\/\/www.czechcyclingfederation.com\/en\/wp-json\/wp\/v2\/users\/15"}],"replies":[{"embeddable":true,"href":"https:\/\/www.czechcyclingfederation.com\/en\/wp-json\/wp\/v2\/comments?post=39412"}],"version-history":[{"count":4,"href":"https:\/\/www.czechcyclingfederation.com\/en\/wp-json\/wp\/v2\/posts\/39412\/revisions"}],"predecessor-version":[{"id":39424,"href":"https:\/\/www.czechcyclingfederation.com\/en\/wp-json\/wp\/v2\/posts\/39412\/revisions\/39424"}],"wp:featuredmedia":[{"embeddable":true,"href":"https:\/\/www.czechcyclingfederation.com\/en\/wp-json\/wp\/v2\/media\/39415"}],"wp:attachment":[{"href":"https:\/\/www.czechcyclingfederation.com\/en\/wp-json\/wp\/v2\/media?parent=39412"}],"wp:term":[{"taxonomy":"category","embeddable":true,"href":"https:\/\/www.czechcyclingfederation.com\/en\/wp-json\/wp\/v2\/categories?post=39412"},{"taxonomy":"post_tag","embeddable":true,"href":"https:\/\/www.czechcyclingfederation.com\/en\/wp-json\/wp\/v2\/tags?post=39412"}],"curies":[{"name":"wp","href":"https:\/\/api.w.org\/{rel}","templated":true}]}}