{"id":39397,"date":"2026-01-21T12:34:26","date_gmt":"2026-01-21T11:34:26","guid":{"rendered":"https:\/\/www.czechcyclingfederation.com\/?p=39397"},"modified":"2026-01-21T12:34:28","modified_gmt":"2026-01-21T11:34:28","slug":"na-ms-v-cyklokrosu-jede-16-cechu-nejvetsimi-nadejemi-bukovska-a-zemanova","status":"publish","type":"post","link":"https:\/\/www.czechcyclingfederation.com\/en\/na-ms-v-cyklokrosu-jede-16-cechu-nejvetsimi-nadejemi-bukovska-a-zemanova\/","title":{"rendered":"Na MS v\u00a0cyklokrosu jede 16 \u010cech\u016f. Nejv\u011bt\u0161\u00edmi nad\u011bjemi Bukovsk\u00e1 a Zemanov\u00e1"},"content":{"rendered":"\n<p><strong>Celkem \u0161estn\u00e1ct z\u00e1vodn\u00edk\u016f bude reprezentovat \u010cesko na mistrovstv\u00ed sv\u011bta v&nbsp;cyklokrosu v&nbsp;nizozemsk\u00e9m Hulstu (30. 1. \u2013 1. 2.). Nejv\u011bt\u0161\u00edmi nad\u011bjemi jsou juniorka Barbora Bukovsk\u00e1, \u00fa\u0159aduj\u00edc\u00ed mistryn\u011b Evropy, a tak\u00e9 Krist\u00fdna Zemanov\u00e1 v&nbsp;elitn\u00ed \u017eensk\u00e9 kategorii.<\/strong><\/p>\n\n\n\n<p>Nominace se rodila na z\u00e1klad\u011b v\u00fdkonnosti v pr\u016fb\u011bhu cel\u00e9 sezony. <em>\u201eJede to nejlep\u0161\u00ed, co moment\u00e1ln\u011b ve v\u0161ech kategori\u00edch m\u00e1me k dispozici,\u201c<\/em> potvrzuje tren\u00e9r reprezentace <strong>Michal Bedn\u00e1\u0159.<\/strong><\/p>\n\n\n\n<p>Chyb\u011bt bude pouze V\u00e1clav Je\u017eek, kter\u00fd by v&nbsp;kategorii mu\u017e\u016f U23 pat\u0159il do \u0161ir\u0161\u00edho okruhu favorit\u016f. Kv\u016fli probl\u00e9m\u016fm s&nbsp;kolenem se v\u0161ak po mistrovstv\u00ed republiky rozhodl sezonu ukon\u010dit. <em>\u201eNen\u00ed to nic, co by n\u00e1s pot\u011b\u0161ilo, po\u010d\u00edtali jsme s n\u00edm i do \u0161tafety. Ale zdrav\u00ed je z\u00e1klad. M\u00e1 p\u0159ed sebou celou kari\u00e9ru a v\u00ed, \u017ee by te\u010f nebyl schopen jet na sto procent. Rozhodl se spr\u00e1vn\u011b,\u201c <\/em>komentuje absenci Bedn\u00e1\u0159.<\/p>\n\n\n\n<p>Nejsiln\u011bj\u0161\u00ed kategori\u00ed \u010desk\u00e9 v\u00fdpravy jsou letos juniorky. Na start se jich postav\u00ed hned p\u011bt a o\u010dek\u00e1v\u00e1n\u00ed jsou vysok\u00e1. <em>\u201eT\u0159i holky jsme m\u011bli v prvn\u00ed des\u00edtce na Evrop\u011b a vysok\u00e9 ambice m\u00e1me i na mistrovstv\u00ed sv\u011bta,\u201c \u0159\u00edk\u00e1<\/em> Bedn\u00e1\u0159.<\/p>\n\n\n\n<p>Nejv\u011bt\u0161\u00edmi nad\u011bjemi jsou <strong>Barbora Bukovsk\u00e1<\/strong> a <strong>Lucie Grohov\u00e1<\/strong>. <em>\u201eTo jsou na\u0161e \u017eel\u00edzka. B\u00e1ra je jasn\u00e1, na tu bednu pat\u0159\u00ed. Na p\u00f3diu byla i te\u010f na posledn\u00edm sv\u011b\u0165\u00e1ku v&nbsp;Benidormu. I Lucka u\u017e byla na bedn\u011b ve Sv\u011btov\u00e9m poh\u00e1ru, tak\u017ee kdy\u017e se v\u0161echno sejde, ob\u011b dok\u00e1\u017eou jet o medaili. Ale na des\u00edtku maj\u00ed i dal\u0161\u00ed holky,\u201c<\/em> vypo\u010d\u00edt\u00e1v\u00e1 tren\u00e9r potenci\u00e1l mlad\u00fdch z\u00e1vodnic.<\/p>\n\n\n\n<figure class=\"wp-block-image size-large\"><img loading=\"lazy\" decoding=\"async\" width=\"1024\" height=\"683\" src=\"https:\/\/www.czechcyclingfederation.com\/wp-content\/uploads\/2026\/01\/foto-Zemanova-1024x683.jpg\" alt=\"\" class=\"wp-image-39401\" srcset=\"https:\/\/www.czechcyclingfederation.com\/wp-content\/uploads\/2026\/01\/foto-Zemanova-1024x683.jpg 1024w, https:\/\/www.czechcyclingfederation.com\/wp-content\/uploads\/2026\/01\/foto-Zemanova-300x200.jpg 300w, https:\/\/www.czechcyclingfederation.com\/wp-content\/uploads\/2026\/01\/foto-Zemanova-768x512.jpg 768w, https:\/\/www.czechcyclingfederation.com\/wp-content\/uploads\/2026\/01\/foto-Zemanova-1536x1024.jpg 1536w, https:\/\/www.czechcyclingfederation.com\/wp-content\/uploads\/2026\/01\/foto-Zemanova-2048x1365.jpg 2048w, https:\/\/www.czechcyclingfederation.com\/wp-content\/uploads\/2026\/01\/foto-Zemanova-1320x880.jpg 1320w\" sizes=\"auto, (max-width: 1024px) 100vw, 1024px\" \/><\/figure>\n\n\n\n<p>V elitn\u00edch kategori\u00edch pojedou v&nbsp;nov\u00fdch dresech \u010desk\u00e9 reprezentace pouze <strong>Krist\u00fdna Zemanov\u00e1<\/strong> a <strong>Michael Boro\u0161<\/strong>. <em>\u201eBereme jen lidi, kte\u0159\u00ed jsou schopni jet na v\u00fdsledek. Krist\u00fdna um\u00ed zajet na v\u0161em \u2013 na bahn\u011b, sn\u011bhu, p\u00edsku, probl\u00e9m j\u00ed ned\u011bl\u00e1 ani rychl\u00fd z\u00e1vod. Jej\u00ed forma jde nahoru a douf\u00e1m, \u017ee by mohla vygradovat pr\u00e1v\u011b na \u0161ampion\u00e1tu. Pokud se v\u0161echno povede, tak i ona m\u016f\u017ee b\u00fdt na bedn\u011b. V\u00fdsledek v top 5 je ur\u010dit\u011b re\u00e1ln\u00fd,\u201c<\/em> tvrd\u00ed Bedn\u00e1\u0159. <em>\u201eVzestup formy zaznamen\u00e1v\u00e1 i Boro\u0161. Posledn\u00ed dobou se c\u00edt\u00ed l\u00edp a l\u00edp. M\u00e1 obrovsk\u00e9 zku\u0161enosti a v\u011b\u0159\u00edm, \u017ee i on bude na vrchol sezony v&nbsp;top form\u011b,\u201c <\/em>dod\u00e1v\u00e1 kou\u010d.<\/p>\n\n\n\n<p>\u0160ance na v\u00fdsledek v&nbsp;top 10 jsou podle Bedn\u00e1\u0159e i v&nbsp;kategori\u00edch U23. A\u0165 je to \u010derstv\u00fd mistr republiky <strong>Kry\u0161tof Ba\u017eant<\/strong> nebo <strong>Kate\u0159ina Hlad\u00edkov\u00e1.<\/strong> <em>\u201eKry\u0161tof je trochu nevyzpytateln\u00fd z\u00e1vodn\u00edk, ale kdy\u017e mu to sedne, je schopen jet o des\u00edtku, mo\u017en\u00e1 i o prvn\u00ed p\u011btku. Konkurence je ale v&nbsp;t\u00e9to kategorii obrovsk\u00e1, minim\u00e1ln\u011b deset lid\u00ed m\u016f\u017ee jet o um\u00edst\u011bn\u00ed na p\u00f3diu. Ka\u010dka jela hodn\u011b sv\u011b\u0165\u00e1k\u016f v&nbsp;elitn\u00ed kategorii, to j\u00ed ur\u010dit\u011b pomohlo. A na Evrop\u011b byla ve t\u0159iadvac\u00edtce \u0161est\u00e1, tak\u017ee i ona m\u00e1 re\u00e1ln\u00e9 \u0161ance na prvn\u00ed des\u00edtku,\u201c<\/em> uzav\u0159el Bedn\u00e1\u0159.<\/p>\n\n\n\n<p>Gener\u00e1lkou pro v\u0161echny nominovan\u00e9 bude ned\u011bln\u00ed fin\u00e1le Sv\u011btov\u00e9ho poh\u00e1ru v Hoogerheide. Boro\u0161 a Zemanov\u00e1 se p\u0159edstav\u00ed tak\u00e9 o den d\u0159\u00edve na p\u0159edposledn\u00edm d\u00edle SP v&nbsp;Maasmechelenu, kter\u00fd je vyps\u00e1n jen pro elitn\u00ed kategorie.<\/p>\n\n\n\n<p>MS v&nbsp;Hulstu odstartuje v&nbsp;p\u00e1tek 30. 1. z\u00e1vodem \u0161tafet, o slo\u017een\u00ed \u010desk\u00e9ho t\u00fdmu se rozhodne a\u017e na m\u00edst\u011b.<\/p>\n\n\n\n<p class=\"has-medium-font-size\"><strong>Nominace reprezentace \u010cR<\/strong><\/p>\n\n\n\n<p><strong>Mu\u017ei:<\/strong> Michael Boro\u0161.<\/p>\n\n\n\n<p><strong>\u017deny:<\/strong> Krist\u00fdna Zemanov\u00e1.<\/p>\n\n\n\n<p><strong>Mu\u017ei U23:<\/strong> Maximili\u00e1n Kerl, Kry\u0161tof Ba\u017eant, Franti\u0161ek Hojka.<\/p>\n\n\n\n<p><strong>\u017deny U23:<\/strong> Am\u00e1lie Gottwaldov\u00e1, Kate\u0159ina Hlad\u00edkov\u00e1.<\/p>\n\n\n\n<p><strong>Junio\u0159i:<\/strong> Anton\u00edn John, David Svoboda, Tade\u00e1\u0161 Pazourek, Eduard John.<\/p>\n\n\n\n<p><strong>Juniorky:<\/strong> Barbora Bukovsk\u00e1, Lucie Grohov\u00e1, Eva Drhov\u00e1, Barbora \u0160\u00edslov\u00e1, Karol\u00edna Rothbauerov\u00e1.<\/p>\n\n\n\n<p class=\"has-medium-font-size\"><strong>Program MS<\/strong><\/p>\n\n\n\n<p><strong>P\u00e1tek 30. 1., 13.30:<\/strong> t\u00fdmov\u00e1 \u0161tafeta. <strong>Sobota 31. 1., 11.00:<\/strong> juniorky, <strong>13.00:<\/strong> mu\u017ei U23, <strong>15.00:<\/strong> \u017eeny Elite. <strong>Ned\u011ble 1. 2., 11.00: <\/strong>junio\u0159i, <strong>13.00: <\/strong>\u017eeny U23, <strong>15.00: <\/strong>mu\u017ei Elite.<\/p>\n\n\n\n<p>Foto: Filip Bezd\u011bk<\/p>\n","protected":false},"excerpt":{"rendered":"<p>Celkem \u0161estn\u00e1ct z\u00e1vodn\u00edk\u016f bude reprezentovat \u010cesko na mistrovstv\u00ed sv\u011bta v&nbsp;cyklokrosu v&nbsp;nizozemsk\u00e9m Hulstu (30. 1. \u2013 1. 2.). Nejv\u011bt\u0161\u00edmi nad\u011bjemi jsou juniorka Barbora Bukovsk\u00e1, \u00fa\u0159aduj\u00edc\u00ed mistryn\u011b Evropy, a tak\u00e9 Krist\u00fdna Zemanov\u00e1 v&nbsp;elitn\u00ed \u017eensk\u00e9 kategorii. Nominace se rodila na z\u00e1klad\u011b v\u00fdkonnosti v pr\u016fb\u011bhu cel\u00e9 sezony. \u201eJede to nejlep\u0161\u00ed, co moment\u00e1ln\u011b ve v\u0161ech kategori\u00edch m\u00e1me k dispozici,\u201c potvrzuje [&hellip;]<\/p>\n","protected":false},"author":15,"featured_media":39399,"comment_status":"closed","ping_status":"open","sticky":false,"template":"","format":"standard","meta":{"footnotes":""},"categories":[58,2],"tags":[59],"class_list":["post-39397","post","type-post","status-publish","format-standard","has-post-thumbnail","hentry","category-cyklokros","category-novinky","tag-cyklokros"],"_links":{"self":[{"href":"https:\/\/www.czechcyclingfederation.com\/en\/wp-json\/wp\/v2\/posts\/39397","targetHints":{"allow":["GET"]}}],"collection":[{"href":"https:\/\/www.czechcyclingfederation.com\/en\/wp-json\/wp\/v2\/posts"}],"about":[{"href":"https:\/\/www.czechcyclingfederation.com\/en\/wp-json\/wp\/v2\/types\/post"}],"author":[{"embeddable":true,"href":"https:\/\/www.czechcyclingfederation.com\/en\/wp-json\/wp\/v2\/users\/15"}],"replies":[{"embeddable":true,"href":"https:\/\/www.czechcyclingfederation.com\/en\/wp-json\/wp\/v2\/comments?post=39397"}],"version-history":[{"count":3,"href":"https:\/\/www.czechcyclingfederation.com\/en\/wp-json\/wp\/v2\/posts\/39397\/revisions"}],"predecessor-version":[{"id":39404,"href":"https:\/\/www.czechcyclingfederation.com\/en\/wp-json\/wp\/v2\/posts\/39397\/revisions\/39404"}],"wp:featuredmedia":[{"embeddable":true,"href":"https:\/\/www.czechcyclingfederation.com\/en\/wp-json\/wp\/v2\/media\/39399"}],"wp:attachment":[{"href":"https:\/\/www.czechcyclingfederation.com\/en\/wp-json\/wp\/v2\/media?parent=39397"}],"wp:term":[{"taxonomy":"category","embeddable":true,"href":"https:\/\/www.czechcyclingfederation.com\/en\/wp-json\/wp\/v2\/categories?post=39397"},{"taxonomy":"post_tag","embeddable":true,"href":"https:\/\/www.czechcyclingfederation.com\/en\/wp-json\/wp\/v2\/tags?post=39397"}],"curies":[{"name":"wp","href":"https:\/\/api.w.org\/{rel}","templated":true}]}}