{"id":39387,"date":"2026-01-18T17:15:14","date_gmt":"2026-01-18T16:15:14","guid":{"rendered":"https:\/\/www.czechcyclingfederation.com\/?p=39387"},"modified":"2026-01-18T19:28:07","modified_gmt":"2026-01-18T18:28:07","slug":"zemanova-pata-na-sp-ve-spanelsku-juniorka-bukovska-treti","status":"publish","type":"post","link":"https:\/\/www.czechcyclingfederation.com\/en\/zemanova-pata-na-sp-ve-spanelsku-juniorka-bukovska-treti\/","title":{"rendered":"Zemanov\u00e1 p\u00e1t\u00e1 na SP ve \u0160pan\u011blsku, juniorka Bukovsk\u00e1 t\u0159et\u00ed"},"content":{"rendered":"\n<p><strong>Krist\u00fdna Zemanov\u00e1<\/strong> potvrdila t\u00fdden po zisku dom\u00e1c\u00edho titulu v\u00fdbornou formu i na mezin\u00e1rodn\u00ed sc\u00e9n\u011b, kdy\u017e v&nbsp;z\u00e1vod\u011b Sv\u011btov\u00e9ho poh\u00e1ru v&nbsp;cyklokrosu ve \u0161pan\u011blsk\u00e9m Benidormu skon\u010dila po velmi dobr\u00e9m v\u00fdkonu p\u00e1t\u00e1. Bl\u00fdskla se i <strong>Barbora Bukovsk\u00e1<\/strong>, kter\u00e1 v&nbsp;z\u00e1vod\u011b juniorek vybojovala t\u0159et\u00ed p\u0159\u00ed\u010dku.<\/p>\n\n\n\n<p><em>\u201eByl to specifick\u00fd z\u00e1vod, hlavn\u011b t\u00edm teplem. Celkem p\u0159\u00edjemn\u00e1 zm\u011bna oproti zim\u011b, co m\u00e1me doma. Byla to poctiv\u00e1 tra\u0165, hodn\u011b na v\u00fdkon, celkov\u011b stra\u0161n\u011b t\u011b\u017ek\u00fd z\u00e1vod. Povedl se mi start, co\u017e bylo kl\u00ed\u010dov\u00e9, a dok\u00e1zala jsem se tam zabudovat. Sice mi chvilku trvalo, ne\u017e jsem se s\u017eila s\u00a0rychl\u00fdm tempem, ale pak se z\u00e1vod odv\u00edjel nad o\u010dek\u00e1v\u00e1n\u00ed,\u201c<\/em> \u0159ekla Zemanov\u00e1.<\/p>\n\n\n\n<p>Zemanov\u00e1 se na t\u011b\u017ek\u00e9m okruhu c\u00edtila o\u010dividn\u011b dob\u0159e a jezdila v\u00a0prvn\u00ed skupin\u011b. Zhruba v\u00a0polovin\u011b z\u00e1vodu \u0161la do konce do \u010dela. <em>\u201eKdy\u017e se naskytla \u0161ance najet na prvn\u00ed pozici, vyu\u017eila jsem toho a hodn\u011b mi to psychicky pomohlo. Za m\u011b super z\u00e1vod, jen m\u011b mrz\u00ed ta Geryov\u00e1. To je je\u0161t\u011b t\u0159iadvac\u00edtk\u00e1\u0159ka a soupe\u0159ka, kterou bych cht\u011bla por\u00e1\u017eet,\u201c <\/em>p\u0159iznala \u010desk\u00e1 z\u00e1vodnice VIF Cycling Teamu.<\/p>\n\n\n\n<p>Kdy\u017e ve druh\u00e9 polovin\u011b z\u00e1vodu nejv\u011bt\u0161\u00ed favoritky Brandov\u00e1 s\u00a0Alvaradovou zrychlily, \u010desk\u00e1 \u0161ampionka se pohybovala s\u00a0m\u00edrnou ztr\u00e1tou za vedouc\u00ed \u010dty\u0159kou a v\u00a0c\u00edli z\u00a0toho bylo v\u00fdborn\u00e9 p\u00e1t\u00e9 m\u00edsto. \u201e<em>P\u00f3dium bylo bl\u00edzko. Brandov\u00e1 a Alvaradov\u00e1 jsou sice jinde, ale o to t\u0159et\u00ed m\u00edsto se d\u00e1 bojovat. Pro psychiku je to dobr\u00e9 zji\u0161t\u011bn\u00ed,\u201c<\/em> dodala Zemanov\u00e1.<\/p>\n\n\n\n<p><em>\u201eKrist\u00fdna dnes op\u011bt p\u0159edvedla, \u017ee do sv\u011btov\u00e9 \u0161pi\u010dky pat\u0159\u00ed, p\u00e1t\u00e9 m\u00edsto je super. Je to na kousek, ta bedna je t\u011b\u017ek\u00e1. Ale o to jedno m\u00edsto na p\u00f3diu za t\u011bmi dv\u011bma se pere v\u00edc z\u00e1vodnic a Krist\u00fdna dokazuje, \u017ee tam pat\u0159\u00ed,\u201c<\/em> \u0159ekl tren\u00e9r reprezentace <strong>Michal Bedn\u00e1\u0159<\/strong>.<\/p>\n\n\n\n<p>Z\u00e1vod \u017eensk\u00e9 elitn\u00ed kategorie nakonec ovl\u00e1dla ji\u017e jist\u00e1 v\u00edt\u011bzka seri\u00e1lu Lucinda Brandov\u00e1, kter\u00e1 slavila prvenstv\u00ed u\u017e v&nbsp;osm\u00e9m z&nbsp;deseti odjet\u00fdch z\u00e1vod\u016f SP.<\/p>\n\n\n\n<p class=\"has-medium-font-size\"><strong>Boro\u0161 dvan\u00e1ct\u00fd<\/strong><\/p>\n\n\n\n<p>I v&nbsp;z\u00e1vod\u011b mu\u017esk\u00e9 elity dominoval nejv\u011bt\u0161\u00ed favorit, Nizozemec Mathieu van der Poel, kter\u00fd vyhr\u00e1l v\u0161echny z\u00e1vody SP, v&nbsp;nich\u017e v&nbsp;sezon\u011b startoval, tedy celkem 6. <strong>Michael Boro\u0161<\/strong>, jen\u017e p\u0159ed t\u00fddnem nemohl kv\u016fli zdravotn\u00edm probl\u00e9m\u016fm obhajovat \u010desk\u00fd titul, zopakoval dvan\u00e1ct\u00e9 m\u00edsto z minul\u00e9ho poh\u00e1rov\u00e9ho z\u00e1vodu v Zonhovenu. Od prvn\u00ed des\u00edtky ho d\u011blilo sedm sekund.<\/p>\n\n\n\n<figure class=\"wp-block-image size-large\"><img loading=\"lazy\" decoding=\"async\" width=\"1024\" height=\"683\" src=\"https:\/\/www.czechcyclingfederation.com\/wp-content\/uploads\/2026\/01\/bukovska-1024x683.jpg\" alt=\"\" class=\"wp-image-39390\" srcset=\"https:\/\/www.czechcyclingfederation.com\/wp-content\/uploads\/2026\/01\/bukovska-1024x683.jpg 1024w, https:\/\/www.czechcyclingfederation.com\/wp-content\/uploads\/2026\/01\/bukovska-300x200.jpg 300w, https:\/\/www.czechcyclingfederation.com\/wp-content\/uploads\/2026\/01\/bukovska-768x512.jpg 768w, https:\/\/www.czechcyclingfederation.com\/wp-content\/uploads\/2026\/01\/bukovska-1536x1024.jpg 1536w, https:\/\/www.czechcyclingfederation.com\/wp-content\/uploads\/2026\/01\/bukovska-2048x1365.jpg 2048w, https:\/\/www.czechcyclingfederation.com\/wp-content\/uploads\/2026\/01\/bukovska-1320x880.jpg 1320w\" sizes=\"auto, (max-width: 1024px) 100vw, 1024px\" \/><\/figure>\n\n\n\n<p>Skv\u011blou formu uk\u00e1zala v&nbsp;z\u00e1vod\u011b juniorek i Barbora Bukovsk\u00e1. Kr\u00e1lovna \u010desk\u00e9 cyklistiky za rok 2025 se dostala na p\u00f3dium a d\u00edky \u00fasp\u011b\u0161n\u00e9 st\u00edha\u010dce skon\u010dila t\u0159et\u00ed. <em>\u201eBedna je super, jsme nad\u0161eni. Pro B\u00e1ru je to skv\u011bl\u00fd v\u00fdsledek po del\u0161\u00edm n\u00e1vratu do sv\u011btov\u00e9 konkurence od Koksijde. M\u011bla hor\u0161\u00ed start, prvn\u00ed dv\u011b kola se musela prokous\u00e1vat dop\u0159edu. Na ty dv\u011b nejlep\u0161\u00ed u\u017e to nesta\u010dilo, ale i tak v\u00fdborn\u00fd v\u00fdkon,\u201c<\/em> hodnotil tren\u00e9r. <strong>Eva Drhov\u00e1<\/strong> dojela mezi juniorkami 13.<\/p>\n\n\n\n<p>V&nbsp;dal\u0161\u00edch kategori\u00edch se o nejlep\u0161\u00ed \u010desk\u00fd v\u00fdsledek postaral \u010derstv\u00fd mistr republiky <strong>Kry\u0161tof Ba\u017eant<\/strong>, kter\u00fd bral v&nbsp;z\u00e1vod\u011b mu\u017e\u016f U23 14. m\u00edsto. <em>\u201e\u0158\u00edkal, \u017ee se b\u011bhem z\u00e1vodu trochu uva\u0159il, ale p\u0159edvedl stabiln\u00ed v\u00fdkonnost. Kry\u0161tof m\u00e1 rad\u0161i bahnit\u011bj\u0161\u00ed ter\u00e9n, tenhle rychl\u00fd z\u00e1vod nen\u00ed \u00fapln\u011b pro n\u011bj,\u201c<\/em> dodal Bedn\u00e1\u0159.<\/p>\n\n\n\n<p class=\"has-medium-font-size\"><strong>V\u00fdsledky<\/strong><\/p>\n\n\n\n<p><strong>Mu\u017ei:<\/strong> 1. Van der Poel (Niz.) 1:01:04, 2. Nys (Belg.) +28, 3. Orts Lloret (\u0160p.) +32, 4. Del Grosso (Niz.) +44, 5. Vandeputte (Belg.) +44, \u2026 <strong>12. Boro\u0161<\/strong> +1:03, <strong>29. Fiala<\/strong> +3:39, <strong>32. \u0158\u00edman<\/strong> (v\u0161. \u010cR) +4:15.<\/p>\n\n\n\n<p><strong>Stav SP<\/strong> (po 10 z\u00e1vodech): 1. Van der Poel 240 b., 2. Nys 220, 3. Vandeputte 197, 4. Vanthourenhout (Belg.) 187, 5. Sweeck (Belg.) 186, \u2026 <strong>22. Boro\u0161<\/strong> 64, <strong>60. Je\u017eek<\/strong> 2.<\/p>\n\n\n\n<p><strong>\u017deny:<\/strong> 1. Brandov\u00e1 52:01, 2. Alvaradov\u00e1 (ob\u011b Niz.) +10, 3. Fouquenetov\u00e1 +12, 4. Geryov\u00e1 (ob\u011b Fr.) +12, <strong>5. Zemanov\u00e1 <\/strong>+52, \u2026 <strong>51. Hlad\u00edkov\u00e1 <\/strong>(ob\u011b \u010cR) +7:21.<\/p>\n\n\n\n<p><strong>Stav SP <\/strong>(po 10 z\u00e1vodech): 1. Brandov\u00e1 350 b., 2. Van Alphenov\u00e1 (Niz.) 240, 3. Fouquenetov\u00e1 205, 4. Alvaradov\u00e1 204, 5. Van Anrooijov\u00e1 (Niz.) 180, \u2026 <strong>11. Zemanov\u00e1 134<\/strong>, <strong>54. Hlad\u00edkov\u00e1<\/strong> 5.<\/p>\n\n\n\n<p><strong>Mu\u017ei U23:<\/strong> 1. Haverdings (Niz.) 48:18, 2. Corsus, 3. Dockx (oba Belg.) oba +1, \u2026 <strong>14. Ba\u017eant<\/strong> +59, <strong>22. Kerl<\/strong> (oba \u010cR) +1:49.<\/p>\n\n\n\n<p><strong>Stav SP <\/strong>(po 5 z\u00e1vodech): 1. Haverdings 160 b., 2. Sparfel (Fr.) 122, 3. Corsus 106, \u2026 <strong>15. Ba\u017eant 40<\/strong>, <strong>22. Je\u017eek 30<\/strong>, <strong>32. Kerl<\/strong> 10, <strong>41. Hojka<\/strong> (v\u0161. \u010cR) 4.<\/p>\n\n\n\n<p><strong>Junio\u0159i:<\/strong> 1. Pezzo Rosola (It.) 41:17, 2. Lejeune (Belg.) +9, 3. Grigolini (It.) +12, &#8230; <strong>19. A. John<\/strong> +2:21, <strong>25. Svoboda<\/strong> (oba \u010cR) +3:31.<\/p>\n\n\n\n<p><strong>Stav SP <\/strong>(po 5 z\u00e1vodech): 1. Pezzo Rosola 127 b., 2. Grigolini 120, 3. Lejeune 116, &#8230; <strong>12. A. John<\/strong> 46, <strong>25. Svoboda<\/strong> 20, <strong>43. Pazourek<\/strong> (v\u0161. \u010cR) 2.<\/p>\n\n\n\n<p><strong>Juniorky:<\/strong> 1. Pellizottiov\u00e1 (It.) 37:31, 2. Revolov\u00e1 (Fr.) +10, <strong>3. Bukovsk\u00e1<\/strong> (\u010cR) +48, \u2026 <strong>13. Drhov\u00e1<\/strong> +2:01, <strong>18. \u0160\u00edslov\u00e1<\/strong> (v\u0161. \u010cR) +3:15.<\/p>\n\n\n\n<p><strong>Stav SP <\/strong>(po 5 z\u00e1vodech): 1. Revolov\u00e1 (Fr.) 150 b., 2. Pellizottiov\u00e1 (It.) 115, 3. Versluisov\u00e1 (Niz.) 89, \u2026 <strong>6. Bukovsk\u00e1<\/strong> 75, <strong>12. Grohov\u00e1<\/strong> 64, <strong>17. Drhov\u00e1<\/strong> 33, <strong>21. \u0160\u00edslov\u00e1<\/strong> 29, <strong>28. Rothbauerov\u00e1<\/strong> 11, <strong>48. Cermanov\u00e1<\/strong> (v\u0161. \u010cR) 1.<\/p>\n\n\n\n<p>Foto: Filip Bezd\u011bk<\/p>\n","protected":false},"excerpt":{"rendered":"<p>Krist\u00fdna Zemanov\u00e1 potvrdila t\u00fdden po zisku dom\u00e1c\u00edho titulu v\u00fdbornou formu i na mezin\u00e1rodn\u00ed sc\u00e9n\u011b, kdy\u017e v&nbsp;z\u00e1vod\u011b Sv\u011btov\u00e9ho poh\u00e1ru v&nbsp;cyklokrosu ve \u0161pan\u011blsk\u00e9m Benidormu skon\u010dila po velmi dobr\u00e9m v\u00fdkonu p\u00e1t\u00e1. Bl\u00fdskla se i Barbora Bukovsk\u00e1, kter\u00e1 v&nbsp;z\u00e1vod\u011b juniorek vybojovala t\u0159et\u00ed p\u0159\u00ed\u010dku. \u201eByl to specifick\u00fd z\u00e1vod, hlavn\u011b t\u00edm teplem. Celkem p\u0159\u00edjemn\u00e1 zm\u011bna oproti zim\u011b, co m\u00e1me doma. Byla [&hellip;]<\/p>\n","protected":false},"author":15,"featured_media":39388,"comment_status":"closed","ping_status":"open","sticky":false,"template":"","format":"standard","meta":{"footnotes":""},"categories":[58,2,1],"tags":[59],"class_list":["post-39387","post","type-post","status-publish","format-standard","has-post-thumbnail","hentry","category-cyklokros","category-novinky","category-uncategorized-cs","tag-cyklokros"],"_links":{"self":[{"href":"https:\/\/www.czechcyclingfederation.com\/en\/wp-json\/wp\/v2\/posts\/39387","targetHints":{"allow":["GET"]}}],"collection":[{"href":"https:\/\/www.czechcyclingfederation.com\/en\/wp-json\/wp\/v2\/posts"}],"about":[{"href":"https:\/\/www.czechcyclingfederation.com\/en\/wp-json\/wp\/v2\/types\/post"}],"author":[{"embeddable":true,"href":"https:\/\/www.czechcyclingfederation.com\/en\/wp-json\/wp\/v2\/users\/15"}],"replies":[{"embeddable":true,"href":"https:\/\/www.czechcyclingfederation.com\/en\/wp-json\/wp\/v2\/comments?post=39387"}],"version-history":[{"count":3,"href":"https:\/\/www.czechcyclingfederation.com\/en\/wp-json\/wp\/v2\/posts\/39387\/revisions"}],"predecessor-version":[{"id":39396,"href":"https:\/\/www.czechcyclingfederation.com\/en\/wp-json\/wp\/v2\/posts\/39387\/revisions\/39396"}],"wp:featuredmedia":[{"embeddable":true,"href":"https:\/\/www.czechcyclingfederation.com\/en\/wp-json\/wp\/v2\/media\/39388"}],"wp:attachment":[{"href":"https:\/\/www.czechcyclingfederation.com\/en\/wp-json\/wp\/v2\/media?parent=39387"}],"wp:term":[{"taxonomy":"category","embeddable":true,"href":"https:\/\/www.czechcyclingfederation.com\/en\/wp-json\/wp\/v2\/categories?post=39387"},{"taxonomy":"post_tag","embeddable":true,"href":"https:\/\/www.czechcyclingfederation.com\/en\/wp-json\/wp\/v2\/tags?post=39387"}],"curies":[{"name":"wp","href":"https:\/\/api.w.org\/{rel}","templated":true}]}}