{"id":39322,"date":"2026-01-10T14:57:39","date_gmt":"2026-01-10T13:57:39","guid":{"rendered":"https:\/\/www.czechcyclingfederation.com\/?p=39322"},"modified":"2026-01-10T14:57:42","modified_gmt":"2026-01-10T13:57:42","slug":"bazant-v-osmnacti-slavi-titul-zemanova-popate-mistryni-cr","status":"publish","type":"post","link":"https:\/\/www.czechcyclingfederation.com\/en\/bazant-v-osmnacti-slavi-titul-zemanova-popate-mistryni-cr\/","title":{"rendered":"Ba\u017eant v osmn\u00e1cti slav\u00ed titul! Zemanov\u00e1 pop\u00e1t\u00e9 mistryn\u00ed \u010cR"},"content":{"rendered":"\n<p><strong>Osmn\u00e1ctilet\u00fd Kry\u0161tof Ba\u017eant je poprv\u00e9 v kari\u00e9\u0159e mistrem \u010cesk\u00e9 republiky v cyklokrosu. O senza\u010dn\u00edm triumfu rozhodl kr\u00e1tce p\u0159ed koncem sobotn\u00edho \u0161ampion\u00e1tu premi\u00e9rov\u011b po\u0159\u00e1dan\u00e9ho v Ostrav\u011b.<\/strong><\/p>\n\n\n\n<p>&#8220;Je senzace, \u017ee jsem jako prvoro\u010d\u00e1k hned urval mistrovsk\u00fd titul. Prost\u011b par\u00e1da,&#8221; rozpl\u00fdval se v c\u00edli z\u00e1vodn\u00edk sestavy Cyklostar Pirelli.<\/p>\n\n\n\n<p>Do z\u00e1vodu p\u0159i teplot\u011b minus sedm stup\u0148\u016f nenastoupil osmin\u00e1sobn\u00fd \u010desk\u00fd \u0161ampion Michael Boro\u0161, kter\u00fd se v sobotu r\u00e1no v Ostrav\u011b probudil se st\u0159evn\u00ed vir\u00f3zou. Nejv\u011bt\u0161\u00edm favoritem na titul tak byl V\u00e1clav Je\u017eek z Brilon Racing t\u00fdmu, kter\u00fd se od \u00favodn\u00edch minut z\u00e1vod pohyboval na \u010dele. Kry\u0161tof Ba\u017eant se hned v prvn\u00edm kole pot\u00fdkal se spadl\u00fdm \u0159et\u011bzem, n\u00e1sledn\u011b m\u00ed\u0159il v polovin\u011b z\u00e1vodu do depa kv\u016fli defektu a z\u00e1sadn\u011b ztratil.<\/p>\n\n\n\n<p>&#8220;Musel jsem dvakr\u00e1t \u010delo z\u00e1vodu doj\u00ed\u017ed\u011bt, co\u017e m\u011b st\u00e1lo dost sil. Ale v posledn\u00edm kole se bitva o titul vyvrbila v m\u016fj prosp\u011bch,&#8221; ohl\u00ed\u017eel se za z\u00e1vodem Kry\u0161tof Ba\u017eant.<\/p>\n\n\n\n<p>Favorizovan\u00fd V\u00e1clav Je\u017eek se v z\u00e1v\u011bre\u010dn\u00e9m z osmi okruh\u016f dr\u017eel na \u010dele, kr\u00e1tce p\u0159ed c\u00edlem se v\u0161ak na rovn\u00e9m \u00faseku Kry\u0161tof Ba\u017eant prot\u00e1hl na prvn\u00ed p\u0159\u00ed\u010dku a udr\u017eel ji a\u017e na c\u00edlovou rovinku, kde dok\u00e1zal odrazit atak spurtuj\u00edc\u00edho V\u00e1clava Je\u017eka. C\u00edlem pak projel osmn\u00e1ctilet\u00fd reprezentant triumf\u00e1ln\u011b s rukama nad hlavou.<\/p>\n\n\n\n<p>&#8220;Cht\u011bl jsem \u00fato\u010dit co nejpozd\u011bji, aby se atak nedal oplatit. Uk\u00e1zalo se, \u017ee moje strategie byla efektivn\u00ed,&#8221; usm\u00e1l se nov\u00fd \u010desk\u00fd \u0161ampion v cyklokrosu Kry\u0161tof Ba\u017eant. Osmn\u00e1ctilet\u00fd borec letos dominoval z\u00e1vodu \u010desk\u00e9ho poh\u00e1ru HSF Syst\u00e9m Cup v Kol\u00edn\u011b, zaskv\u011bl se sedmou p\u0159\u00ed\u010dkou p\u0159i Sv\u011btov\u00e9m poh\u00e1ru kategorie do 23 let v T\u00e1bo\u0159e a na Nov\u00fd rok vybojoval mezi t\u0159iadvac\u00edtk\u00e1\u0159i par\u00e1dn\u00ed p\u00e1t\u00e9 m\u00edsto p\u0159i GP Svena Nyse v Belgii.<\/p>\n\n\n\n<p><strong>Zemanov\u00e1 byla zcela dominantn\u00ed<\/strong><\/p>\n\n\n\n<p>Mezi \u017eenami potvrdila Krist\u00fdna Zemanov\u00e1 absolutn\u00ed nadvl\u00e1du nad \u010desk\u00fdm cyklokrosem. Z\u00e1vodnice sestavy VIF Cycling u\u017e p\u016fl kola po startu najela na \u010delo a neohro\u017een\u011b \u0161lapala pro p\u00e1t\u00fd mistrovsk\u00fd titul v \u0159ad\u011b! Na zledovat\u011bl\u00e9m okruhu nem\u011bla \u017e\u00e1dnou konkurenci.<\/p>\n\n\n\n<p>&#8220;P\u00e1t\u00fd titul byl jeden z c\u00edl\u016f sezony. P\u0159edchoz\u00ed z\u00e1vody napov\u00eddaly, \u017ee bych m\u011bla jet pro zlato. V\u00fdkonnostn\u011b jsem si v\u011b\u0159ila. D\u016fle\u017eit\u00e9 bylo, \u017ee jsem zvl\u00e1dla z\u00e1vod bez technick\u00fdch probl\u00e9m\u016f, proto\u017ee m\u00edst na defekt bylo na okruhu hodn\u011b,&#8221; hodnotila j\u00edzdu pro mistrovsk\u00fd trikot Krist\u00fdna Zemanov\u00e1.<\/p>\n\n\n\n<figure class=\"wp-block-image size-large\"><img loading=\"lazy\" decoding=\"async\" width=\"1024\" height=\"629\" src=\"https:\/\/www.czechcyclingfederation.com\/wp-content\/uploads\/2026\/01\/MCR_cyklokros_zeny-1024x629.jpg\" alt=\"\" class=\"wp-image-39326\" srcset=\"https:\/\/www.czechcyclingfederation.com\/wp-content\/uploads\/2026\/01\/MCR_cyklokros_zeny-1024x629.jpg 1024w, https:\/\/www.czechcyclingfederation.com\/wp-content\/uploads\/2026\/01\/MCR_cyklokros_zeny-300x184.jpg 300w, https:\/\/www.czechcyclingfederation.com\/wp-content\/uploads\/2026\/01\/MCR_cyklokros_zeny-768x472.jpg 768w, https:\/\/www.czechcyclingfederation.com\/wp-content\/uploads\/2026\/01\/MCR_cyklokros_zeny.jpg 1264w\" sizes=\"auto, (max-width: 1024px) 100vw, 1024px\" \/><\/figure>\n\n\n\n<p>Bravurn\u011b se dvaadvacetilet\u00e1 cyklistka vypo\u0159\u00e1dala s mraziv\u00fdm po\u010das\u00edm, kter\u00e9 v Ostrav\u011b panovalo. &#8220;Bylo t\u011b\u017ek\u00e9 udr\u017eet t\u011blo v teple. Jakmile \u010dlov\u011bk promrzne, h\u016f\u0159e se b\u011bh\u00e1 i dr\u017e\u00ed \u0159\u00edd\u00edtka. Ale podobn\u00e9 po\u010das\u00ed je v \u010cesku u\u017e \u010dtrn\u00e1ct dn\u016f, tak jsem si tro\u0161ku zvykla. A ani mi t\u011bch minus sedm v Ostrav\u011b nep\u0159i\u0161lo tak stra\u0161n\u00fdch,&#8221; pronesla Krist\u00fdna Zemanov\u00e1.<\/p>\n\n\n\n<p>Juniork\u00e1m na zasn\u011b\u017een\u00e9m okruhu dominovala \u00fa\u0159aduj\u00edc\u00ed mistryn\u011b Evropy a vicemistryn\u011b sv\u011bta Barbora Bukovsk\u00e1. Mezi juniory jela sv\u016fj z\u00e1vod dvojice sestavy Brilon Racing Anton\u00edn John a David Svoboda, kte\u0159\u00ed zbytku pole v\u00fdrazn\u011b odsko\u010dili a ve fin\u00e1le m\u011bl v\u00edce sil Anton\u00edn John.<\/p>\n\n\n\n<figure class=\"wp-block-image size-large\"><img loading=\"lazy\" decoding=\"async\" width=\"1024\" height=\"629\" src=\"https:\/\/www.czechcyclingfederation.com\/wp-content\/uploads\/2026\/01\/MCR_cyklokros_juniorky-1024x629.jpg\" alt=\"\" class=\"wp-image-39328\" srcset=\"https:\/\/www.czechcyclingfederation.com\/wp-content\/uploads\/2026\/01\/MCR_cyklokros_juniorky-1024x629.jpg 1024w, https:\/\/www.czechcyclingfederation.com\/wp-content\/uploads\/2026\/01\/MCR_cyklokros_juniorky-300x184.jpg 300w, https:\/\/www.czechcyclingfederation.com\/wp-content\/uploads\/2026\/01\/MCR_cyklokros_juniorky-768x472.jpg 768w, https:\/\/www.czechcyclingfederation.com\/wp-content\/uploads\/2026\/01\/MCR_cyklokros_juniorky.jpg 1264w\" sizes=\"auto, (max-width: 1024px) 100vw, 1024px\" \/><\/figure>\n\n\n\n<p><strong>M\u010cR v cyklokrosu v Ostrav\u011b<\/strong><\/p>\n\n\n\n<p><strong>Junio\u0159i<\/strong>: 1. A. John (Brilon Racing) 40:37 min., 2. Svoboda (Brilon Racing) +8, 3. Vorel (Prodoli Racing) +1:26 min., 4. E. John (Brilon Racing) +1:29 min., 5. Pazourek (Cycling Academy T\u00e1bor) +1:35 min.<br><strong>Juniorky<\/strong>: 1. Bukovsk\u00e1 (DK Bikeshop Racing) 44:46 min., 2. Grohov\u00e1 (Dukla Praha) +28, 3. \u0160\u00edslov\u00e1 (Lyko Prachatice) + 1 min., 4. Rothbauerov\u00e1 (Waterslay R&amp;D Cycling) +1:24 min., 5. Cermanov\u00e1 (Minimax WB Cycling) +1:47 min.<br><strong>\u017deny<\/strong>: 1. Zemanov\u00e1 (VIF Cycling) 52:32 min., 2. Hlad\u00edkov\u00e1 (Brilon Racing) +1:30 min., 3. Gottwaldov\u00e1 (Nutrend Specialized SKR) +2 min., 4. Vikov\u00e1 (Dukla Praha) +2:26 min., 5. Panu\u0161ov\u00e1 (Brilon Racing) +2:31 min.<br><strong>Mu\u017ei<\/strong>: 1. Ba\u017eant (Cyklostar Pirelli) 1:01:39 hod., 2. Je\u017eek (Brilon Racing) +2, 3. Kerl (Auto \u0160koda Mlad\u00e1 Boleslav) +17, 4. \u0158\u00edman (ATT Investments) +1:03 min., 5. Novotn\u00fd (Nutrend Specialized SKR) +1:13 min.<\/p>\n","protected":false},"excerpt":{"rendered":"<p>Osmn\u00e1ctilet\u00fd Kry\u0161tof Ba\u017eant je poprv\u00e9 v kari\u00e9\u0159e mistrem \u010cesk\u00e9 republiky v cyklokrosu. O senza\u010dn\u00edm triumfu rozhodl kr\u00e1tce p\u0159ed koncem sobotn\u00edho \u0161ampion\u00e1tu premi\u00e9rov\u011b po\u0159\u00e1dan\u00e9ho v Ostrav\u011b. &#8220;Je senzace, \u017ee jsem jako prvoro\u010d\u00e1k hned urval mistrovsk\u00fd titul. Prost\u011b par\u00e1da,&#8221; rozpl\u00fdval se v c\u00edli z\u00e1vodn\u00edk sestavy Cyklostar Pirelli. Do z\u00e1vodu p\u0159i teplot\u011b minus sedm stup\u0148\u016f nenastoupil osmin\u00e1sobn\u00fd \u010desk\u00fd [&hellip;]<\/p>\n","protected":false},"author":30,"featured_media":39324,"comment_status":"closed","ping_status":"open","sticky":false,"template":"","format":"standard","meta":{"footnotes":""},"categories":[58,2],"tags":[59],"class_list":["post-39322","post","type-post","status-publish","format-standard","has-post-thumbnail","hentry","category-cyklokros","category-novinky","tag-cyklokros"],"_links":{"self":[{"href":"https:\/\/www.czechcyclingfederation.com\/en\/wp-json\/wp\/v2\/posts\/39322","targetHints":{"allow":["GET"]}}],"collection":[{"href":"https:\/\/www.czechcyclingfederation.com\/en\/wp-json\/wp\/v2\/posts"}],"about":[{"href":"https:\/\/www.czechcyclingfederation.com\/en\/wp-json\/wp\/v2\/types\/post"}],"author":[{"embeddable":true,"href":"https:\/\/www.czechcyclingfederation.com\/en\/wp-json\/wp\/v2\/users\/30"}],"replies":[{"embeddable":true,"href":"https:\/\/www.czechcyclingfederation.com\/en\/wp-json\/wp\/v2\/comments?post=39322"}],"version-history":[{"count":2,"href":"https:\/\/www.czechcyclingfederation.com\/en\/wp-json\/wp\/v2\/posts\/39322\/revisions"}],"predecessor-version":[{"id":39331,"href":"https:\/\/www.czechcyclingfederation.com\/en\/wp-json\/wp\/v2\/posts\/39322\/revisions\/39331"}],"wp:featuredmedia":[{"embeddable":true,"href":"https:\/\/www.czechcyclingfederation.com\/en\/wp-json\/wp\/v2\/media\/39324"}],"wp:attachment":[{"href":"https:\/\/www.czechcyclingfederation.com\/en\/wp-json\/wp\/v2\/media?parent=39322"}],"wp:term":[{"taxonomy":"category","embeddable":true,"href":"https:\/\/www.czechcyclingfederation.com\/en\/wp-json\/wp\/v2\/categories?post=39322"},{"taxonomy":"post_tag","embeddable":true,"href":"https:\/\/www.czechcyclingfederation.com\/en\/wp-json\/wp\/v2\/tags?post=39322"}],"curies":[{"name":"wp","href":"https:\/\/api.w.org\/{rel}","templated":true}]}}