{"id":39314,"date":"2026-01-09T18:50:15","date_gmt":"2026-01-09T17:50:15","guid":{"rendered":"https:\/\/www.czechcyclingfederation.com\/?p=39314"},"modified":"2026-01-09T18:50:19","modified_gmt":"2026-01-09T17:50:19","slug":"tym-kasper-crypto4me-mysli-vyhledove-na-postup-vys","status":"publish","type":"post","link":"https:\/\/www.czechcyclingfederation.com\/en\/tym-kasper-crypto4me-mysli-vyhledove-na-postup-vys\/","title":{"rendered":"T\u00fdm Kasper crypto4me mysl\u00ed v\u00fdhledov\u011b na postup v\u00fd\u0161"},"content":{"rendered":"\n<p>Kr\u00e1lov\u00e9hradeck\u00fd cyklistick\u00fd silni\u010dn\u00ed t\u00fdm, kter\u00fd dosud p\u016fsobil jako Elkov Kasper, ponese v&nbsp;leto\u0161n\u00ed sezon\u011b n\u00e1zev Kasper crypto4me. A v\u00fdhledov\u011b mysl\u00ed na postup do vy\u0161\u0161\u00ed divize.<\/p>\n\n\n\n<p><em>\u201ePodpora partnera v\u00a0podob\u011b investi\u010dn\u00ed slu\u017eby v\u00a0kryptom\u011bn\u00e1ch n\u00e1m pom\u016f\u017ee zv\u00fd\u0161it ambice a sm\u011b\u0159ovat k dlouhodob\u011bj\u0161\u00edmu c\u00edli, mo\u017en\u00e9mu postupu do kategorie ProTeams,\u201c<\/em> potvrdil sportovn\u00ed \u0159editel <strong>Petr Kaltofen<\/strong>.<\/p>\n\n\n\n<p>Sestava na sezonu se rodila koncem podzimu. Tvo\u0159\u00ed ji 15 z\u00e1vodn\u00edk\u016f, 14 \u010cech\u016f a b\u00fdval\u00fd slovensk\u00fd \u0161ampion Mat\u00fa\u0161 \u0160to\u010dek. Hned dev\u011bt z nich spad\u00e1 je\u0161t\u011b do kategorie do 23 let. <em>\u201eHlavn\u00ed vize na\u0161eho t\u00fdmu se nem\u011bn\u00ed. Chceme posunout mlad\u00e9 nad\u011bje do vy\u0161\u0161\u00edch pater cyklistiky a pak je zase t\u0159eba p\u0159iv\u00edtat zp\u00e1tky,\u201c<\/em> prohl\u00e1sil Kaltofen.<\/p>\n\n\n\n<p>Staronovou tv\u00e1\u0159\u00ed je <strong>Michael Kukrle<\/strong>, proslul\u00fd mj. olympijsk\u00fdm \u00fanikem v Tokiu, kter\u00fd hl\u00e1s\u00ed druh\u00fd n\u00e1vrat do hradeck\u00e9ho dresu. Ze sousedn\u00edho ATT Investments p\u0159ich\u00e1z\u00ed tak\u00e9 Jan Bittner, mlad\u0161\u00ed bratr \u00fasp\u011b\u0161n\u00e9ho sprintera Pavla. Cyklokrosovou sekci podpo\u0159\u00ed i V\u00e1clav Je\u017eek.<\/p>\n\n\n\n<p>Dal\u0161\u00ed vzestup si slibuj\u00ed tak\u00e9 Patrik Toman z Pierre Baguette a teprve 19let\u00fd Ji\u0159\u00ed Rejzek z Roman Kreuziger Cycling Academy, kter\u00fd tak n\u00e1sleduje sv\u00e9ho b\u00fdval\u00e9ho par\u0165\u00e1ka Adama Pe\u0161ka.<\/p>\n\n\n\n<p>Hlavn\u00ed posilou se stal v\u00edt\u011bz \u010dasovky na Giru z roku 2020 (a majitel 1595 UCI bod\u016f) <strong>Josef \u010cern\u00fd<\/strong>, kter\u00fd se vr\u00e1til dom\u016f z belgick\u00e9ho worldtourov\u00e9ho t\u00fdmu Soudal Quick-Step. Po osmi letech rychle zapadl zp\u00e1tky.<\/p>\n\n\n\n<p><em>\u201eDlouho jsem o tom p\u0159em\u00fd\u0161lel. M\u011bl jsem odsud nejlep\u0161\u00ed vzpom\u00ednky, tady m\u011b to z\u00e1vod\u011bn\u00ed opravdu bavilo. Zvolil jsem mo\u017en\u00e1 pohodln\u011bj\u0161\u00ed variantu, ale douf\u00e1m, \u017ee p\u0159inesu zku\u0161enosti t\u00fdmu i jednotliv\u00fdm mlad\u00fdm kluk\u016fm, a i v\u00fdsledky man\u010daftu budou je\u0161t\u011b lep\u0161\u00ed ne\u017e loni,\u201c<\/em> uvedl \u010cern\u00fd.<\/p>\n\n\n\n<p><em>\u201eJ\u00e1 jsem pro prvn\u00edm soust\u0159ed\u011bn\u00ed ve \u0160pan\u011blsku nad\u0161en\u00fd, je to pro m\u011b velk\u00fd posun. V\u0161echno tam prob\u00edhalo na jedni\u010dku,\u201c<\/em> \u0159ekl nov\u00e1\u010dek <strong>V\u00e1clav Je\u017eek<\/strong>, kter\u00fd ofici\u00e1ln\u011b obl\u00e9kne dres t\u00fdmu a\u017e v ned\u011bli 11. ledna po mistrovstv\u00ed \u010cR v cyklokrosu v Ostrav\u011b. Tam bude bojovat o rekordn\u00ed osm\u00fd titul tak\u00e9 <strong>Michael Boro\u0161 <\/strong>a nejm\u00ed\u0148 o medaili i <strong>Jakub \u0164oupal\u00edk<\/strong>.<\/p>\n\n\n\n<p>Z lo\u0148sk\u00e9 soupisky zmizela jedni\u010dka, nad\u011bjn\u00fd 21let\u00fd Tom\u00e1\u0161 P\u0159idal, kter\u00fd zam\u00ed\u0159il do ma\u010farsk\u00e9ho United Shipping, kde maj\u00ed spolupr\u00e1ci s worldtourov\u00fdm Bahrain Victorious. Kari\u00e9ru ukon\u010dil 30let\u00fd Michal Schlegel, kter\u00fd u\u017e po t\u0159\u00edlet\u00e9m anga\u017em\u00e1 ve \u0161pan\u011blsk\u00e9m Caja Rural Seguros p\u0159ece jen doma nena\u0161el tu spr\u00e1vnou jiskru d\u00e1l pokra\u010dovat. S profesion\u00e1ln\u00ed cyklistikou se t\u00e9\u017e lou\u010d\u00ed teprve 21let\u00fd Daniel Mr\u00e1z, odch\u00e1z\u00ed i 20let\u00fd Adam Kubelka.<\/p>\n\n\n\n<figure class=\"wp-block-image size-large\"><img loading=\"lazy\" decoding=\"async\" width=\"1024\" height=\"683\" src=\"https:\/\/www.czechcyclingfederation.com\/wp-content\/uploads\/2026\/01\/tk-II-1024x683.jpg\" alt=\"\" class=\"wp-image-39318\" srcset=\"https:\/\/www.czechcyclingfederation.com\/wp-content\/uploads\/2026\/01\/tk-II-1024x683.jpg 1024w, https:\/\/www.czechcyclingfederation.com\/wp-content\/uploads\/2026\/01\/tk-II-300x200.jpg 300w, https:\/\/www.czechcyclingfederation.com\/wp-content\/uploads\/2026\/01\/tk-II-768x512.jpg 768w, https:\/\/www.czechcyclingfederation.com\/wp-content\/uploads\/2026\/01\/tk-II-1320x880.jpg 1320w, https:\/\/www.czechcyclingfederation.com\/wp-content\/uploads\/2026\/01\/tk-II.jpg 1440w\" sizes=\"auto, (max-width: 1024px) 100vw, 1024px\" \/><\/figure>\n\n\n\n<p>V\u0161ichni jezdci aktu\u00e1ln\u00edho t\u00fdmu 2026 u\u017e zaj\u00ed\u017ed\u011bj\u00ed nejvy\u0161\u0161\u00ed modely Arvo n\u011bmeck\u00e9 zna\u010dky Raymon, osazen\u00e9 sadou Shimano Dura-Ace.<\/p>\n\n\n\n<p>Ka\u017ed\u00fd z nich m\u00e1 k dispozici t\u0159i stroje, z\u00e1vodn\u00ed, tr\u00e9ninkov\u00fd a \u010dasovk\u00e1\u0159sk\u00fd, v\u0161echny s wattmetrem. K tomu personalizovan\u00e1 sedla od zna\u010dky Posedla. Dresy (zna\u010dky Kalas) jen lehce m\u011bn\u00ed design. <em>\u201eZ\u016fstaly barvy t\u00fdmu i dom\u00e1c\u00edho m\u011bsta Hradce Kr\u00e1lov\u00e9, tedy \u010derveno-\u010derno-\u017elut\u00e1,\u201c <\/em>dodal Kaltofen. Vybaven\u00ed dopl\u0148uj\u00ed nov\u00e9 p\u0159ilby Abus a br\u00fdle Oakley, nim p\u0159ibylo i lifestylov\u00e9 oble\u010den\u00ed Kappa a nov\u00e1 v\u00fd\u017eiva Nduranz spolu s obchodem na v\u00fd\u017eivov\u00e9 dopl\u0148ky ForActiv.cz.<\/p>\n\n\n\n<p>A kam sahaj\u00ed ambice? <em>\u201eLoni se n\u00e1m povedly z\u00e1vody doma, to byl jeden z hlavn\u00edch c\u00edl\u016f. Mistrovstv\u00ed republiky, Czech Tour a Okolo Ji\u017en\u00edch \u010cech, k tomu P\u0159idal z\u00edskal b\u00edl\u00fd trikot Okolo \u0158ecka,\u201c<\/em> \u0159ekl Kaltofen. V sou\u010dtu to vyneslo 330 UCI bod\u016f a 86. pozici v \u017eeb\u0159\u00ed\u010dku kontinent\u00e1ln\u00edch t\u00fdm\u016f.<\/p>\n\n\n\n<p><em>\u201eLetos m\u00e1me op\u011bt licenci i na Pro series z\u00e1vody, tedy Czech Tour, Okolo Rakouska, \u0158ecka a Slovenska. Nejv\u011bt\u0161\u00edm c\u00edlem z\u016fst\u00e1v\u00e1 mistrovstv\u00ed republiky,\u201c <\/em>prozradil Kaltofen.<\/p>\n\n\n\n<p><strong>Kompletn\u00ed sestava Kasper crypto4me 2026<\/strong><\/p>\n\n\n\n<p><strong>Adam Bittman<\/strong> (20 let), <strong>Jan Bittner<\/strong> (20), <strong>Michael Boro\u0161<\/strong> (33), <strong>Josef \u010cern\u00fd <\/strong>(32), <strong>V\u00e1clav Je\u017eek<\/strong> (20), <strong>Milan Kadlec<\/strong> (21), <strong>Michael Kukrle<\/strong> (31), <strong>Adam Pe\u0161ek<\/strong> (19), <strong>Ji\u0159\u00ed Rejzek <\/strong>(18), <strong>Filip Samec<\/strong> (20), <strong>Mat\u00fa\u0161 \u0160to\u010dek<\/strong> (26), <strong>Patrik Toman<\/strong> (20), <strong>Jakub \u0164oupal\u00edk<\/strong> (24), <strong>Mat\u011bj Zah\u00e1lka <\/strong>(32) a <strong>\u0160t\u011bp\u00e1n Zah\u00e1lka<\/strong> (19).<\/p>\n\n\n\n<p>Foto: Filip Bezd\u011bk<\/p>\n","protected":false},"excerpt":{"rendered":"<p>Kr\u00e1lov\u00e9hradeck\u00fd cyklistick\u00fd silni\u010dn\u00ed t\u00fdm, kter\u00fd dosud p\u016fsobil jako Elkov Kasper, ponese v&nbsp;leto\u0161n\u00ed sezon\u011b n\u00e1zev Kasper crypto4me. A v\u00fdhledov\u011b mysl\u00ed na postup do vy\u0161\u0161\u00ed divize. \u201ePodpora partnera v\u00a0podob\u011b investi\u010dn\u00ed slu\u017eby v\u00a0kryptom\u011bn\u00e1ch n\u00e1m pom\u016f\u017ee zv\u00fd\u0161it ambice a sm\u011b\u0159ovat k dlouhodob\u011bj\u0161\u00edmu c\u00edli, mo\u017en\u00e9mu postupu do kategorie ProTeams,\u201c potvrdil sportovn\u00ed \u0159editel Petr Kaltofen. Sestava na sezonu se rodila koncem [&hellip;]<\/p>\n","protected":false},"author":15,"featured_media":39316,"comment_status":"closed","ping_status":"open","sticky":false,"template":"","format":"standard","meta":{"footnotes":""},"categories":[2,18],"tags":[11],"class_list":["post-39314","post","type-post","status-publish","format-standard","has-post-thumbnail","hentry","category-novinky","category-silnice","tag-silnice"],"_links":{"self":[{"href":"https:\/\/www.czechcyclingfederation.com\/en\/wp-json\/wp\/v2\/posts\/39314","targetHints":{"allow":["GET"]}}],"collection":[{"href":"https:\/\/www.czechcyclingfederation.com\/en\/wp-json\/wp\/v2\/posts"}],"about":[{"href":"https:\/\/www.czechcyclingfederation.com\/en\/wp-json\/wp\/v2\/types\/post"}],"author":[{"embeddable":true,"href":"https:\/\/www.czechcyclingfederation.com\/en\/wp-json\/wp\/v2\/users\/15"}],"replies":[{"embeddable":true,"href":"https:\/\/www.czechcyclingfederation.com\/en\/wp-json\/wp\/v2\/comments?post=39314"}],"version-history":[{"count":3,"href":"https:\/\/www.czechcyclingfederation.com\/en\/wp-json\/wp\/v2\/posts\/39314\/revisions"}],"predecessor-version":[{"id":39321,"href":"https:\/\/www.czechcyclingfederation.com\/en\/wp-json\/wp\/v2\/posts\/39314\/revisions\/39321"}],"wp:featuredmedia":[{"embeddable":true,"href":"https:\/\/www.czechcyclingfederation.com\/en\/wp-json\/wp\/v2\/media\/39316"}],"wp:attachment":[{"href":"https:\/\/www.czechcyclingfederation.com\/en\/wp-json\/wp\/v2\/media?parent=39314"}],"wp:term":[{"taxonomy":"category","embeddable":true,"href":"https:\/\/www.czechcyclingfederation.com\/en\/wp-json\/wp\/v2\/categories?post=39314"},{"taxonomy":"post_tag","embeddable":true,"href":"https:\/\/www.czechcyclingfederation.com\/en\/wp-json\/wp\/v2\/tags?post=39314"}],"curies":[{"name":"wp","href":"https:\/\/api.w.org\/{rel}","templated":true}]}}