{"id":39300,"date":"2026-01-08T16:47:02","date_gmt":"2026-01-08T15:47:02","guid":{"rendered":"https:\/\/www.czechcyclingfederation.com\/?p=39300"},"modified":"2026-01-08T16:47:06","modified_gmt":"2026-01-08T15:47:06","slug":"tym-att-investments-ma-znovu-nejvyssi-ambice","status":"publish","type":"post","link":"https:\/\/www.czechcyclingfederation.com\/en\/tym-att-investments-ma-znovu-nejvyssi-ambice\/","title":{"rendered":"T\u00fdm ATT Investments m\u00e1 znovu nejvy\u0161\u0161\u00ed ambice"},"content":{"rendered":"\n<p>Nejlep\u0161\u00ed kontinent\u00e1ln\u00ed t\u00fdm sv\u011bta za rok 2025 ATT Investments vstupuje do dvan\u00e1ct\u00e9 sezony op\u011bt s vysok\u00fdmi ambicemi. \u010cesk\u00e1 kontinent\u00e1ln\u00ed st\u00e1j chce nav\u00e1zat na v\u00fdsledky z minul\u00e9ho roku, kter\u00fd pro ni byl nej\u00fasp\u011b\u0161n\u011bj\u0161\u00ed v historii.<\/p>\n\n\n\n<p>Cyklist\u00e9 ATT si p\u0159ipsali 34 v\u00edt\u011bzstv\u00ed, z toho 26 v z\u00e1vodech z kalend\u00e1\u0159e Mezin\u00e1rodn\u00ed cyklistick\u00e9 unie (UCI). Byli nejlep\u0161\u00ed v&nbsp;Europe Tour a skon\u010dili osm\u00ed co do po\u010dtu p\u00f3diov\u00fdch um\u00edst\u011bn\u00ed mezi v\u0161emi sv\u011btov\u00fdmi t\u00fdmy bez rozd\u00edlu kategorie!<\/p>\n\n\n\n<p>Obm\u011bnou z\u00e1vodnick\u00e9ho k\u00e1dru s\u00edla t\u00fdmu pro sezonu 2026 je\u0161t\u011b vzrostla, tak\u017ee obhajoba lo\u0148sk\u00fdch v\u00fdsledk\u016f ur\u010dit\u011b nen\u00ed nere\u00e1ln\u00e1.<\/p>\n\n\n\n<figure class=\"wp-block-image size-large\"><img loading=\"lazy\" decoding=\"async\" width=\"1024\" height=\"683\" src=\"https:\/\/www.czechcyclingfederation.com\/wp-content\/uploads\/2026\/01\/att-2-1024x683.jpg\" alt=\"\" class=\"wp-image-39304\" srcset=\"https:\/\/www.czechcyclingfederation.com\/wp-content\/uploads\/2026\/01\/att-2-1024x683.jpg 1024w, https:\/\/www.czechcyclingfederation.com\/wp-content\/uploads\/2026\/01\/att-2-300x200.jpg 300w, https:\/\/www.czechcyclingfederation.com\/wp-content\/uploads\/2026\/01\/att-2-768x512.jpg 768w, https:\/\/www.czechcyclingfederation.com\/wp-content\/uploads\/2026\/01\/att-2-1320x880.jpg 1320w, https:\/\/www.czechcyclingfederation.com\/wp-content\/uploads\/2026\/01\/att-2.jpg 1440w\" sizes=\"auto, (max-width: 1024px) 100vw, 1024px\" \/><\/figure>\n\n\n\n<p><em>\u201eDomn\u00edv\u00e1m se, \u017ee to v \u010cech\u00e1ch nen\u00ed asi \u00fapln\u011b docen\u011bno, ale mysl\u00edm, \u017ee \u017e\u00e1dn\u00fd t\u00fdm do t\u00e9to \u00farovn\u011b asi je\u0161t\u011b v\u016fbec neza\u0161el. Kdy\u017e si \u010dlov\u011bk vezme, jak je t\u011b\u017ek\u00e9 na z\u00e1vody v\u016fbec odjet, dojet je a dos\u00e1hnout p\u0159i tom v\u0161em 26 v\u00edt\u011bzstv\u00ed v z\u00e1vodech pod hlavi\u010dkou UCI, to je n\u011bco \u00fa\u017easn\u00e9ho,\u201c<\/em> \u0159ekl \u0161\u00e9f st\u00e1je <strong>Radim Kijevsk\u00fd<\/strong>. <em>\u201eP\u0159edev\u0161\u00edm d\u011bkuji v\u0161em, kdo\u017e n\u00e1s podporovali a podporuj\u00ed. Bez nich bychom takov\u00e9ho \u00fasp\u011bchu nikdy nemohli dos\u00e1hnout,\u201c<\/em> dodal.<\/p>\n\n\n\n<p><em>\u201eJak se n\u00e1m za\u010dalo da\u0159it, tak jsme se stali st\u0159edem pozornosti. Co\u017e znamenalo, \u017ee jsme si \u0159adu z\u00e1vod\u016f museli vyd\u0159\u00edt sami, proto\u017ee n\u00e1m v pelotonu nikdo nepomohl. \u00dasp\u011bchem pro n\u00e1s je i to, kolik jezdc\u016f se dostalo na mistrovstv\u00ed sv\u011bta,\u201c<\/em> uvedl jeden ze sportovn\u00edch \u0159editel\u016f <strong>Juraj Sagan<\/strong>.<\/p>\n\n\n\n<figure class=\"wp-block-image size-large\"><img loading=\"lazy\" decoding=\"async\" width=\"1024\" height=\"683\" src=\"https:\/\/www.czechcyclingfederation.com\/wp-content\/uploads\/2026\/01\/att-sagan-1024x683.jpg\" alt=\"\" class=\"wp-image-39306\" srcset=\"https:\/\/www.czechcyclingfederation.com\/wp-content\/uploads\/2026\/01\/att-sagan-1024x683.jpg 1024w, https:\/\/www.czechcyclingfederation.com\/wp-content\/uploads\/2026\/01\/att-sagan-300x200.jpg 300w, https:\/\/www.czechcyclingfederation.com\/wp-content\/uploads\/2026\/01\/att-sagan-768x512.jpg 768w, https:\/\/www.czechcyclingfederation.com\/wp-content\/uploads\/2026\/01\/att-sagan-1320x880.jpg 1320w, https:\/\/www.czechcyclingfederation.com\/wp-content\/uploads\/2026\/01\/att-sagan.jpg 1440w\" sizes=\"auto, (max-width: 1024px) 100vw, 1024px\" \/><\/figure>\n\n\n\n<p>Nejstar\u0161\u00edm z\u00e1vodn\u00edkem, a z\u00e1rove\u0148 jedn\u00edm ze dvou kapit\u00e1n\u016f, se po obm\u011bn\u011b z\u00e1vodnick\u00e9ho slo\u017een\u00ed stal <strong>Dominik Neuman<\/strong>, mimochodem celkov\u00fd v\u00edt\u011bz \u0160koda Cupu 2025: <em>\u201eByla to v\u00fdborn\u00e1 sezona, dos\u00e1hli jsme na vynikaj\u00edc\u00ed v\u00fdsledky v pr\u016fb\u011bhu cel\u00e9ho roku. Douf\u00e1m, \u017ee letos na ty v\u00fdsledky \u00fasp\u011b\u0161n\u011b nav\u00e1\u017eeme. P\u0159edpokl\u00e1d\u00e1 to op\u011bt tvrdou pr\u00e1ci, kterou u\u017e jsme za\u010dali. Prvn\u00ed spole\u010dn\u00fd t\u00fdmov\u00fd kemp ve \u0160pan\u011blsku se vyda\u0159il, m\u00e1me kvalitn\u00ed tren\u00e9ry, sportovn\u00ed \u0159editele. Ka\u017ed\u00fd z n\u00e1s se mus\u00ed sna\u017eit b\u00fdt co nejlep\u0161\u00ed, a kdy\u017e to propoj\u00edme s t\u00fdmov\u00fdm p\u0159\u00edstupem, tak by to m\u011blo op\u011bt p\u0159in\u00e9st ovoce,\u201c<\/em> \u0159ekl Neuman.<\/p>\n\n\n\n<p>V t\u00fdmu je \u0161est nov\u00fdch posil. P\u0159i\u0161el <strong>Kry\u0161tof Kr\u00e1l<\/strong>, 19let\u00fd talent, kter\u00fd naposledy p\u016fsobil v&nbsp;development t\u00fdmu \u0161v\u00fdcarsk\u00e9 formace Tudor, d\u00e1le polsk\u00e9 kvarteto <strong>Tobiasz Pawlak, Mateusz Gajdulewicz, Michal Pomorski, Tomasz Budzi\u0148ski<\/strong> a do zn\u00e1m\u00e9ho prost\u0159ed\u00ed se vr\u00e1til N\u011bmec <strong>Mik\u00e1 Heming<\/strong>.<\/p>\n\n\n\n<p><em>\u201eHeming s Pawlakem jsou zku\u0161en\u00ed jezdci a m\u011bli by hlavn\u011b pomoci ostatn\u00edm. Kr\u00e1l byl jako junior obrovsk\u00fd talent, v Tudor Pro Cycling Teamu to ale nedok\u00e1zal prodat,\u201c<\/em> uvedl na adresu n\u011bkter\u00fdch posil Sagan.<\/p>\n\n\n\n<figure class=\"wp-block-image size-large\"><img loading=\"lazy\" decoding=\"async\" width=\"1024\" height=\"683\" src=\"https:\/\/www.czechcyclingfederation.com\/wp-content\/uploads\/2026\/01\/att-3-1024x683.jpg\" alt=\"\" class=\"wp-image-39308\" srcset=\"https:\/\/www.czechcyclingfederation.com\/wp-content\/uploads\/2026\/01\/att-3-1024x683.jpg 1024w, https:\/\/www.czechcyclingfederation.com\/wp-content\/uploads\/2026\/01\/att-3-300x200.jpg 300w, https:\/\/www.czechcyclingfederation.com\/wp-content\/uploads\/2026\/01\/att-3-768x512.jpg 768w, https:\/\/www.czechcyclingfederation.com\/wp-content\/uploads\/2026\/01\/att-3-1320x880.jpg 1320w, https:\/\/www.czechcyclingfederation.com\/wp-content\/uploads\/2026\/01\/att-3.jpg 1440w\" sizes=\"auto, (max-width: 1024px) 100vw, 1024px\" \/><\/figure>\n\n\n\n<p>Na soupisce je aktu\u00e1ln\u011b 17 z\u00e1vodn\u00edk\u016f. Gajdulewicze v\u0161ak p\u0159i tr\u00e9ninku srazilo auto. <em>\u201eM\u00e1 nadvakr\u00e1t zlomenou stehenn\u00ed kost. Snad bude jeho rekonvalescence rychl\u00e1,\u201c<\/em> douf\u00e1 Sagan.<\/p>\n\n\n\n<p>Novou posilou mezi sportovn\u00edmi \u0159editeli je b\u00fdval\u00fd polsk\u00fd z\u00e1vodn\u00edk <strong>Adrian Banaszek<\/strong>. \u201e<em>Jsem ohromen\u00fd t\u00edm, jak ATT vyst\u0159elil vzh\u016fru. Mysl\u00edm, \u017ee \u010desk\u00e1 cyklistika jde celkov\u011b hodn\u011b nahoru. U\u017e ji sleduji n\u011bjak\u00fdch patn\u00e1ct let a jsem nad\u0161en\u00fd, \u017ee jsem se mohl k takov\u00e9mu t\u00fdmu p\u0159ipojit,\u201c <\/em>\u0159ekl.<\/p>\n\n\n\n<p>Foto: Jan Brychta<\/p>\n","protected":false},"excerpt":{"rendered":"<p>Nejlep\u0161\u00ed kontinent\u00e1ln\u00ed t\u00fdm sv\u011bta za rok 2025 ATT Investments vstupuje do dvan\u00e1ct\u00e9 sezony op\u011bt s vysok\u00fdmi ambicemi. \u010cesk\u00e1 kontinent\u00e1ln\u00ed st\u00e1j chce nav\u00e1zat na v\u00fdsledky z minul\u00e9ho roku, kter\u00fd pro ni byl nej\u00fasp\u011b\u0161n\u011bj\u0161\u00ed v historii. Cyklist\u00e9 ATT si p\u0159ipsali 34 v\u00edt\u011bzstv\u00ed, z toho 26 v z\u00e1vodech z kalend\u00e1\u0159e Mezin\u00e1rodn\u00ed cyklistick\u00e9 unie (UCI). Byli nejlep\u0161\u00ed v&nbsp;Europe Tour [&hellip;]<\/p>\n","protected":false},"author":15,"featured_media":39302,"comment_status":"closed","ping_status":"open","sticky":false,"template":"","format":"standard","meta":{"footnotes":""},"categories":[2,18],"tags":[11],"class_list":["post-39300","post","type-post","status-publish","format-standard","has-post-thumbnail","hentry","category-novinky","category-silnice","tag-silnice"],"_links":{"self":[{"href":"https:\/\/www.czechcyclingfederation.com\/en\/wp-json\/wp\/v2\/posts\/39300","targetHints":{"allow":["GET"]}}],"collection":[{"href":"https:\/\/www.czechcyclingfederation.com\/en\/wp-json\/wp\/v2\/posts"}],"about":[{"href":"https:\/\/www.czechcyclingfederation.com\/en\/wp-json\/wp\/v2\/types\/post"}],"author":[{"embeddable":true,"href":"https:\/\/www.czechcyclingfederation.com\/en\/wp-json\/wp\/v2\/users\/15"}],"replies":[{"embeddable":true,"href":"https:\/\/www.czechcyclingfederation.com\/en\/wp-json\/wp\/v2\/comments?post=39300"}],"version-history":[{"count":2,"href":"https:\/\/www.czechcyclingfederation.com\/en\/wp-json\/wp\/v2\/posts\/39300\/revisions"}],"predecessor-version":[{"id":39310,"href":"https:\/\/www.czechcyclingfederation.com\/en\/wp-json\/wp\/v2\/posts\/39300\/revisions\/39310"}],"wp:featuredmedia":[{"embeddable":true,"href":"https:\/\/www.czechcyclingfederation.com\/en\/wp-json\/wp\/v2\/media\/39302"}],"wp:attachment":[{"href":"https:\/\/www.czechcyclingfederation.com\/en\/wp-json\/wp\/v2\/media?parent=39300"}],"wp:term":[{"taxonomy":"category","embeddable":true,"href":"https:\/\/www.czechcyclingfederation.com\/en\/wp-json\/wp\/v2\/categories?post=39300"},{"taxonomy":"post_tag","embeddable":true,"href":"https:\/\/www.czechcyclingfederation.com\/en\/wp-json\/wp\/v2\/tags?post=39300"}],"curies":[{"name":"wp","href":"https:\/\/api.w.org\/{rel}","templated":true}]}}