{"id":39277,"date":"2026-01-06T21:42:49","date_gmt":"2026-01-06T20:42:49","guid":{"rendered":"https:\/\/www.czechcyclingfederation.com\/?p=39277"},"modified":"2026-01-06T21:42:52","modified_gmt":"2026-01-06T20:42:52","slug":"ostrava-urci-sampiony-i-adepty-na-duhovy-trikot","status":"publish","type":"post","link":"https:\/\/www.czechcyclingfederation.com\/en\/ostrava-urci-sampiony-i-adepty-na-duhovy-trikot\/","title":{"rendered":"Ostrava ur\u010d\u00ed \u0161ampiony i adepty na duhov\u00fd trikot"},"content":{"rendered":"\n<p><strong>Poprv\u00e9 v historii se mistrovstv\u00ed \u010cesk\u00e9 republiky v cyklokrosu pojede v Ostrav\u011b. Dom\u00e1c\u00ed \u0161ampion\u00e1t, napl\u00e1novan\u00fd na sobotu 10. ledna, ur\u010d\u00ed sou\u010dasn\u011b i definitivn\u00ed podobu nominace na mistrovstv\u00ed sv\u011bta v nizozemsk\u00e9m Hulstu, kter\u00e9 se jede na p\u0159elomu ledna a \u00fanora.<\/strong><\/p>\n\n\n\n<p>Jasnou favoritkou mezi elitou \u017een je Krist\u00fdna Zemanov\u00e1, kter\u00e1 v prob\u00edhaj\u00edc\u00edm Sv\u011btov\u00e9m poh\u00e1ru pravideln\u011b doj\u00ed\u017ed\u00ed mezi nejlep\u0161\u00ed des\u00edtkou, v Antverp\u00e1ch byla p\u00e1t\u00e1 a p\u0159i X2O Trofee Loenhout byla dokonce druh\u00e1 za prakticky neporazitelnou Lucinou Brandovou z Nizozemska.<\/p>\n\n\n\n<p>&#8220;Letos jsem z\u00e1vodila jen na suchu nebo na p\u00edsku. Tak\u017ee pokud bude kolem nuly a pojede se na bl\u00e1t\u011b, nem\u00e1m probl\u00e9m. V cyklokrosu se m\u016f\u017ee st\u00e1t v\u0161e, ale nem\u00e1m se \u010deho ob\u00e1vat. Chci z\u00edskat p\u00e1t\u00fd republikov\u00fd titul,&#8221; prohl\u00e1sila sebev\u011bdom\u011b dvaadvacetilet\u00e1 Krist\u00fdna Zemanov\u00e1 z t\u00fdmu Liv Cycling.<\/p>\n\n\n\n<figure class=\"wp-block-image size-large\"><img loading=\"lazy\" decoding=\"async\" width=\"1024\" height=\"682\" src=\"http:\/\/www.czechcyclingfederation.com\/wp-content\/uploads\/2026\/01\/Tiskova-konference-pred-MCR-v-cyklokrosu-2026-\u00a9Filip-Bezdek-2025-21-1024x682.jpeg\" alt=\"\" class=\"wp-image-39282\" srcset=\"https:\/\/www.czechcyclingfederation.com\/wp-content\/uploads\/2026\/01\/Tiskova-konference-pred-MCR-v-cyklokrosu-2026-\u00a9Filip-Bezdek-2025-21-1024x682.jpeg 1024w, https:\/\/www.czechcyclingfederation.com\/wp-content\/uploads\/2026\/01\/Tiskova-konference-pred-MCR-v-cyklokrosu-2026-\u00a9Filip-Bezdek-2025-21-300x200.jpeg 300w, https:\/\/www.czechcyclingfederation.com\/wp-content\/uploads\/2026\/01\/Tiskova-konference-pred-MCR-v-cyklokrosu-2026-\u00a9Filip-Bezdek-2025-21-768x512.jpeg 768w, https:\/\/www.czechcyclingfederation.com\/wp-content\/uploads\/2026\/01\/Tiskova-konference-pred-MCR-v-cyklokrosu-2026-\u00a9Filip-Bezdek-2025-21.jpeg 1280w\" sizes=\"auto, (max-width: 1024px) 100vw, 1024px\" \/><\/figure>\n\n\n\n<p>Zat\u00edmco mezi \u017eenami by m\u011bla b\u00fdt bitva jednozna\u010dn\u00e1, elita mu\u017e\u016f slibuje dramatickou pod\u00edvanou. U\u017e na dev\u00e1t\u00fd titul bude \u00fato\u010dit Michael Boro\u0161, jemu\u017e v\u0161ak skv\u011bl\u00fdmi v\u00fdkony konkuruje V\u00e1clav Je\u017eek. V\u00edt\u011bz celkov\u00e9ho po\u0159ad\u00ed \u010desk\u00e9ho poh\u00e1ru HSF System Cup se sice musel vypo\u0159\u00e1dat s bolav\u00fdm kolenem, ale na bitvu o mistrovsk\u00fd trikot je p\u0159ipraven. &#8220;V\u011b\u0159\u00edm, \u017ee budu schopn\u00fd jet o prvn\u00ed p\u0159\u00ed\u010dku,&#8221; \u0159ekl teprve dvacetilet\u00fd v\u00edt\u011bz z\u00e1vod\u016f v Mlad\u00e9 Boleslavi, Hlinsku, Ji\u010d\u00edn\u011b, Vesel\u00ed nad Lu\u017enic\u00ed a z Hol\u00fdch Vrch\u016f.<\/p>\n\n\n\n<p>\u0160ampion\u00e1t v Ostrav\u011b ur\u010d\u00ed i definitivn\u00ed podobu nominace \u010desk\u00e9 reprezentace pro mistrovstv\u00ed sv\u011bta v nizozemsk\u00e9m Hulstu. &#8220;Do mistrovstv\u00ed sv\u011bta zb\u00fdvaj\u00ed t\u0159i t\u00fddny, tak\u017ee ostravsk\u00fd \u0161ampion\u00e1t ur\u010dit\u011b vliv m\u00edt bude. Budeme vych\u00e1zet i z n\u011bjak\u00e9 moment\u00e1ln\u00ed v\u00fdkonnosti. V ka\u017ed\u00e9 kategorii jsou dva z\u00e1vodn\u00edci, kte\u0159\u00ed jsou schopni jezdit v pop\u0159ed\u00ed na mezin\u00e1rodn\u00edch z\u00e1vodech. Nicm\u00e9n\u011b se po\u0159\u00e1d bojuje o hodn\u011b voln\u00fdch m\u00edst,&#8221; pronesl reprezenta\u010dn\u00ed tren\u00e9r Michal Bedn\u00e1\u0159.<\/p>\n\n\n\n<figure class=\"wp-block-image size-large\"><img loading=\"lazy\" decoding=\"async\" width=\"1024\" height=\"682\" src=\"http:\/\/www.czechcyclingfederation.com\/wp-content\/uploads\/2026\/01\/Tiskova-konference-pred-MCR-v-cyklokrosu-2026-\u00a9Filip-Bezdek-2025-16-1024x682.jpeg\" alt=\"\" class=\"wp-image-39286\" srcset=\"https:\/\/www.czechcyclingfederation.com\/wp-content\/uploads\/2026\/01\/Tiskova-konference-pred-MCR-v-cyklokrosu-2026-\u00a9Filip-Bezdek-2025-16-1024x682.jpeg 1024w, https:\/\/www.czechcyclingfederation.com\/wp-content\/uploads\/2026\/01\/Tiskova-konference-pred-MCR-v-cyklokrosu-2026-\u00a9Filip-Bezdek-2025-16-300x200.jpeg 300w, https:\/\/www.czechcyclingfederation.com\/wp-content\/uploads\/2026\/01\/Tiskova-konference-pred-MCR-v-cyklokrosu-2026-\u00a9Filip-Bezdek-2025-16-768x512.jpeg 768w, https:\/\/www.czechcyclingfederation.com\/wp-content\/uploads\/2026\/01\/Tiskova-konference-pred-MCR-v-cyklokrosu-2026-\u00a9Filip-Bezdek-2025-16.jpeg 1280w\" sizes=\"auto, (max-width: 1024px) 100vw, 1024px\" \/><\/figure>\n\n\n\n<p>Mistrovstv\u00ed republiky se uskute\u010dn\u00ed v Doln\u00edch V\u00edtkovic\u00edch, kde se odehr\u00e1v\u00e1 kup\u0159\u00edkladu turnaj elity sv\u011btov\u00e9ho beachvolejbalu. Navzdory sou\u010dasn\u00fdm mraz\u016fm organiz\u00e1to\u0159i o\u010dek\u00e1vaj\u00ed, \u017ee na sobotn\u00ed hlavn\u00ed z\u00e1vody dosp\u011bl\u00fdch bude teplota kolem nuly. &#8220;Asi to bude klouzat. M\u00edst, kde nen\u00ed tr\u00e1va, ale hl\u00edna, je spousta,&#8221; p\u0159em\u00edtal \u0159editel z\u00e1vodu Radovan \u0160\u0165astn\u00fd.<\/p>\n\n\n\n<p>V\u00edt\u011bzov\u00e9 mistrovstv\u00ed republiky 2026 z\u00edskaj\u00ed krom\u011b trikot\u016f a zlat\u00fdch medail\u00ed speci\u00e1ln\u00ed kovovou trofej zobrazuj\u00edc\u00ed cyklistu, kter\u00fd s kolem na rameni stoup\u00e1 po schodech.<\/p>\n\n\n\n<p><em>Foto: Filip Bezd\u011bk<\/em><\/p>\n","protected":false},"excerpt":{"rendered":"<p>Poprv\u00e9 v historii se mistrovstv\u00ed \u010cesk\u00e9 republiky v cyklokrosu pojede v Ostrav\u011b. Dom\u00e1c\u00ed \u0161ampion\u00e1t, napl\u00e1novan\u00fd na sobotu 10. ledna, ur\u010d\u00ed sou\u010dasn\u011b i definitivn\u00ed podobu nominace na mistrovstv\u00ed sv\u011bta v nizozemsk\u00e9m Hulstu, kter\u00e9 se jede na p\u0159elomu ledna a \u00fanora. Jasnou favoritkou mezi elitou \u017een je Krist\u00fdna Zemanov\u00e1, kter\u00e1 v prob\u00edhaj\u00edc\u00edm Sv\u011btov\u00e9m poh\u00e1ru pravideln\u011b doj\u00ed\u017ed\u00ed mezi [&hellip;]<\/p>\n","protected":false},"author":30,"featured_media":39278,"comment_status":"closed","ping_status":"open","sticky":false,"template":"","format":"standard","meta":{"footnotes":""},"categories":[2],"tags":[59],"class_list":["post-39277","post","type-post","status-publish","format-standard","has-post-thumbnail","hentry","category-novinky","tag-cyklokros"],"_links":{"self":[{"href":"https:\/\/www.czechcyclingfederation.com\/en\/wp-json\/wp\/v2\/posts\/39277","targetHints":{"allow":["GET"]}}],"collection":[{"href":"https:\/\/www.czechcyclingfederation.com\/en\/wp-json\/wp\/v2\/posts"}],"about":[{"href":"https:\/\/www.czechcyclingfederation.com\/en\/wp-json\/wp\/v2\/types\/post"}],"author":[{"embeddable":true,"href":"https:\/\/www.czechcyclingfederation.com\/en\/wp-json\/wp\/v2\/users\/30"}],"replies":[{"embeddable":true,"href":"https:\/\/www.czechcyclingfederation.com\/en\/wp-json\/wp\/v2\/comments?post=39277"}],"version-history":[{"count":1,"href":"https:\/\/www.czechcyclingfederation.com\/en\/wp-json\/wp\/v2\/posts\/39277\/revisions"}],"predecessor-version":[{"id":39288,"href":"https:\/\/www.czechcyclingfederation.com\/en\/wp-json\/wp\/v2\/posts\/39277\/revisions\/39288"}],"wp:featuredmedia":[{"embeddable":true,"href":"https:\/\/www.czechcyclingfederation.com\/en\/wp-json\/wp\/v2\/media\/39278"}],"wp:attachment":[{"href":"https:\/\/www.czechcyclingfederation.com\/en\/wp-json\/wp\/v2\/media?parent=39277"}],"wp:term":[{"taxonomy":"category","embeddable":true,"href":"https:\/\/www.czechcyclingfederation.com\/en\/wp-json\/wp\/v2\/categories?post=39277"},{"taxonomy":"post_tag","embeddable":true,"href":"https:\/\/www.czechcyclingfederation.com\/en\/wp-json\/wp\/v2\/tags?post=39277"}],"curies":[{"name":"wp","href":"https:\/\/api.w.org\/{rel}","templated":true}]}}