{"id":39265,"date":"2026-01-05T18:41:29","date_gmt":"2026-01-05T17:41:29","guid":{"rendered":"https:\/\/www.czechcyclingfederation.com\/?p=39265"},"modified":"2026-01-05T23:50:52","modified_gmt":"2026-01-05T22:50:52","slug":"kral-cyklistiky-bude-vyhlasen-za-tyden","status":"publish","type":"post","link":"https:\/\/www.czechcyclingfederation.com\/en\/kral-cyklistiky-bude-vyhlasen-za-tyden\/","title":{"rendered":"Kr\u00e1l cyklistiky bude vyhl\u00e1\u0161en za t\u00fdden"},"content":{"rendered":"\n<p>Tradi\u010dn\u00ed slavnostn\u00ed galave\u010der u p\u0159\u00edle\u017eitosti vyhl\u00e1\u0161en\u00ed ankety <strong>Kr\u00e1l cyklistiky<\/strong> se bl\u00ed\u017e\u00ed. U\u017e v pond\u011bl\u00ed 12. ledna 2026, p\u0159esn\u011b za t\u00fdden, bude v prostor\u00e1ch Ski a Bike Centra Radot\u00edn jasn\u00e9, kdo z\u00edskal korunu pro 61. Kr\u00e1le \u010desk\u00e9 cyklistiky.<\/p>\n\n\n\n<p>Novin\u00e1\u0159i, tren\u00e9\u0159i a funkcion\u00e1\u0159i rozhodnou v presti\u017en\u00ed anket\u011b \u010cesk\u00e9ho svazu cyklistiky sv\u00fdmi hlasy o tom, kdo bude v\u00edt\u011bzem presti\u017en\u00ed ankety za rok 2025. P\u0159\u00edm\u00fd p\u0159enos ze slavnostn\u00edho p\u0159ed\u00e1v\u00e1n\u00ed nab\u00eddne tradi\u010dn\u011b stanice \u010cT Sport, a to \u017eiv\u011b od 20:15.<\/p>\n\n\n\n<p>Kr\u00e1lem cyklistiky za rok 2024 se stal silni\u010d\u00e1\u0159 Pavel Bittner, p\u0159ed n\u00edm triumfovaly dv\u011b \u017eeny: cyklokrosa\u0159ka Krist\u00fdna Zemanov\u00e1 a Iveta Miculy\u010dov\u00e1, reprezentantka ve freestyle BMX.<\/p>\n\n\n\n<figure class=\"wp-block-image size-large\"><img loading=\"lazy\" decoding=\"async\" width=\"1024\" height=\"683\" src=\"https:\/\/www.czechcyclingfederation.com\/wp-content\/uploads\/2026\/01\/Kral-cyklistiky_2024_m_092-1024x683.jpg\" alt=\"\" class=\"wp-image-39266\" srcset=\"https:\/\/www.czechcyclingfederation.com\/wp-content\/uploads\/2026\/01\/Kral-cyklistiky_2024_m_092-1024x683.jpg 1024w, https:\/\/www.czechcyclingfederation.com\/wp-content\/uploads\/2026\/01\/Kral-cyklistiky_2024_m_092-300x200.jpg 300w, https:\/\/www.czechcyclingfederation.com\/wp-content\/uploads\/2026\/01\/Kral-cyklistiky_2024_m_092-768x512.jpg 768w, https:\/\/www.czechcyclingfederation.com\/wp-content\/uploads\/2026\/01\/Kral-cyklistiky_2024_m_092-1536x1025.jpg 1536w, https:\/\/www.czechcyclingfederation.com\/wp-content\/uploads\/2026\/01\/Kral-cyklistiky_2024_m_092-1320x880.jpg 1320w, https:\/\/www.czechcyclingfederation.com\/wp-content\/uploads\/2026\/01\/Kral-cyklistiky_2024_m_092.jpg 2000w\" sizes=\"auto, (max-width: 1024px) 100vw, 1024px\" \/><\/figure>\n\n\n\n<p>Vyhla\u0161ov\u00e1n\u00ed ankety za rok 2025 p\u0159in\u00e1\u0161\u00ed zm\u011bny. V hlavn\u00ed kategorii nebude nov\u011b vyhl\u00e1\u0161ena pouze trojice nejlep\u0161\u00edch, ale hned p\u011btice. T\u011bchto 5 nejlep\u0161\u00edch cyklist\u016f a cyklistek roku 2025 vyb\u00edr\u00e1 odborn\u00e1 ve\u0159ejnost (sportovn\u00ed novin\u00e1\u0159i) a funkcion\u00e1\u0159i svazu, a to bez rozd\u00edlu discipl\u00edny \u010di v\u011bku.<\/p>\n\n\n\n<p>Novinkami pro\u0161ly tak\u00e9 vlo\u017een\u00e9 kategorie. Titul <strong>Talent roku<\/strong> ocen\u00ed nejv\u00fdrazn\u011bj\u0161\u00ed mlad\u00e9 jezdce uplynul\u00e9 sezony. Kategorie <strong>Po\u010din roku<\/strong> pak vyzdvihne mimo\u0159\u00e1dn\u00fd sportovn\u00ed v\u00fdkon, gesto fair play, organizaci v\u00fdznamn\u00e9 akce \u010di jin\u00fd z\u00e1sadn\u00ed p\u0159\u00ednos pro cyklistiku. Na rozd\u00edl od ostatn\u00edch kategori\u00ed zde rozhoduje \u0161irok\u00e1 ve\u0159ejnost, kter\u00e1 m\u00e1 mo\u017enost pod\u00edlet se na tom, kdo si toto ocen\u011bn\u00ed odnese.<\/p>\n\n\n\n<p>Pevnou sou\u010d\u00e1st\u00ed z\u016fst\u00e1v\u00e1 <strong>S\u00ed\u0148 sl\u00e1vy \u010cSC<\/strong>, tedy ocen\u011bn\u00ed p\u0159ipom\u00ednaj\u00edc\u00ed a vyzdvihuj\u00edc\u00ed osobnosti, kter\u00e9 \u010deskou cyklistiku ovlivnily dlouhodob\u011b a zcela mimo\u0159\u00e1dn\u011b.<\/p>\n\n\n\n<p>Jak to v\u0161echno dopadne, bude jasn\u00e9 12. ledna ve ve\u010dern\u00edch hodin\u00e1ch.<\/p>\n\n\n\n<p>Kr\u00e1l cyklistiky je jednou z nejstar\u0161\u00edch sportovn\u00edch anket u n\u00e1s, historicky prvn\u00edm v\u00edt\u011bzem se stal v roce 1965 Pavel Dole\u017eel.<\/p>\n\n\n\n<p>Foto: Michal \u010cerven\u00fd<\/p>\n","protected":false},"excerpt":{"rendered":"<p>Tradi\u010dn\u00ed slavnostn\u00ed galave\u010der u p\u0159\u00edle\u017eitosti vyhl\u00e1\u0161en\u00ed ankety Kr\u00e1l cyklistiky se bl\u00ed\u017e\u00ed. U\u017e v pond\u011bl\u00ed 12. ledna 2026, p\u0159esn\u011b za t\u00fdden, bude v prostor\u00e1ch Ski a Bike Centra Radot\u00edn jasn\u00e9, kdo z\u00edskal korunu pro 61. Kr\u00e1le \u010desk\u00e9 cyklistiky. Novin\u00e1\u0159i, tren\u00e9\u0159i a funkcion\u00e1\u0159i rozhodnou v presti\u017en\u00ed anket\u011b \u010cesk\u00e9ho svazu cyklistiky sv\u00fdmi hlasy o tom, kdo bude v\u00edt\u011bzem [&hellip;]<\/p>\n","protected":false},"author":15,"featured_media":39021,"comment_status":"closed","ping_status":"open","sticky":false,"template":"","format":"standard","meta":{"footnotes":""},"categories":[201,2],"tags":[131],"class_list":["post-39265","post","type-post","status-publish","format-standard","has-post-thumbnail","hentry","category-cyklistika-pro-vsechny","category-novinky","tag-kral-cyklistiky"],"_links":{"self":[{"href":"https:\/\/www.czechcyclingfederation.com\/en\/wp-json\/wp\/v2\/posts\/39265","targetHints":{"allow":["GET"]}}],"collection":[{"href":"https:\/\/www.czechcyclingfederation.com\/en\/wp-json\/wp\/v2\/posts"}],"about":[{"href":"https:\/\/www.czechcyclingfederation.com\/en\/wp-json\/wp\/v2\/types\/post"}],"author":[{"embeddable":true,"href":"https:\/\/www.czechcyclingfederation.com\/en\/wp-json\/wp\/v2\/users\/15"}],"replies":[{"embeddable":true,"href":"https:\/\/www.czechcyclingfederation.com\/en\/wp-json\/wp\/v2\/comments?post=39265"}],"version-history":[{"count":2,"href":"https:\/\/www.czechcyclingfederation.com\/en\/wp-json\/wp\/v2\/posts\/39265\/revisions"}],"predecessor-version":[{"id":39272,"href":"https:\/\/www.czechcyclingfederation.com\/en\/wp-json\/wp\/v2\/posts\/39265\/revisions\/39272"}],"wp:featuredmedia":[{"embeddable":true,"href":"https:\/\/www.czechcyclingfederation.com\/en\/wp-json\/wp\/v2\/media\/39021"}],"wp:attachment":[{"href":"https:\/\/www.czechcyclingfederation.com\/en\/wp-json\/wp\/v2\/media?parent=39265"}],"wp:term":[{"taxonomy":"category","embeddable":true,"href":"https:\/\/www.czechcyclingfederation.com\/en\/wp-json\/wp\/v2\/categories?post=39265"},{"taxonomy":"post_tag","embeddable":true,"href":"https:\/\/www.czechcyclingfederation.com\/en\/wp-json\/wp\/v2\/tags?post=39265"}],"curies":[{"name":"wp","href":"https:\/\/api.w.org\/{rel}","templated":true}]}}