{"id":3923,"date":"2021-04-02T14:06:57","date_gmt":"2021-04-02T12:06:57","guid":{"rendered":"http:\/\/www.czechcyclingfederation.com\/?p=3923"},"modified":"2021-04-02T14:06:57","modified_gmt":"2021-04-02T12:06:57","slug":"pariz-roubaix-bylo-prelozeno-na-podzim","status":"publish","type":"post","link":"https:\/\/www.czechcyclingfederation.com\/en\/pariz-roubaix-bylo-prelozeno-na-podzim\/","title":{"rendered":"Pa\u0159\u00ed\u017e \u2013 Roubaix bylo p\u0159elo\u017eeno na podzim"},"content":{"rendered":"\n<p>Jeden z\u00a0silni\u010dn\u00edch cyklistick\u00fdch monument\u016f, z\u00e1vod Pa\u0159\u00ed\u017e \u2013 Roubaix, stejn\u011b jako \u017eensk\u00e1 podoba ikonick\u00e9ho podniku, byly p\u0159elo\u017eeny na podzim leto\u0161n\u00edho roku. P\u016fvodn\u011b se z\u00e1vody m\u011bly jet 11. dubna, ale Mezin\u00e1rodn\u00ed cyklistick\u00e1 unie (UCI) ozn\u00e1mila, \u017ee v souvislosti s pandemi\u00ed Covid-19 se z\u00e1vody pojedou a\u017e na za\u010d\u00e1tek \u0159\u00edjna. \u017deny jej absolvuj\u00ed v sobotu 2. \u0158\u00edjna, mu\u017ei o den pozd\u011bji 3. \u0159\u00edjna.<\/p>\n\n\n\n<p>&nbsp;\u201ePro UCI a cyklistickou komunitu bylo velmi d\u016fle\u017eit\u00e9, aby se oba z\u00e1vody mohly uskute\u010dnit v roce 2021 a jsem r\u00e1d, \u017ee byly nalezeny nov\u00e9 term\u00edny vhodn\u011b pro v\u0161echny strany,\u201c \u0159ekl prezident UCI David Lappartient.<\/p>\n\n\n\n<p>To z\u00e1vod Sv\u011btov\u00e9ho poh\u00e1ru v&nbsp;cross country, kter\u00fd se m\u011bl jet ve skotsk\u00e9m Fort William ve dnech 22. \u2013 23. Kv\u011btna byl zat\u00edm jen zru\u0161en. Organiz\u00e1to\u0159i byli nuceni u\u010dinit toto rozhodnut\u00ed pot\u00e9, co dosp\u011bli k z\u00e1v\u011bru, \u017ee by bylo nemo\u017en\u00e9 udr\u017eet akci v souladu s bezpe\u010dnostn\u00edmi normami stanoven\u00fdmi sou\u010dasnou pandemi\u00ed.<\/p>\n\n\n\n<p>Organiz\u00e1to\u0159i i UCI v sou\u010dasn\u00e9 dob\u011b hledaj\u00ed p\u0159\u00edpadn\u00fd nov\u00fd term\u00edn, kdy by se podnik mohl uskute\u010dnit.<\/p>\n","protected":false},"excerpt":{"rendered":"<p>Jeden z\u00a0silni\u010dn\u00edch cyklistick\u00fdch monument\u016f, z\u00e1vod Pa\u0159\u00ed\u017e \u2013 Roubaix, stejn\u011b jako \u017eensk\u00e1 podoba ikonick\u00e9ho podniku, byly p\u0159elo\u017eeny na podzim leto\u0161n\u00edho roku. P\u016fvodn\u011b se z\u00e1vody m\u011bly jet 11. dubna, ale Mezin\u00e1rodn\u00ed cyklistick\u00e1 unie (UCI) ozn\u00e1mila, \u017ee v souvislosti s pandemi\u00ed Covid-19 se z\u00e1vody pojedou a\u017e na za\u010d\u00e1tek \u0159\u00edjna. \u017deny jej absolvuj\u00ed v sobotu 2. \u0158\u00edjna, mu\u017ei o [&hellip;]<\/p>\n","protected":false},"author":8,"featured_media":3648,"comment_status":"closed","ping_status":"open","sticky":false,"template":"","format":"standard","meta":{"footnotes":""},"categories":[6,2,18],"tags":[10,11],"class_list":["post-3923","post","type-post","status-publish","format-standard","has-post-thumbnail","hentry","category-mtb","category-novinky","category-silnice","tag-mtb","tag-silnice"],"_links":{"self":[{"href":"https:\/\/www.czechcyclingfederation.com\/en\/wp-json\/wp\/v2\/posts\/3923","targetHints":{"allow":["GET"]}}],"collection":[{"href":"https:\/\/www.czechcyclingfederation.com\/en\/wp-json\/wp\/v2\/posts"}],"about":[{"href":"https:\/\/www.czechcyclingfederation.com\/en\/wp-json\/wp\/v2\/types\/post"}],"author":[{"embeddable":true,"href":"https:\/\/www.czechcyclingfederation.com\/en\/wp-json\/wp\/v2\/users\/8"}],"replies":[{"embeddable":true,"href":"https:\/\/www.czechcyclingfederation.com\/en\/wp-json\/wp\/v2\/comments?post=3923"}],"version-history":[{"count":1,"href":"https:\/\/www.czechcyclingfederation.com\/en\/wp-json\/wp\/v2\/posts\/3923\/revisions"}],"predecessor-version":[{"id":3924,"href":"https:\/\/www.czechcyclingfederation.com\/en\/wp-json\/wp\/v2\/posts\/3923\/revisions\/3924"}],"wp:featuredmedia":[{"embeddable":true,"href":"https:\/\/www.czechcyclingfederation.com\/en\/wp-json\/wp\/v2\/media\/3648"}],"wp:attachment":[{"href":"https:\/\/www.czechcyclingfederation.com\/en\/wp-json\/wp\/v2\/media?parent=3923"}],"wp:term":[{"taxonomy":"category","embeddable":true,"href":"https:\/\/www.czechcyclingfederation.com\/en\/wp-json\/wp\/v2\/categories?post=3923"},{"taxonomy":"post_tag","embeddable":true,"href":"https:\/\/www.czechcyclingfederation.com\/en\/wp-json\/wp\/v2\/tags?post=3923"}],"curies":[{"name":"wp","href":"https:\/\/api.w.org\/{rel}","templated":true}]}}