{"id":39177,"date":"2025-12-26T18:12:18","date_gmt":"2025-12-26T17:12:18","guid":{"rendered":"https:\/\/www.czechcyclingfederation.com\/?p=39177"},"modified":"2025-12-26T18:12:21","modified_gmt":"2025-12-26T17:12:21","slug":"boros-vydrel-nejlepsi-vysledek-sezony-v-sp","status":"publish","type":"post","link":"https:\/\/www.czechcyclingfederation.com\/en\/boros-vydrel-nejlepsi-vysledek-sezony-v-sp\/","title":{"rendered":"Boro\u0161 vyd\u0159el nejlep\u0161\u00ed v\u00fdsledek sezony v SP"},"content":{"rendered":"\n<p><strong>Nizozemsk\u00fd fenom\u00e9n Mathieu van der Poel prodlou\u017eil p\u0159i z\u00e1vod\u011b Sv\u011btov\u00e9ho poh\u00e1ru v belgick\u00e9m Gavere dominanci na cyklokrosov\u00fdch trat\u00edch, kdy\u017e vyhr\u00e1l i p\u0159i \u010dtvrt\u00e9m startu v seri\u00e1lu. \u010cesk\u00fd reprezentant Michael Boro\u0161 skon\u010dil sedmn\u00e1ct\u00fd.<\/strong><\/p>\n\n\n\n<p>T\u0159iat\u0159icetilet\u00fd Boro\u0161 dos\u00e1hl nejlep\u0161\u00edho v\u00fdsledku sezony v z\u00e1vodech sv\u011btov\u00e9ho poh\u00e1ru. Dosud byl osmn\u00e1ct\u00fd v T\u00e1bo\u0159e, devaten\u00e1ct\u00fd ve francouzsk\u00e9m Flamanville, t\u0159ic\u00e1t\u00fd v Namuru, dvac\u00e1t\u00fd v Antverp\u00e1ch a v Koksijde. V pr\u016fb\u011b\u017en\u00e9m po\u0159ad\u00ed pat\u0159\u00ed \u010desk\u00e9mu z\u00e1vodn\u00edkovi dvaadvac\u00e1t\u00e1 pozice.<\/p>\n\n\n\n<p>Z\u00e1vod na \u010dele nab\u00eddl neb\u00fdvale atraktivn\u00ed pod\u00edvanou, kdy\u017e Belgi\u010dan Thibau Nys dlouho dr\u017eel tempo s nizozemsk\u00fdm soupe\u0159em. &#8220;T\u0159i kola p\u0159ed koncem jsem se rozhodl vsadit na jeden rychl\u00fd okruh. A sta\u010dilo to,&#8221; usm\u00e1l se Mathieu van der Poel, kdy\u017e i p\u00e1t\u00fd cyklokrosov\u00fd start sezony prom\u011bnil ve v\u00fdhru. V pr\u016fb\u011b\u017en\u00e9m po\u0159ad\u00ed sv\u011btov\u00e9ho poh\u00e1ru je druh\u00fd o pouh\u00fd bod za Belgi\u010danem Sweeckem.<\/p>\n\n\n\n<p>Mezi \u017eenami dominovala Lucinda Brandov\u00e1, p\u0159esto\u017ee dvakr\u00e1t v pr\u016fb\u011bhu z\u00e1vodu m\u011bnila kolo. \u0160estat\u0159icetilet\u00e1 nizozemsk\u00e1 z\u00e1vodnice slavila des\u00e1t\u00fd triumf v \u0159ad\u011b. Ze \u0161estn\u00e1cti cyklokrosov\u00fdch start\u016f sezony jen dvakr\u00e1t dojela druh\u00e1, jinak v\u017edy nem\u011bla p\u0159emo\u017eitelku.<\/p>\n\n\n\n<p><strong>Sv\u011btov\u00fd poh\u00e1r v Gavere<\/strong><\/p>\n\n\n\n<p><strong>\u017deny<\/strong>: 1. Brandov\u00e1 (Niz.) 48:26 min., 2. Fouquenetov\u00e1 (Fr.) +15, 3. Pietersov\u00e1 (Niz.) +19, 4. Vasov\u00e1 (Ma\u010f.) +38, 5. van Alphenov\u00e1 (Niz.) +49.<br><strong>Mu\u017ei<\/strong>: 1. van der Poel (Niz.) 1:03:15 hod., 2. Nys (Bel.) +21, 3. Del Grosso (Niz.), 4. Aerts, 5. Verstrynge (oba Bel.) v\u0161. +23, \u202617. Boro\u0161 (\u010cR) +2:24 min.<\/p>\n\n\n\n<p><\/p>\n","protected":false},"excerpt":{"rendered":"<p>Nizozemsk\u00fd fenom\u00e9n Mathieu van der Poel prodlou\u017eil p\u0159i z\u00e1vod\u011b Sv\u011btov\u00e9ho poh\u00e1ru v belgick\u00e9m Gavere dominanci na cyklokrosov\u00fdch trat\u00edch, kdy\u017e vyhr\u00e1l i p\u0159i \u010dtvrt\u00e9m startu v seri\u00e1lu. \u010cesk\u00fd reprezentant Michael Boro\u0161 skon\u010dil sedmn\u00e1ct\u00fd. T\u0159iat\u0159icetilet\u00fd Boro\u0161 dos\u00e1hl nejlep\u0161\u00edho v\u00fdsledku sezony v z\u00e1vodech sv\u011btov\u00e9ho poh\u00e1ru. Dosud byl osmn\u00e1ct\u00fd v T\u00e1bo\u0159e, devaten\u00e1ct\u00fd ve francouzsk\u00e9m Flamanville, t\u0159ic\u00e1t\u00fd v Namuru, dvac\u00e1t\u00fd [&hellip;]<\/p>\n","protected":false},"author":30,"featured_media":38597,"comment_status":"closed","ping_status":"open","sticky":false,"template":"","format":"standard","meta":{"footnotes":""},"categories":[2],"tags":[59],"class_list":["post-39177","post","type-post","status-publish","format-standard","has-post-thumbnail","hentry","category-novinky","tag-cyklokros"],"_links":{"self":[{"href":"https:\/\/www.czechcyclingfederation.com\/en\/wp-json\/wp\/v2\/posts\/39177","targetHints":{"allow":["GET"]}}],"collection":[{"href":"https:\/\/www.czechcyclingfederation.com\/en\/wp-json\/wp\/v2\/posts"}],"about":[{"href":"https:\/\/www.czechcyclingfederation.com\/en\/wp-json\/wp\/v2\/types\/post"}],"author":[{"embeddable":true,"href":"https:\/\/www.czechcyclingfederation.com\/en\/wp-json\/wp\/v2\/users\/30"}],"replies":[{"embeddable":true,"href":"https:\/\/www.czechcyclingfederation.com\/en\/wp-json\/wp\/v2\/comments?post=39177"}],"version-history":[{"count":1,"href":"https:\/\/www.czechcyclingfederation.com\/en\/wp-json\/wp\/v2\/posts\/39177\/revisions"}],"predecessor-version":[{"id":39178,"href":"https:\/\/www.czechcyclingfederation.com\/en\/wp-json\/wp\/v2\/posts\/39177\/revisions\/39178"}],"wp:featuredmedia":[{"embeddable":true,"href":"https:\/\/www.czechcyclingfederation.com\/en\/wp-json\/wp\/v2\/media\/38597"}],"wp:attachment":[{"href":"https:\/\/www.czechcyclingfederation.com\/en\/wp-json\/wp\/v2\/media?parent=39177"}],"wp:term":[{"taxonomy":"category","embeddable":true,"href":"https:\/\/www.czechcyclingfederation.com\/en\/wp-json\/wp\/v2\/categories?post=39177"},{"taxonomy":"post_tag","embeddable":true,"href":"https:\/\/www.czechcyclingfederation.com\/en\/wp-json\/wp\/v2\/tags?post=39177"}],"curies":[{"name":"wp","href":"https:\/\/api.w.org\/{rel}","templated":true}]}}