{"id":39141,"date":"2025-12-21T17:26:48","date_gmt":"2025-12-21T16:26:48","guid":{"rendered":"https:\/\/www.czechcyclingfederation.com\/?p=39141"},"modified":"2025-12-21T17:26:51","modified_gmt":"2025-12-21T16:26:51","slug":"zemanova-devata-na-pisku-v-koksijde","status":"publish","type":"post","link":"https:\/\/www.czechcyclingfederation.com\/en\/zemanova-devata-na-pisku-v-koksijde\/","title":{"rendered":"Zemanov\u00e1 dev\u00e1t\u00e1 na p\u00edsku v\u00a0Koksijde"},"content":{"rendered":"\n<p><strong>Krist\u00fdna Zemanov\u00e1<\/strong> se postarala o nejlep\u0161\u00ed \u010desk\u00fd v\u00fdsledek na z\u00e1vod\u011b Sv\u011btov\u00e9ho poh\u00e1ru v&nbsp;cyklokrosu v&nbsp;belgick\u00e9m Koksijde. Na t\u011b\u017ek\u00e9 trati s&nbsp;\u0159adou p\u00edse\u010dn\u00fdch pas\u00e1\u017e\u00ed dojela dev\u00e1t\u00e1 za osmi Nizozemkami. Vyhr\u00e1la vedouc\u00ed \u017eena seri\u00e1lu Lucinda Brandov\u00e1.<\/p>\n\n\n\n<p><em>\u201ePo v\u010derej\u0161\u00edm super v\u00fdsledku a stra\u0161n\u011b n\u00e1ro\u010dn\u00e9m z\u00e1vod\u011b dneska u\u017e nohy Krist\u00fdn\u011b tolik net\u00e1hly, ale mysl\u00edm si, \u017ee po\u0159\u00e1d ukazuje vysok\u00fd standard. B\u00fdt pravideln\u011b v Top 10 na Sv\u011btov\u00e9m poh\u00e1ru v t\u00e9to konkurenci, kter\u00e1 je na z\u00e1vodech kolem V\u00e1noc maxim\u00e1ln\u00ed, sv\u011bd\u010d\u00ed o jej\u00ed form\u011b a dev\u00e1t\u00e9 m\u00edsto je super,\u201c<\/em> \u0159ekl tren\u00e9r reprezentace <strong>Michal Bedn\u00e1\u0159<\/strong>.<\/p>\n\n\n\n<p>Z\u00e1vod mu\u017e\u016f ovl\u00e1dl, stejn\u011b jako v&nbsp;sobotu, \u00fa\u0159aduj\u00edc\u00ed mistr sv\u011bta Mathieu van der Poel z&nbsp;Nizozemska a slavil \u010dtrn\u00e1ct\u00e9 v\u00edt\u011bzstv\u00ed v&nbsp;\u0159ad\u011b. Z&nbsp;\u010desk\u00e9ho dua byl lep\u0161\u00ed <strong>Michael Boro\u0161<\/strong> na dvac\u00e1t\u00e9m m\u00edst\u011b.<\/p>\n\n\n\n<p>V&nbsp;ml\u00e1de\u017enick\u00fdch kategori\u00edch se \u010cech\u016fm neda\u0159ilo \u00fapln\u011b podle p\u0159edstav. <em>\u201eJsem mo\u017en\u00e1 tro\u0161ku zklaman\u00fd, \u017ee si tady nevezeme \u017e\u00e1dnou prvn\u00ed des\u00edtku, ale na\u0161i z\u00e1vodn\u00edci se mus\u00ed v p\u00edsku je\u0161t\u011b hodn\u011b u\u010dit a bohu\u017eel u n\u00e1s nemaj\u00ed tolik mo\u017enost\u00ed na tom jezdit. Pak je to na t\u00e9 sv\u011btov\u00e9 \u00farovni zn\u00e1t,\u201c<\/em> p\u0159iznal Bedn\u00e1\u0159.<\/p>\n\n\n\n<p>Juniorka <strong>Barbora Bukovsk\u00e1<\/strong>, kter\u00e1 prvn\u00ed Sv\u011btov\u00fd poh\u00e1r v&nbsp;T\u00e1bo\u0159e vyhr\u00e1la, skon\u010dila na p\u00edsku a\u017e \u0161estn\u00e1ct\u00e1. <em>\u201eB\u00e1ra m\u011bla \u0161patn\u00fd start a u\u017e se nedok\u00e1zala moc prokousat dop\u0159edu. V&nbsp;p\u00edsku hodn\u011b ztr\u00e1cela. Moc j\u00ed to nesedlo, ani v sobotu p\u0159i tr\u00e9ninku se j\u00ed nejelo dob\u0159e. Pak u\u017e se v tom tro\u0161i\u010dku koupala i psychicky, tak\u017ee to z&nbsp;jej\u00ed strany nebyl \u00fapln\u011b poda\u0159en\u00fd z\u00e1vod,\u201c<\/em> hodnotil Bedn\u00e1\u0159.<\/p>\n\n\n\n<p>Mezi juniory byl nejlep\u0161\u00ed <strong>Anton\u00edn John<\/strong> sedmn\u00e1ct\u00fd. <em>\u201eHned na za\u010d\u00e1tku byl z prvn\u00ed \u0159ady p\u00e1d. Bohu\u017eel tam spadl David Svoboda, byl tro\u0161ku od\u0159en\u00fd a pak jel s takov\u00fdm sebezap\u0159en\u00edm. V p\u00e1du byl i Tonda John, ten vyj\u00ed\u017ed\u011bl mezi posledn\u00edmi, ale mus\u00edm \u0159\u00edct, \u017ee za m\u011b, co se t\u00fd\u010de v\u00fdkonu, jel velmi dobr\u00fd z\u00e1vod. Ostatn\u00ed junio\u0159i se \u00fapln\u011b nepoprali s t\u00edm p\u00edskem. M\u011bli jsme tady n\u011bkolik prvoro\u010d\u00e1k\u016f, kte\u0159\u00ed t\u011bmito z\u00e1vody z\u00edsk\u00e1vaj\u00ed zku\u0161enosti a mus\u00ed na sob\u011b je\u0161t\u011b st\u00e1le hodn\u011b pracovat,\u201c<\/em> p\u0159iznal reprezenta\u010dn\u00ed tren\u00e9r.<\/p>\n\n\n\n<p>Suver\u00e9n dom\u00e1c\u00ed sezony a v\u00edt\u011bz HSF System Cupu <strong>V\u00e1clav Je\u017eek <\/strong>obsadil mezi mu\u017ei U23 a\u017e 19. m\u00edsto. <em>\u201eVa\u0161ek si v&nbsp;sobotu v Antverp\u00e1ch tro\u0161i\u010dku hnul s kolenem, lehce mu p\u0159es noc nateklo, m\u00e1 asi nata\u017een\u00fd vaz. Cht\u011bl to dneska zkusit, \u0161el do toho, bojoval, ale \u00fapln\u011b tomu nemohl d\u00e1t sto procent. Max Kerl m\u011bl p\u00e1d na kol\u00edk, tro\u0161i\u010dku si st\u011b\u017euje na prst, tak snad to nebude zlomen\u00e9. Bohu\u017eel kv\u016fli tomu vycouval z prvn\u00ed des\u00edtky,\u201c <\/em>dodal Bedn\u00e1\u0159.<\/p>\n\n\n\n<p><strong>V\u00fdsledky z&nbsp;Koksijde<\/strong><\/p>\n\n\n\n<p><strong>Mu\u017ei:<\/strong> 1. van der Poel (Niz.) 56:36, 2. Sweeck (Belg.) +7, 3. Vandeputte (Belg.) +13, 4. Del Grosso (Niz.) +23, 5. Aerts (Belg.) +1:04, \u2026 <strong>20. Boro\u0161<\/strong> +4:03, <strong>37. Fiala<\/strong> (v\u0161. \u010cR) -1 kolo.<\/p>\n\n\n\n<p><strong>Stav SP<\/strong> (po 6 z\u00e1vodech): 1. Sweeck 146 b. , 2. Vanthourenhout (Belg.) 128, 3. Vandeputte 125, 4. van der Poel 120, 5. Nys (Belg.) 113, \u2026 <strong>23. Boro\u0161 <\/strong>27, <strong>48. Je\u017eek<\/strong> (oba \u010cR) 2.<\/p>\n\n\n\n<p><strong>\u017deny: <\/strong>1. Brandov\u00e1 48:08, 2. van Anrooijov\u00e1 +0:36 , 3. Alvaradoov\u00e1 +1:03 , 4. van Alphenov\u00e1 +1:07 , 5. Pieterseov\u00e1 (v\u0161. Niz.) +1:11, \u2026 <strong>9. Zemanov\u00e1 <\/strong>+2:26, <strong>39. Doud\u011brov\u00e1<\/strong> +8:13, <strong>44. Panu\u0161ov\u00e1<\/strong> (v\u0161. \u010cR) +9:31.<\/p>\n\n\n\n<p><strong>Stav SP<\/strong> (po 6 z\u00e1vodech): 1. Brandov\u00e1 200 b., 2. van Alphenov\u00e1 (Niz.) 168, 3. Bentveldov\u00e1 117, 4. van Anrooijov\u00e1 105, 5. van der Heijdenov\u00e1 (Niz.) 105, \u2026 <strong>10. Zemanov\u00e1<\/strong> 77, <strong>49. Hlad\u00edkov\u00e1<\/strong> (ob\u011b \u010cR) 3.<\/p>\n\n\n\n<p><strong>Mu\u017ei do 23 let: <\/strong>1. Haverdings (Niz.) 51:40, 2. Sparfel (Fr.) +5, 3. van den Eijnden (Niz.) +7, \u2026<strong> 19. Je\u017eek <\/strong>+2:28,<strong> 31. Kerl <\/strong>+4:01,<strong> 34. Kristl <\/strong>+4:34,<strong> 47. Kratochv\u00edl <\/strong>(v\u0161. \u010cR) +8:17. <strong>Stav SP<\/strong> (po 3 z\u00e1vodech): 1. Sparfel 100 b., 2. Haverdings 97, 3. Viezzi (It.) 66, \u2026 <strong>14. Je\u017eek<\/strong> 30, <strong>19. Ba\u017eant <\/strong>19, <strong>34. Kerl<\/strong> 6, <strong>36. Hojka <\/strong>(v\u0161. \u010cR) 4.<\/p>\n\n\n\n<p><strong>Junio\u0159i:<\/strong> 1. Lejeune (Belg.) 45:05), 2. Heeren (Niz.) stejn\u00fd \u010das, 3. Timmermans (Niz.) +1, \u2026 <strong>17. A. John<\/strong> +3:20, <strong>32. Svoboda<\/strong> +4:49, <strong>47. E. John<\/strong> +6:19, <strong>50. Panu\u0161<\/strong> +6:33, <strong>62. Podhajsk\u00fd<\/strong> +8:02, <strong>68. Vorel<\/strong> (v\u0161. \u010cR) +8:53. <strong>Stav SP<\/strong> (po 3 z\u00e1vodech): 1. Grigolini (It.) 86 b., 2. Bruyere Joumard (Fr.) 84, 3. Lejeune 82, \u2026 <strong>12. A. John<\/strong> 32, <strong>31. Svoboda<\/strong> 6, <strong>35. Pazourek<\/strong> (v\u0161. \u010cR) 2.<\/p>\n\n\n\n<p><strong>Juniorky:<\/strong> 1. Revolov\u00e1 (Fr.) 43:21, 2. Pichonov\u00e1 (Fr.) +1:11, 3. Versluisov\u00e1 (Niz.) +1:33, \u2026 <strong>16. Bukovsk\u00e1<\/strong> +4:19, <strong>31. Rothbauerov\u00e1<\/strong> +7:39, <strong>37. \u0160\u00edslov\u00e1<\/strong> (v\u0161. \u010cR) +8:32. <strong>Stav SP<\/strong> (po 3 z\u00e1vodech): 1. Revolov\u00e1 110 b., 2. Pellizottiov\u00e1 (It.) 75, 3. Pichonov\u00e1 66, \u2026 <strong>7. Bukovsk\u00e1<\/strong> 50, <strong>10. Grohov\u00e1<\/strong> 46, <strong>20. \u0160\u00edslov\u00e1<\/strong> 21, <strong>21. Drhov\u00e1 <\/strong>20, <strong>25. Rothbauerov\u00e1<\/strong> 9, <strong>38. Cermanov\u00e1<\/strong> (v\u0161. \u010cR) 1.<\/p>\n\n\n\n<p>Foto: Filip Bezd\u011bk<\/p>\n","protected":false},"excerpt":{"rendered":"<p>Krist\u00fdna Zemanov\u00e1 se postarala o nejlep\u0161\u00ed \u010desk\u00fd v\u00fdsledek na z\u00e1vod\u011b Sv\u011btov\u00e9ho poh\u00e1ru v&nbsp;cyklokrosu v&nbsp;belgick\u00e9m Koksijde. Na t\u011b\u017ek\u00e9 trati s&nbsp;\u0159adou p\u00edse\u010dn\u00fdch pas\u00e1\u017e\u00ed dojela dev\u00e1t\u00e1 za osmi Nizozemkami. Vyhr\u00e1la vedouc\u00ed \u017eena seri\u00e1lu Lucinda Brandov\u00e1. \u201ePo v\u010derej\u0161\u00edm super v\u00fdsledku a stra\u0161n\u011b n\u00e1ro\u010dn\u00e9m z\u00e1vod\u011b dneska u\u017e nohy Krist\u00fdn\u011b tolik net\u00e1hly, ale mysl\u00edm si, \u017ee po\u0159\u00e1d ukazuje vysok\u00fd standard. B\u00fdt [&hellip;]<\/p>\n","protected":false},"author":15,"featured_media":39142,"comment_status":"closed","ping_status":"open","sticky":false,"template":"","format":"standard","meta":{"footnotes":""},"categories":[58,2],"tags":[59],"class_list":["post-39141","post","type-post","status-publish","format-standard","has-post-thumbnail","hentry","category-cyklokros","category-novinky","tag-cyklokros"],"_links":{"self":[{"href":"https:\/\/www.czechcyclingfederation.com\/en\/wp-json\/wp\/v2\/posts\/39141","targetHints":{"allow":["GET"]}}],"collection":[{"href":"https:\/\/www.czechcyclingfederation.com\/en\/wp-json\/wp\/v2\/posts"}],"about":[{"href":"https:\/\/www.czechcyclingfederation.com\/en\/wp-json\/wp\/v2\/types\/post"}],"author":[{"embeddable":true,"href":"https:\/\/www.czechcyclingfederation.com\/en\/wp-json\/wp\/v2\/users\/15"}],"replies":[{"embeddable":true,"href":"https:\/\/www.czechcyclingfederation.com\/en\/wp-json\/wp\/v2\/comments?post=39141"}],"version-history":[{"count":1,"href":"https:\/\/www.czechcyclingfederation.com\/en\/wp-json\/wp\/v2\/posts\/39141\/revisions"}],"predecessor-version":[{"id":39144,"href":"https:\/\/www.czechcyclingfederation.com\/en\/wp-json\/wp\/v2\/posts\/39141\/revisions\/39144"}],"wp:featuredmedia":[{"embeddable":true,"href":"https:\/\/www.czechcyclingfederation.com\/en\/wp-json\/wp\/v2\/media\/39142"}],"wp:attachment":[{"href":"https:\/\/www.czechcyclingfederation.com\/en\/wp-json\/wp\/v2\/media?parent=39141"}],"wp:term":[{"taxonomy":"category","embeddable":true,"href":"https:\/\/www.czechcyclingfederation.com\/en\/wp-json\/wp\/v2\/categories?post=39141"},{"taxonomy":"post_tag","embeddable":true,"href":"https:\/\/www.czechcyclingfederation.com\/en\/wp-json\/wp\/v2\/tags?post=39141"}],"curies":[{"name":"wp","href":"https:\/\/api.w.org\/{rel}","templated":true}]}}