{"id":3914,"date":"2021-03-29T14:24:01","date_gmt":"2021-03-29T12:24:01","guid":{"rendered":"http:\/\/www.czechcyclingfederation.com\/?p=3914"},"modified":"2021-03-29T14:24:01","modified_gmt":"2021-03-29T12:24:01","slug":"mistrovstvi-sveta-v-eliminatoru-odlozeno","status":"publish","type":"post","link":"https:\/\/www.czechcyclingfederation.com\/en\/mistrovstvi-sveta-v-eliminatoru-odlozeno\/","title":{"rendered":"Mistrovstv\u00ed sv\u011bta v elimin\u00e1toru odlo\u017eeno"},"content":{"rendered":"\n<p>Mezin\u00e1rodn\u00ed cyklistick\u00e1 unie (UCI) ozn\u00e1mila odlo\u017een\u00ed sv\u011btov\u00e9ho \u0161ampion\u00e1tu horsk\u00fdch kol v discipl\u00edn\u011b Eliminator. P\u016fvodn\u011b se mistrovstv\u00ed m\u011blo uskute\u010dnit ve \u0160t\u00fdrsk\u00e9m Hradci 2. kv\u011btna, nov\u011b se o medaile pojede na stejn\u00e9m m\u00edst\u011b 5. z\u00e1\u0159\u00ed.<\/p>\n\n\n\n<p>Odlo\u017een\u00ed bylo realizov\u00e1no na \u017e\u00e1dost organiz\u00e1tor\u016f v d\u016fsledku r\u016fzn\u00fdch omezen\u00ed p\u0159\u00edslu\u0161n\u00fdch \u00fa\u0159ad\u016f kv\u016fli pandemii Covid-19.<\/p>\n","protected":false},"excerpt":{"rendered":"<p>Mezin\u00e1rodn\u00ed cyklistick\u00e1 unie (UCI) ozn\u00e1mila odlo\u017een\u00ed sv\u011btov\u00e9ho \u0161ampion\u00e1tu horsk\u00fdch kol v discipl\u00edn\u011b Eliminator. P\u016fvodn\u011b se mistrovstv\u00ed m\u011blo uskute\u010dnit ve \u0160t\u00fdrsk\u00e9m Hradci 2. kv\u011btna, nov\u011b se o medaile pojede na stejn\u00e9m m\u00edst\u011b 5. z\u00e1\u0159\u00ed. Odlo\u017een\u00ed bylo realizov\u00e1no na \u017e\u00e1dost organiz\u00e1tor\u016f v d\u016fsledku r\u016fzn\u00fdch omezen\u00ed p\u0159\u00edslu\u0161n\u00fdch \u00fa\u0159ad\u016f kv\u016fli pandemii Covid-19.<\/p>\n","protected":false},"author":8,"featured_media":3022,"comment_status":"closed","ping_status":"open","sticky":false,"template":"","format":"standard","meta":{"footnotes":""},"categories":[6,2],"tags":[10],"class_list":["post-3914","post","type-post","status-publish","format-standard","has-post-thumbnail","hentry","category-mtb","category-novinky","tag-mtb"],"_links":{"self":[{"href":"https:\/\/www.czechcyclingfederation.com\/en\/wp-json\/wp\/v2\/posts\/3914","targetHints":{"allow":["GET"]}}],"collection":[{"href":"https:\/\/www.czechcyclingfederation.com\/en\/wp-json\/wp\/v2\/posts"}],"about":[{"href":"https:\/\/www.czechcyclingfederation.com\/en\/wp-json\/wp\/v2\/types\/post"}],"author":[{"embeddable":true,"href":"https:\/\/www.czechcyclingfederation.com\/en\/wp-json\/wp\/v2\/users\/8"}],"replies":[{"embeddable":true,"href":"https:\/\/www.czechcyclingfederation.com\/en\/wp-json\/wp\/v2\/comments?post=3914"}],"version-history":[{"count":1,"href":"https:\/\/www.czechcyclingfederation.com\/en\/wp-json\/wp\/v2\/posts\/3914\/revisions"}],"predecessor-version":[{"id":3915,"href":"https:\/\/www.czechcyclingfederation.com\/en\/wp-json\/wp\/v2\/posts\/3914\/revisions\/3915"}],"wp:featuredmedia":[{"embeddable":true,"href":"https:\/\/www.czechcyclingfederation.com\/en\/wp-json\/wp\/v2\/media\/3022"}],"wp:attachment":[{"href":"https:\/\/www.czechcyclingfederation.com\/en\/wp-json\/wp\/v2\/media?parent=3914"}],"wp:term":[{"taxonomy":"category","embeddable":true,"href":"https:\/\/www.czechcyclingfederation.com\/en\/wp-json\/wp\/v2\/categories?post=3914"},{"taxonomy":"post_tag","embeddable":true,"href":"https:\/\/www.czechcyclingfederation.com\/en\/wp-json\/wp\/v2\/tags?post=3914"}],"curies":[{"name":"wp","href":"https:\/\/api.w.org\/{rel}","templated":true}]}}