{"id":39131,"date":"2025-12-20T17:18:24","date_gmt":"2025-12-20T16:18:24","guid":{"rendered":"https:\/\/www.czechcyclingfederation.com\/?p=39131"},"modified":"2025-12-21T17:28:50","modified_gmt":"2025-12-21T16:28:50","slug":"oslniva-jizda-zemanova-pata-v-antverpach","status":"publish","type":"post","link":"https:\/\/www.czechcyclingfederation.com\/en\/oslniva-jizda-zemanova-pata-v-antverpach\/","title":{"rendered":"Oslniv\u00e1 j\u00edzda! Zemanov\u00e1 p\u00e1t\u00e1 v Antverp\u00e1ch"},"content":{"rendered":"\n<p><strong>Senza\u010dn\u00ed p\u0159edstaven\u00ed p\u0159i Sv\u011btov\u00e9m poh\u00e1ru v Antverp\u00e1ch! Krist\u00fdna Zemanov\u00e1 vybojovala mezi \u017eenskou elitou p\u00e1t\u00e9 m\u00edsto! <\/strong><\/p>\n\n\n\n<p>&#8220;Hned v prvn\u00edm kole jsem ud\u011blala chybu a m\u011bla men\u0161\u00ed p\u00e1d. Na\u0161t\u011bst\u00ed se ale krom\u011b od\u0159en\u00e9ho kolene nic jin\u00e9ho nestalo. Rychle jsem si srovnala hlavu a dal\u0161\u00ed chyby ned\u011blala. Sna\u017eila jsem se jet po\u0159\u00e1d stejn\u00e9 tempo a vydr\u017eet s \u010delem nejdel\u0161\u00ed mo\u017enou dobu. O\u010dn\u00ed kontakt m\u011b hnal vp\u0159ed, dod\u00e1val energii,&#8221; ohl\u00ed\u017eela se za p\u0159edstaven\u00edm v Antverp\u00e1ch Krist\u00fdna Zemanov\u00e1.<\/p>\n\n\n\n<p>Dvaadvacetilet\u00e1 \u010desk\u00e1 reprezentantka se jako jedin\u00e1 vkl\u00ednila mezi p\u011bt dominuj\u00edc\u00edch nizozemsk\u00fdch z\u00e1vodnic. V z\u00e1vodech mezi \u017eenskou sv\u011btovou elitou p\u0159edv\u00e1d\u00ed v\u00fdjime\u010dn\u00e9 v\u00fdkony.<\/p>\n\n\n\n<p>P\u0159i \u00favodn\u00edm podniku v T\u00e1bo\u0159e byla \u0161est\u00e1, minul\u00fd t\u00fdden v Namuru sedm\u00e1 a v Antverp\u00e1ch p\u00e1tou pozic\u00ed zopakovala um\u00edst\u011bn\u00ed ze Zonhovenu v lednu 2024. Maximem \u010desk\u00e9 reprezentantky ze sv\u011btov\u00e9ho poh\u00e1ru je \u010dtvrt\u00e1 p\u0159\u00ed\u010dka z prosince 2023 v italsk\u00e9m Val di Sole.<\/p>\n\n\n\n<p>Z\u00e1vodnice formace VIF Cycling ve spurtu poko\u0159ila Shirin van Anrooijovou a z\u016fstala pouhou sekundu od kari\u00e9rn\u00edho maxima v podob\u011b \u010dtvrt\u00e9 p\u0159\u00ed\u010dky, jen osm sekund ji d\u011blilo od stup\u0148\u016f v\u00edt\u011bz\u016f.<\/p>\n\n\n\n<p>&#8220;Postupn\u011b jsem se posouvala vp\u0159ed. Douf\u00e1m, \u017ee v\u00fdkonnost i zdrav\u00ed vydr\u017e\u00ed. Byl to skv\u011bl\u00fd z\u00e1vod, ale mus\u00edm rychle spadnout z obl\u00e1\u010dku, proto\u017ee za necel\u00fdch \u010dty\u0159iadvacet hodin \u010dek\u00e1 dal\u0161\u00ed z\u00e1vod v Koksijde,&#8221; \u0159\u00edkala Krist\u00fdna Zemanov\u00e1.<\/p>\n\n\n\n<p>Mezi mu\u017eskou elitou vid\u011bli fanou\u0161ci poprv\u00e9 v sezon\u011b dva hv\u011bzdn\u00e9 cyklokrosa\u0159e, kdy\u017e na startu byli Mathieu van der Poel i Wout van Aert. Nizozemsk\u00fd cyklista v\u0161ak nedal belgick\u00e9mu rivalovi p\u0159\u00edle\u017eitost a suver\u00e9nn\u011b dojel pro druh\u00e9 v\u00edt\u011bzstv\u00ed v \u0159ad\u011b.<\/p>\n\n\n\n<p>Nejlep\u0161\u00edm z kvarteta \u010desk\u00fdch reprezentant\u016f byl Michael Boro\u0161, kter\u00fd projel c\u00edlem s odstupem t\u00e9m\u011b\u0159 t\u0159\u00ed minut dvac\u00e1t\u00fd.<\/p>\n\n\n\n<p>Par\u00e1dn\u00ed z\u00e1pis si p\u0159ipsala juniorka Antonie Cermanov\u00e1, kdy\u017e v sedmn\u00e1cti letech vybojovala ve skv\u011ble obsazen\u00e9m z\u00e1vod\u011b na okruhu pro sv\u011btov\u00fd poh\u00e1r, kter\u00fd se v\u0161ak do seri\u00e1lu nepo\u010d\u00edtal, druhou p\u0159\u00ed\u010dku. Zaostala o sedmadvacet sekund za Belgi\u010dankou Zitou Peetersovou.<\/p>\n\n\n\n<p><strong>Sv\u011btov\u00fd poh\u00e1r v Antverp\u00e1ch<\/strong><\/p>\n\n\n\n<p><strong>\u017deny<\/strong>: 1. Brandov\u00e1 53:48 min., 2. Alvaradov\u00e1 +2, 3. van Alphenov\u00e1 (v\u0161. Niz.) +16, \u20265. Zemanov\u00e1 +24, 43. Hlad\u00edkov\u00e1 +5:35 min., 61. Pano\u0161ov\u00e1 +8:54 min., 74. Sedl\u00e1\u010dkov\u00e1 (v\u0161. \u010cR) +9:30 min.<br><strong>Mu\u017ei<\/strong>: 1. van der Poel (Niz.) 1:01:24 hod., 2. Sweeck +24, 3. Verstrynge (oba Bel.) +33, \u202620. Boro\u0161 +2:55 min., 24. Je\u017eek +3:32 min., 29. Fiala +4:21 min., 54. Kerl (v\u0161. \u010cR) +6:50 min.<\/p>\n","protected":false},"excerpt":{"rendered":"<p>Senza\u010dn\u00ed p\u0159edstaven\u00ed p\u0159i Sv\u011btov\u00e9m poh\u00e1ru v Antverp\u00e1ch! Krist\u00fdna Zemanov\u00e1 vybojovala mezi \u017eenskou elitou p\u00e1t\u00e9 m\u00edsto! &#8220;Hned v prvn\u00edm kole jsem ud\u011blala chybu a m\u011bla men\u0161\u00ed p\u00e1d. Na\u0161t\u011bst\u00ed se ale krom\u011b od\u0159en\u00e9ho kolene nic jin\u00e9ho nestalo. Rychle jsem si srovnala hlavu a dal\u0161\u00ed chyby ned\u011blala. Sna\u017eila jsem se jet po\u0159\u00e1d stejn\u00e9 tempo a vydr\u017eet s \u010delem [&hellip;]<\/p>\n","protected":false},"author":30,"featured_media":38768,"comment_status":"closed","ping_status":"open","sticky":false,"template":"","format":"standard","meta":{"footnotes":""},"categories":[58,2],"tags":[59],"class_list":["post-39131","post","type-post","status-publish","format-standard","has-post-thumbnail","hentry","category-cyklokros","category-novinky","tag-cyklokros"],"_links":{"self":[{"href":"https:\/\/www.czechcyclingfederation.com\/en\/wp-json\/wp\/v2\/posts\/39131","targetHints":{"allow":["GET"]}}],"collection":[{"href":"https:\/\/www.czechcyclingfederation.com\/en\/wp-json\/wp\/v2\/posts"}],"about":[{"href":"https:\/\/www.czechcyclingfederation.com\/en\/wp-json\/wp\/v2\/types\/post"}],"author":[{"embeddable":true,"href":"https:\/\/www.czechcyclingfederation.com\/en\/wp-json\/wp\/v2\/users\/30"}],"replies":[{"embeddable":true,"href":"https:\/\/www.czechcyclingfederation.com\/en\/wp-json\/wp\/v2\/comments?post=39131"}],"version-history":[{"count":2,"href":"https:\/\/www.czechcyclingfederation.com\/en\/wp-json\/wp\/v2\/posts\/39131\/revisions"}],"predecessor-version":[{"id":39135,"href":"https:\/\/www.czechcyclingfederation.com\/en\/wp-json\/wp\/v2\/posts\/39131\/revisions\/39135"}],"wp:featuredmedia":[{"embeddable":true,"href":"https:\/\/www.czechcyclingfederation.com\/en\/wp-json\/wp\/v2\/media\/38768"}],"wp:attachment":[{"href":"https:\/\/www.czechcyclingfederation.com\/en\/wp-json\/wp\/v2\/media?parent=39131"}],"wp:term":[{"taxonomy":"category","embeddable":true,"href":"https:\/\/www.czechcyclingfederation.com\/en\/wp-json\/wp\/v2\/categories?post=39131"},{"taxonomy":"post_tag","embeddable":true,"href":"https:\/\/www.czechcyclingfederation.com\/en\/wp-json\/wp\/v2\/tags?post=39131"}],"curies":[{"name":"wp","href":"https:\/\/api.w.org\/{rel}","templated":true}]}}