{"id":39072,"date":"2025-12-14T17:27:14","date_gmt":"2025-12-14T16:27:14","guid":{"rendered":"https:\/\/www.czechcyclingfederation.com\/?p=39072"},"modified":"2025-12-15T08:19:04","modified_gmt":"2025-12-15T07:19:04","slug":"skvela-zemanova-pri-sp-v-namuru-sedma","status":"publish","type":"post","link":"https:\/\/www.czechcyclingfederation.com\/en\/skvela-zemanova-pri-sp-v-namuru-sedma\/","title":{"rendered":"Skv\u011bl\u00e1 Zemanov\u00e1 p\u0159i SP v Namuru sedm\u00e1"},"content":{"rendered":"\n<p><strong>Krist\u00fdna Zemanov\u00e1, dvaadvacetilet\u00e1 \u010desk\u00e1 reprezentantka v cyklokrosu, dojela sedm\u00e1 p\u0159i druh\u00e9m startu v nov\u00e9m ro\u010dn\u00edku sv\u011btov\u00e9ho poh\u00e1ru. V belgick\u00e9m Namuru nav\u00e1zala na \u0161estou p\u0159\u00ed\u010dku z \u00favodn\u00edho d\u011bjstv\u00ed seri\u00e1lu v T\u00e1bo\u0159e.<\/strong><\/p>\n\n\n\n<p>&#8220;V minulosti jsem v Namuru jela jen jednou a moc dob\u0159e jsem si pamatovala, jak technicky i fyzicky n\u00e1ro\u010dn\u00fd z\u00e1vod m\u011b \u010dek\u00e1, co\u017e se n\u00e1sledn\u011b potvrdilo,&#8221; p\u0159ipom\u00ednala Krist\u00fdna Zemanov\u00e1 vystoupen\u00ed na mistrovstv\u00ed Evropy na podzim 2022, kdy vybojovala na belgick\u00e9m okruhu osm\u00e9 m\u00edsto.<\/p>\n\n\n\n<p>&#8220;V hlav\u011b jsem pracovala s o\u010dek\u00e1vanou n\u00e1ro\u010dnost\u00ed v p\u0159edstihu, abych byla schopn\u00e1 podat nejlep\u0161\u00ed mo\u017en\u00fd v\u00fdkon. P\u0159i z\u00e1vod\u011b jsem se c\u00edtila opravdu dob\u0159e. Nohy mi jely suprov\u011b, takticky i technicky jsem z\u00e1vod zvl\u00e1dla bez obt\u00ed\u017e\u00ed,&#8221; ohl\u00ed\u017eela se za druh\u00fdm vystoupen\u00edm v nov\u00e9m ro\u010dn\u00edku sv\u011btov\u00e9ho poh\u00e1ru, kter\u00e9 vy\u0161perkovala sedmou p\u0159\u00ed\u010dkou.<\/p>\n\n\n\n<p>&#8220;Moc jsem si to u\u017eila. Atmosf\u00e9ra byla skv\u011bl\u00e1. Dal\u0161\u00ed um\u00edst\u011bn\u00ed v top deset mi dod\u00e1v\u00e1 chu\u0165, motivaci a s\u00edlu do dal\u0161\u00edch z\u00e1vod\u016f,&#8221; prohl\u00e1sila Krist\u00fdna Zemanov\u00e1 s vidinou start\u016f v Antverp\u00e1ch a Koksijde.<\/p>\n\n\n\n<p>Fantastickou formu potvrdila v Namuru nizozemsk\u00e1 cyklokrosa\u0159ka Lucinda Brandov\u00e1. Slavila des\u00e1t\u00e9 v\u00edt\u011bzstv\u00ed v sezon\u011b z dvan\u00e1cti start\u016f.<\/p>\n\n\n\n<p>Nizozemsk\u00e1 z\u00e1vodnice se dostala na prvn\u00ed p\u0159\u00ed\u010dku u\u017e na konci prvn\u00edho kola a n\u00e1sledn\u011b jela s\u00f3lov\u011b pro prvenstv\u00ed. Defekt pneumatiky p\u0159ed polovinou z\u00e1vodu vyvolal kr\u00e1tce nap\u011bt\u00ed, proto\u017ee n\u00e1skok p\u0159ed pron\u00e1sledovatelkami klesl na polovinu. Nicm\u00e9n\u011b Lucinda Brandov\u00e1 drama nep\u0159ipustila. Po v\u00fdm\u011bn\u011b kola d\u00e1l pokra\u010dovala v dominantn\u00edm p\u0159edstaven\u00ed. V Namuru vyhr\u00e1la pop\u00e1t\u00e9 v kari\u00e9\u0159e. Nav\u00e1zala na triumfy z let 2018, 2019, 2020 a 2021.<\/p>\n\n\n\n<p>Mezi elitou mu\u017e\u016f byl hlavn\u00edm tah\u00e1kem n\u00e1vrat sedmin\u00e1sobn\u00e9ho mistra sv\u011bta v cyklokrosu. Mathieu van der Poel podle o\u010dek\u00e1v\u00e1n\u00ed v Namuru vyhr\u00e1l. &#8220;Ale rozhodn\u011b ne\u0161lo o nejjednodu\u0161\u0161\u00ed okruh pro vstup do sezony. Ud\u011blal jsem p\u0159\u00edli\u0161 mnoho chyb,&#8221; komentoval vystoupen\u00ed v Namuru t\u0159icetilet\u00fd nizozemsk\u00fd cyklokrosa\u0159, kter\u00fd dokonce ve \u010dtvrt\u00e9m z dev\u00edti kol let\u011bl p\u0159es \u0159\u00edd\u00edtka.<\/p>\n\n\n\n<p>Rychle se vr\u00e1til do vedouc\u00ed skupiny. Ale z\u00e1vod, v n\u011bm\u017e na t\u0159ic\u00e1t\u00e9 pozici dojel \u010desk\u00fd reprezentant Michael Boro\u0161, rozhodl Mathieu van der Poel drtiv\u00fdm n\u00e1stupem a\u017e v z\u00e1v\u011bre\u010dn\u00e9m kole.<\/p>\n\n\n\n<p><strong>V\u00fdsledky SP v Namuru<\/strong><\/p>\n\n\n\n<p><strong>Junio\u0159i<\/strong>: 1. van Lee 42:47 min., 2. Eynde +17, 3. Delanghe (v\u0161. Bel.) +34, 4. Hovers (Niz.) +42, 5. van Hoeck (Bel.) +1:20 min.<br><strong>\u017deny<\/strong>: 1. Brandov\u00e1 52:53 min., 2. van Alphenov\u00e1 (ob\u011b Niz.) +43, 3. Fouquenet (Fr.) +1 min. 4. Pietersov\u00e1 (Niz.) +1:21 min., 5. Neffov\u00e1 (\u0160v\u00fdc.) +1:42 min., \u20267. Zemanov\u00e1 (\u010cR) +2:16 min.<br><strong>Mu\u017ei<\/strong>: 1. van der Poel (Niz.) 58:29 min., 2. Nys +9, 3. Vanthourenhout (oba Bel.) +11, 4. van der Haar (Niz.) +12, 5. Verstrynge (Bel.) +42, \u202630. Boro\u0161 (\u010cR) +3:55 min.<\/p>\n","protected":false},"excerpt":{"rendered":"<p>Krist\u00fdna Zemanov\u00e1, dvaadvacetilet\u00e1 \u010desk\u00e1 reprezentantka v cyklokrosu, dojela sedm\u00e1 p\u0159i druh\u00e9m startu v nov\u00e9m ro\u010dn\u00edku sv\u011btov\u00e9ho poh\u00e1ru. V belgick\u00e9m Namuru nav\u00e1zala na \u0161estou p\u0159\u00ed\u010dku z \u00favodn\u00edho d\u011bjstv\u00ed seri\u00e1lu v T\u00e1bo\u0159e. &#8220;V minulosti jsem v Namuru jela jen jednou a moc dob\u0159e jsem si pamatovala, jak technicky i fyzicky n\u00e1ro\u010dn\u00fd z\u00e1vod m\u011b \u010dek\u00e1, co\u017e se n\u00e1sledn\u011b [&hellip;]<\/p>\n","protected":false},"author":30,"featured_media":38546,"comment_status":"closed","ping_status":"open","sticky":false,"template":"","format":"standard","meta":{"footnotes":""},"categories":[2],"tags":[59],"class_list":["post-39072","post","type-post","status-publish","format-standard","has-post-thumbnail","hentry","category-novinky","tag-cyklokros"],"_links":{"self":[{"href":"https:\/\/www.czechcyclingfederation.com\/en\/wp-json\/wp\/v2\/posts\/39072","targetHints":{"allow":["GET"]}}],"collection":[{"href":"https:\/\/www.czechcyclingfederation.com\/en\/wp-json\/wp\/v2\/posts"}],"about":[{"href":"https:\/\/www.czechcyclingfederation.com\/en\/wp-json\/wp\/v2\/types\/post"}],"author":[{"embeddable":true,"href":"https:\/\/www.czechcyclingfederation.com\/en\/wp-json\/wp\/v2\/users\/30"}],"replies":[{"embeddable":true,"href":"https:\/\/www.czechcyclingfederation.com\/en\/wp-json\/wp\/v2\/comments?post=39072"}],"version-history":[{"count":3,"href":"https:\/\/www.czechcyclingfederation.com\/en\/wp-json\/wp\/v2\/posts\/39072\/revisions"}],"predecessor-version":[{"id":39081,"href":"https:\/\/www.czechcyclingfederation.com\/en\/wp-json\/wp\/v2\/posts\/39072\/revisions\/39081"}],"wp:featuredmedia":[{"embeddable":true,"href":"https:\/\/www.czechcyclingfederation.com\/en\/wp-json\/wp\/v2\/media\/38546"}],"wp:attachment":[{"href":"https:\/\/www.czechcyclingfederation.com\/en\/wp-json\/wp\/v2\/media?parent=39072"}],"wp:term":[{"taxonomy":"category","embeddable":true,"href":"https:\/\/www.czechcyclingfederation.com\/en\/wp-json\/wp\/v2\/categories?post=39072"},{"taxonomy":"post_tag","embeddable":true,"href":"https:\/\/www.czechcyclingfederation.com\/en\/wp-json\/wp\/v2\/tags?post=39072"}],"curies":[{"name":"wp","href":"https:\/\/api.w.org\/{rel}","templated":true}]}}