{"id":390,"date":"2020-04-28T03:41:26","date_gmt":"2020-04-28T01:41:26","guid":{"rendered":"http:\/\/www.czechcyclingfederation.com\/?p=390"},"modified":"2020-07-16T13:41:32","modified_gmt":"2020-07-16T11:41:32","slug":"uci-pozastavuje-vsechny-zavody-do-1-6-2020","status":"publish","type":"post","link":"https:\/\/www.czechcyclingfederation.com\/en\/uci-pozastavuje-vsechny-zavody-do-1-6-2020\/","title":{"rendered":"UCI pozastavuje v\u0161echny z\u00e1vody do 1.6.2020"},"content":{"rendered":"\n<p>UCI rozhodla prodlou\u017eit term\u00edn pozastaven\u00ed cyklistik\u00fdch z\u00e1vod\u016f pro v\u0161echny discipl\u00edny do 1.6.2020 a projedn\u00e1v\u00e1 reorganizaci mezin\u00e1rodn\u00edho silni\u010dn\u00edho kalend\u00e1\u0159e UCI. V\u00edce infomac\u00ed naleznete v p\u0159\u00edloze.<\/p>\n\n\n<div class=\"wp-block-file\">\r\n                <a target=\"_blank\" rel=\"noopener\" href=\"https:\/\/www.czechcyclingfederation.com\/wp-content\/uploads\/2020\/05\/PRESS-RELEASE-The-UCI-prolongs-the-suspension-of-cycling-events-until-1-June-2020-and-continues-consultations-for-the-reorganisation-of-the-UCI-International-Road-Calendar.pdf\" class=\"wp-block-file__button wp-element-button\">\r\n                    <span class=\"wp-block-file__icon\"><\/span>\r\n                    PRESS-RELEASE-The-UCI-prolongs-the-suspension-of-cycling-events-until-1-June-2020-and-continues-consultations-for-the-reorganisation-of-the-UCI-International-Road-Calendar\r\n                <\/a>\r\n            <\/div>","protected":false},"excerpt":{"rendered":"<p>UCI rozhodla prodlou\u017eit term\u00edn pozastaven\u00ed cyklistik\u00fdch z\u00e1vod\u016f pro v\u0161echny discipl\u00edny do 1.6.2020 a projedn\u00e1v\u00e1 reorganizaci mezin\u00e1rodn\u00edho silni\u010dn\u00edho kalend\u00e1\u0159e UCI. V\u00edce infomac\u00ed naleznete v p\u0159\u00edloze.<\/p>\n","protected":false},"author":1,"featured_media":81,"comment_status":"closed","ping_status":"open","sticky":false,"template":"","format":"standard","meta":{"footnotes":""},"categories":[2],"tags":[56],"class_list":["post-390","post","type-post","status-publish","format-standard","has-post-thumbnail","hentry","category-novinky","tag-uci"],"_links":{"self":[{"href":"https:\/\/www.czechcyclingfederation.com\/en\/wp-json\/wp\/v2\/posts\/390","targetHints":{"allow":["GET"]}}],"collection":[{"href":"https:\/\/www.czechcyclingfederation.com\/en\/wp-json\/wp\/v2\/posts"}],"about":[{"href":"https:\/\/www.czechcyclingfederation.com\/en\/wp-json\/wp\/v2\/types\/post"}],"author":[{"embeddable":true,"href":"https:\/\/www.czechcyclingfederation.com\/en\/wp-json\/wp\/v2\/users\/1"}],"replies":[{"embeddable":true,"href":"https:\/\/www.czechcyclingfederation.com\/en\/wp-json\/wp\/v2\/comments?post=390"}],"version-history":[{"count":1,"href":"https:\/\/www.czechcyclingfederation.com\/en\/wp-json\/wp\/v2\/posts\/390\/revisions"}],"predecessor-version":[{"id":392,"href":"https:\/\/www.czechcyclingfederation.com\/en\/wp-json\/wp\/v2\/posts\/390\/revisions\/392"}],"wp:featuredmedia":[{"embeddable":true,"href":"https:\/\/www.czechcyclingfederation.com\/en\/wp-json\/wp\/v2\/media\/81"}],"wp:attachment":[{"href":"https:\/\/www.czechcyclingfederation.com\/en\/wp-json\/wp\/v2\/media?parent=390"}],"wp:term":[{"taxonomy":"category","embeddable":true,"href":"https:\/\/www.czechcyclingfederation.com\/en\/wp-json\/wp\/v2\/categories?post=390"},{"taxonomy":"post_tag","embeddable":true,"href":"https:\/\/www.czechcyclingfederation.com\/en\/wp-json\/wp\/v2\/tags?post=390"}],"curies":[{"name":"wp","href":"https:\/\/api.w.org\/{rel}","templated":true}]}}