{"id":38949,"date":"2025-12-06T17:49:12","date_gmt":"2025-12-06T16:49:12","guid":{"rendered":"https:\/\/www.czechcyclingfederation.com\/?p=38949"},"modified":"2025-12-06T18:36:30","modified_gmt":"2025-12-06T17:36:30","slug":"zdenek-stybar-se-podili-na-rozvoji-mladych-cyklistu","status":"publish","type":"post","link":"https:\/\/www.czechcyclingfederation.com\/en\/zdenek-stybar-se-podili-na-rozvoji-mladych-cyklistu\/","title":{"rendered":"Zden\u011bk \u0160tybar se pod\u00edl\u00ed na rozvoji mlad\u00fdch cyklist\u016f"},"content":{"rendered":"\n<p><strong>Zden\u011bk \u0160tybar<\/strong> p\u0159edstavil p\u0159ed v\u00edce ne\u017e stovkou host\u016f na konferenci Czech Cycling Academy jako jej\u00ed partner pl\u00e1ny projektu pro p\u0159\u00ed\u0161t\u00ed rok. Fungov\u00e1n\u00ed akademie se op\u00edr\u00e1 o dv\u011b kl\u00ed\u010dov\u00e9 aktivity: talentov\u00fd program pro mlad\u00e9 sportovce a Roadshow. C\u00edlem je rozv\u00edjet nad\u011bjn\u00e9 cyklisty a cyklistky skrze komplexn\u00ed syst\u00e9m tr\u00e9ninku, vzd\u011bl\u00e1v\u00e1n\u00ed a podpory.<\/p>\n\n\n\n<p>Czech Cycling Academy p\u0159edstavuje v\u00fdznamn\u00fd krok k systematick\u00e9 podpo\u0159e rozvoje \u010desk\u00e9 cyklistiky. Prost\u0159ednictv\u00edm Roadshow po regionech, p\u0159edev\u0161\u00edm na z\u00e1kladn\u00edch \u0161kol\u00e1ch, a tr\u00e9ninkov\u00e9ho programu Talent Development Pool, kter\u00fd vyhled\u00e1v\u00e1 a rozv\u00edj\u00ed mlad\u00e9 sportovce ve v\u011bku 13\u201318 let.<\/p>\n\n\n\n<p>Na konferenci konan\u00e9 na pra\u017esk\u00e9 Bo\u0159islavce vystoupili p\u0159edn\u00ed odborn\u00edci v oblasti fyziologie, tr\u00e9ninku, v\u00fd\u017eivy, psychologie a rozvoje talent\u016f. O prezentace se postarali z\u00e1stupci WorldTour t\u00fdm\u016f jako Visma Lease a Bike, Decathlon AG2R La Mondiale \u010di Team Picnic PostNL.<\/p>\n\n\n\n<p>Talentov\u00fd program akademie pom\u00e1h\u00e1 mlad\u00fdm cyklist\u016fm p\u0159ej\u00edt od z\u00e1kladn\u00ed \u00farovn\u011b ke \u0161pi\u010dkov\u00e9mu sportu d\u00edky v\u011bdecky podlo\u017een\u00e9mu tr\u00e9ninku, individu\u00e1ln\u00edmu veden\u00ed a ka\u017edodenn\u00ed podpo\u0159e. Akademie usiluje tak\u00e9 o to, aby mlad\u00ed sportovci z\u00edskali jazykov\u00e9 a profesn\u00ed dovednosti pot\u0159ebn\u00e9 pro \u00fasp\u011b\u0161n\u00e9 p\u016fsoben\u00ed v zahrani\u010d\u00ed.<\/p>\n\n\n\n<p>Roadshow motivuje d\u011bti k pohybu a z\u00e1rove\u0148 propojuje fyzickou aktivitu s virtu\u00e1ln\u00edmi prvky. Letos Roadshow nav\u0161t\u00edvila 12 lokalit nap\u0159\u00ed\u010d \u010ceskou republikou. Od Karlov\u00fdch Var\u016f po Ostravu, od z\u00e1kladn\u00edch \u0161kol a gymn\u00e1zi\u00ed a\u017e po starty a c\u00edle etap Czech Tour a Z\u00e1vodu m\u00edru.<\/p>\n\n\n\n<p class=\"has-medium-font-size\"><strong>Podpora od profesion\u00e1l\u016f<\/strong><\/p>\n\n\n\n<p><em>\u201eChceme nasm\u011brovat dal\u0161\u00ed d\u011bti ke sportu obecn\u011b, nejen k cyklistice. St\u00e1vaj\u00edc\u00edm mlad\u00fdm z\u00e1vodn\u00edk\u016fm pak chceme poskytnout nejnov\u011bj\u0161\u00ed poznatky a metody z vrcholov\u00e9 sv\u011btov\u00e9 cyklistiky. Ne v\u0161ichni se ale jednou budou \u017eivit profesion\u00e1ln\u00ed cyklistikou, proto klademe d\u016fraz tak\u00e9 na propojen\u00ed sportu se vzd\u011bl\u00e1vac\u00edm syst\u00e9mem,\u201c <\/em>\u0159\u00edk\u00e1 k fungov\u00e1n\u00ed <strong>Robert Kol\u00e1\u0159<\/strong>, \u0159editel Czech Cycling Academy a viceprezident \u010cesk\u00e9ho svazu cyklistiky.<\/p>\n\n\n\n<p><em>\u201eJedn\u00edm z d\u00edl\u010d\u00edch c\u00edl\u016f je m\u00edt cyklisty na ka\u017ed\u00e9m z ji\u017e existuj\u00edc\u00edch sportovn\u00edch gymn\u00e1zi\u00ed. D\u00edky Akademii p\u0159ich\u00e1zej\u00ed do \u010desk\u00e9 cyklistiky dal\u0161\u00ed nov\u00e9 finan\u010dn\u00ed zdroje. Projekt je financov\u00e1n v\u00fdlu\u010dn\u011b ze soukrom\u00e9ho sektoru, gener\u00e1ln\u00edm a zat\u00edm jedin\u00fdm partnerem je spole\u010dnost MND Energy,\u201d<\/em> dopl\u0148uje.<\/p>\n\n\n\n<figure class=\"wp-block-image size-large\"><img loading=\"lazy\" decoding=\"async\" width=\"939\" height=\"1024\" src=\"https:\/\/www.czechcyclingfederation.com\/wp-content\/uploads\/2025\/12\/stybar--939x1024.jpg\" alt=\"\" class=\"wp-image-38952\" srcset=\"https:\/\/www.czechcyclingfederation.com\/wp-content\/uploads\/2025\/12\/stybar--939x1024.jpg 939w, https:\/\/www.czechcyclingfederation.com\/wp-content\/uploads\/2025\/12\/stybar--183x200.jpg 183w, https:\/\/www.czechcyclingfederation.com\/wp-content\/uploads\/2025\/12\/stybar--768x838.jpg 768w, https:\/\/www.czechcyclingfederation.com\/wp-content\/uploads\/2025\/12\/stybar--1408x1536.jpg 1408w, https:\/\/www.czechcyclingfederation.com\/wp-content\/uploads\/2025\/12\/stybar--1877x2048.jpg 1877w, https:\/\/www.czechcyclingfederation.com\/wp-content\/uploads\/2025\/12\/stybar--1320x1440.jpg 1320w\" sizes=\"auto, (max-width: 939px) 100vw, 939px\" \/><\/figure>\n\n\n\n<p>Patron akademie Zden\u011bk \u0160tybar se na jej\u00edm chodu aktivn\u011b pod\u00edl\u00ed a nav\u0161t\u011bvuje i Roadshows na \u0161kol\u00e1ch. <em>\u201eKdy\u017e jsem za\u010d\u00ednal, nebylo mnoho lid\u00ed, kte\u0159\u00ed by mi poradili, jak tr\u00e9novat nebo kam sm\u011b\u0159ovat. D\u00edky spr\u00e1vn\u00e9mu veden\u00ed a podpo\u0159e jsem se ale dok\u00e1zal prosadit mezi sv\u011btovou \u0161pi\u010dku. Te\u010f je \u010das tuto zku\u0161enost p\u0159edat d\u00e1l,\u201d<\/em> p\u0159iznal \u0160tybar. V roce 2026 bude projekt Roadshow pokra\u010dovat v n\u00e1v\u0161t\u011bv\u00e1ch \u0161kol a p\u0159edstav\u00ed se tak\u00e9 na startech vybran\u00fdch z\u00e1vod\u016f MND Cupu, stejn\u011b jako op\u011bt na Z\u00e1vodu m\u00edru a Czech Tour.<\/p>\n\n\n\n<p><em>\u201eSpole\u010dnost MND dlouhodob\u011b podporuje \u010deskou cyklistiku. Jsme sponzory nejen Z\u00e1vodu m\u00edru U23 a Czech Tour, ale tak\u00e9 \u010cesk\u00e9ho poh\u00e1ru ml\u00e1de\u017ee a \u017een v silni\u010dn\u00ed cyklistice. V p\u0159\u00ed\u0161t\u00edm roce nav\u00edc podpo\u0159\u00edme i Z\u00e1vod m\u00edru junior\u016f, kter\u00fd je sou\u010d\u00e1st\u00ed Poh\u00e1ru n\u00e1rod\u016f,\u201c<\/em> uvedl <strong>Milan Duba<\/strong>, v\u00fdkonn\u00fd \u0159editel MND Energie, a.s.<\/p>\n\n\n\n<p><em>\u201eV leto\u0161n\u00edm roce jsme se nav\u00edc stali gener\u00e1ln\u00edm partnerem nov\u00e9ho projektu Czech Cycling Academy. Ten si klade za c\u00edl vyhled\u00e1vat mezi \u017e\u00e1ky z\u00e1kladn\u00edch a st\u0159edn\u00edch \u0161kol talentovan\u00e9 sportovce, kte\u0159\u00ed se mohou v budoucnu za\u0159adit mezi sv\u011btovou cyklistickou \u0161pi\u010dku,\u201c <\/em>dodal Duba.<\/p>\n\n\n\n<p>Foto: CCA<\/p>\n","protected":false},"excerpt":{"rendered":"<p>Zden\u011bk \u0160tybar p\u0159edstavil p\u0159ed v\u00edce ne\u017e stovkou host\u016f na konferenci Czech Cycling Academy jako jej\u00ed partner pl\u00e1ny projektu pro p\u0159\u00ed\u0161t\u00ed rok. Fungov\u00e1n\u00ed akademie se op\u00edr\u00e1 o dv\u011b kl\u00ed\u010dov\u00e9 aktivity: talentov\u00fd program pro mlad\u00e9 sportovce a Roadshow. C\u00edlem je rozv\u00edjet nad\u011bjn\u00e9 cyklisty a cyklistky skrze komplexn\u00ed syst\u00e9m tr\u00e9ninku, vzd\u011bl\u00e1v\u00e1n\u00ed a podpory. Czech Cycling Academy p\u0159edstavuje v\u00fdznamn\u00fd [&hellip;]<\/p>\n","protected":false},"author":30,"featured_media":38950,"comment_status":"closed","ping_status":"open","sticky":false,"template":"","format":"standard","meta":{"footnotes":""},"categories":[201,2],"tags":[174],"class_list":["post-38949","post","type-post","status-publish","format-standard","has-post-thumbnail","hentry","category-cyklistika-pro-vsechny","category-novinky","tag-vzdelavani"],"_links":{"self":[{"href":"https:\/\/www.czechcyclingfederation.com\/en\/wp-json\/wp\/v2\/posts\/38949","targetHints":{"allow":["GET"]}}],"collection":[{"href":"https:\/\/www.czechcyclingfederation.com\/en\/wp-json\/wp\/v2\/posts"}],"about":[{"href":"https:\/\/www.czechcyclingfederation.com\/en\/wp-json\/wp\/v2\/types\/post"}],"author":[{"embeddable":true,"href":"https:\/\/www.czechcyclingfederation.com\/en\/wp-json\/wp\/v2\/users\/30"}],"replies":[{"embeddable":true,"href":"https:\/\/www.czechcyclingfederation.com\/en\/wp-json\/wp\/v2\/comments?post=38949"}],"version-history":[{"count":3,"href":"https:\/\/www.czechcyclingfederation.com\/en\/wp-json\/wp\/v2\/posts\/38949\/revisions"}],"predecessor-version":[{"id":38957,"href":"https:\/\/www.czechcyclingfederation.com\/en\/wp-json\/wp\/v2\/posts\/38949\/revisions\/38957"}],"wp:featuredmedia":[{"embeddable":true,"href":"https:\/\/www.czechcyclingfederation.com\/en\/wp-json\/wp\/v2\/media\/38950"}],"wp:attachment":[{"href":"https:\/\/www.czechcyclingfederation.com\/en\/wp-json\/wp\/v2\/media?parent=38949"}],"wp:term":[{"taxonomy":"category","embeddable":true,"href":"https:\/\/www.czechcyclingfederation.com\/en\/wp-json\/wp\/v2\/categories?post=38949"},{"taxonomy":"post_tag","embeddable":true,"href":"https:\/\/www.czechcyclingfederation.com\/en\/wp-json\/wp\/v2\/tags?post=38949"}],"curies":[{"name":"wp","href":"https:\/\/api.w.org\/{rel}","templated":true}]}}