{"id":3891,"date":"2021-03-28T19:16:27","date_gmt":"2021-03-28T17:16:27","guid":{"rendered":"http:\/\/www.czechcyclingfederation.com\/?p=3891"},"modified":"2021-03-28T19:16:27","modified_gmt":"2021-03-28T17:16:27","slug":"mistr-cr-toupalik-treti-ve-slovinsku","status":"publish","type":"post","link":"https:\/\/www.czechcyclingfederation.com\/en\/mistr-cr-toupalik-treti-ve-slovinsku\/","title":{"rendered":"Mistr \u010cR \u0164oupal\u00edk t\u0159et\u00ed ve Slovinsku"},"content":{"rendered":"\n<p>\u00da\u0159aduj\u00edc\u00ed \u010desk\u00fd \u0161ampion Adam \u0164oupal\u00edk z celku Ekov Kasper potvrdil op\u011bt sv\u00e9 spurtersk\u00e9 kvality, kdy\u017e v podniku druh\u00e9 kategorie kalend\u00e1\u0159e UCI GP Adria Mobil ve Slovinsku skon\u010dil na t\u0159et\u00edm m\u00edst\u011b. Po 182,2 kilometrech nesta\u010dil pouze na v\u00edt\u011bzn\u00e9ho Marijna van den Berga z Nizozem\u00ed a Itala Filippo Fiorelliho.<\/p>\n\n\n\n<p>Nav\u00e1zal t\u00edm na dv\u011b p\u00f3diov\u00e1 um\u00edst\u011bn\u00ed sv\u00e9ho celku z p\u0159edchoz\u00edch dvou z\u00e1vod\u016f, kdy\u017e t\u0159et\u00ed byl&nbsp; Ji\u0159\u00ed Polnick\u00fd v roce 2018 a druh\u00fd Franti\u0161ek Sisr v roce 2019. Do posledn\u00edho \u0161estikilometrov\u00e9ho okruhu vj\u00ed\u017ed\u011bl cel\u00fd peloton pohromad\u011b. V n\u011bm se n\u011bkolik z\u00e1vodn\u00edk\u016f pokou\u0161elo ujet, ale a\u017e do spurtu vydr\u017eela cel\u00e1 skupina pohromad\u011b. Svou pozici si zde hl\u00eddal i Jakub Otruba a p\u0159edev\u0161\u00edm Adam \u0164oupal\u00edk.<\/p>\n\n\n\n<p>\u201eOd za\u010d\u00e1tku jsme dnes jeli aktivn\u011b a byli jsme u v\u0161eho podstatn\u00e9ho. D\u00edky tempu, kter\u00fdm jsem sj\u00ed\u017ed\u011bli skupinu v \u00faniku jsme i slu\u0161n\u011b zredukovali peloton. V \u00fapln\u00e9m z\u00e1v\u011bru mi Kuba Otruba rozjel spurt, ale bohu\u017eel jsme se za\u0159adil z\u00e1vodn\u00edka FDJ, kter\u00fd dal nakonec p\u0159ednost sv\u00e9mu kolegovi a trochu m\u011b zav\u0159el. I tak z toho bylo t\u0159et\u00ed m\u00edsto, za kter\u00e9 jsem dnes r\u00e1d,\u201c popsal z\u00e1v\u011br z\u00e1vodu Adam \u0164oupal\u00edk.<\/p>\n\n\n\n<p>V\u00fdsledky:<\/p>\n\n\n\n<p>1. van den Berg (Niz.) 4:23:04, 2. Fiorelli (It.), 3. A. \u0164oupal\u00edk (\u010cR), 4.&nbsp; Pithie (N. Z\u00e9l.), 5. Per (Slovin.), 6. Kaczmarek (Pol.), &#8230;17. Otruba v\u0161ichni stejn\u00fd \u010da, 44. Kukrle +1:38.<\/p>\n\n\n\n<p>FOTO Elkov Kasper<\/p>\n","protected":false},"excerpt":{"rendered":"<p>\u00da\u0159aduj\u00edc\u00ed \u010desk\u00fd \u0161ampion Adam \u0164oupal\u00edk z celku Ekov Kasper potvrdil op\u011bt sv\u00e9 spurtersk\u00e9 kvality, kdy\u017e v podniku druh\u00e9 kategorie kalend\u00e1\u0159e UCI GP Adria Mobil ve Slovinsku skon\u010dil na t\u0159et\u00edm m\u00edst\u011b. Po 182,2 kilometrech nesta\u010dil pouze na v\u00edt\u011bzn\u00e9ho Marijna van den Berga z Nizozem\u00ed a Itala Filippo Fiorelliho. Nav\u00e1zal t\u00edm na dv\u011b p\u00f3diov\u00e1 um\u00edst\u011bn\u00ed sv\u00e9ho celku [&hellip;]<\/p>\n","protected":false},"author":8,"featured_media":3892,"comment_status":"closed","ping_status":"open","sticky":false,"template":"","format":"standard","meta":{"footnotes":""},"categories":[2,18],"tags":[11],"class_list":["post-3891","post","type-post","status-publish","format-standard","has-post-thumbnail","hentry","category-novinky","category-silnice","tag-silnice"],"_links":{"self":[{"href":"https:\/\/www.czechcyclingfederation.com\/en\/wp-json\/wp\/v2\/posts\/3891","targetHints":{"allow":["GET"]}}],"collection":[{"href":"https:\/\/www.czechcyclingfederation.com\/en\/wp-json\/wp\/v2\/posts"}],"about":[{"href":"https:\/\/www.czechcyclingfederation.com\/en\/wp-json\/wp\/v2\/types\/post"}],"author":[{"embeddable":true,"href":"https:\/\/www.czechcyclingfederation.com\/en\/wp-json\/wp\/v2\/users\/8"}],"replies":[{"embeddable":true,"href":"https:\/\/www.czechcyclingfederation.com\/en\/wp-json\/wp\/v2\/comments?post=3891"}],"version-history":[{"count":1,"href":"https:\/\/www.czechcyclingfederation.com\/en\/wp-json\/wp\/v2\/posts\/3891\/revisions"}],"predecessor-version":[{"id":3893,"href":"https:\/\/www.czechcyclingfederation.com\/en\/wp-json\/wp\/v2\/posts\/3891\/revisions\/3893"}],"wp:featuredmedia":[{"embeddable":true,"href":"https:\/\/www.czechcyclingfederation.com\/en\/wp-json\/wp\/v2\/media\/3892"}],"wp:attachment":[{"href":"https:\/\/www.czechcyclingfederation.com\/en\/wp-json\/wp\/v2\/media?parent=3891"}],"wp:term":[{"taxonomy":"category","embeddable":true,"href":"https:\/\/www.czechcyclingfederation.com\/en\/wp-json\/wp\/v2\/categories?post=3891"},{"taxonomy":"post_tag","embeddable":true,"href":"https:\/\/www.czechcyclingfederation.com\/en\/wp-json\/wp\/v2\/tags?post=3891"}],"curies":[{"name":"wp","href":"https:\/\/api.w.org\/{rel}","templated":true}]}}