{"id":38815,"date":"2025-11-25T13:06:59","date_gmt":"2025-11-25T12:06:59","guid":{"rendered":"https:\/\/www.czechcyclingfederation.com\/?p=38815"},"modified":"2025-11-25T13:07:52","modified_gmt":"2025-11-25T12:07:52","slug":"skoleni-treneru-ii-tridy","status":"publish","type":"post","link":"https:\/\/www.czechcyclingfederation.com\/en\/skoleni-treneru-ii-tridy\/","title":{"rendered":"\u0160kolen\u00ed tren\u00e9r\u016f II. t\u0159\u00eddy"},"content":{"rendered":"\n<p>\u010cesk\u00fd svaz cyklistiky po\u0159\u00e1d\u00e1 nov\u00e9 \u0161kolen\u00ed tren\u00e9r\u016f II. t\u0159\u00eddy. Od ledna do b\u0159ezna 2026 bude prob\u00edhat v\u00edkendov\u00e1 v\u00fduka cyklistick\u00e9 specializace. T\u011b\u0161it se m\u016f\u017eete na zaj\u00edmav\u00e9 p\u0159edn\u00e1\u0161ky, kter\u00e9 poskytnou hlub\u0161\u00ed znalosti v&nbsp;oblasti sportovn\u00edho tr\u00e9ninku v&nbsp;cyklistice. D\u016fraz je kladen na jednotliv\u00e9 v\u011bkov\u00e9 etapy a respektov\u00e1n\u00ed posloupnosti ve sportovn\u00edm tr\u00e9ninku tak, abychom vychov\u00e1vali \u00fasp\u011b\u0161n\u00e9 cyklisty v&nbsp;elitn\u00edch kategori\u00edch. Velk\u00fd prostor dostane i t\u00e9ma ment\u00e1ln\u00ed p\u0159\u00edpravy, a to nejen pro budouc\u00ed sv\u011b\u0159ence, ale i pro samotn\u00e9 tren\u00e9ry. Krom\u011b spole\u010dn\u00fdch p\u0159edn\u00e1\u0161ek pro tren\u00e9ry v\u0161ech discipl\u00edn si nav\u00edc vyberete specializaci (discipl\u00ednu), ve kter\u00e9 p\u016fjdete do samotn\u00fdch detail\u016f dan\u00e9ho cyklistick\u00e9ho odv\u011btv\u00ed v\u010detn\u011b praxe ve vybran\u00e9m odd\u00edlu.<\/p>\n\n\n\n<p>S&nbsp;v\u00fdjimkou v\u00fduky dr\u00e1hov\u00e9 cyklistiky budou v\u0161echny ostatn\u00ed p\u0159edn\u00e1\u0161ky po\u0159\u00e1d\u00e1ny v&nbsp;s\u00eddle \u010cesk\u00e9ho svazu cyklistiky (dr\u00e1hov\u00e1 cyklistika prob\u011bhne na velodromu v&nbsp;are\u00e1lu TJ Favorit Brno).<\/p>\n\n\n\n<p>Ve\u0161ker\u00e9 informace v\u010detn\u011b harmonogramu a t\u00e9mat jednotliv\u00fdch p\u0159edn\u00e1\u0161ek naleznete v&nbsp;p\u0159ilo\u017een\u00e9m dokumentu. Prezen\u010dn\u00ed \u00fa\u010dast na p\u0159edn\u00e1\u0161k\u00e1ch nutn\u00e1.<\/p>\n\n\n\n<p>P\u0159\u00edpom\u00edn\u00e1me, \u017ee pro zisk tren\u00e9rsk\u00e9ho pr\u016fkazu II. t\u0159\u00eddy je nutn\u00e9 absolvovat v\u00fduku Obecn\u00e9 \u010d\u00e1sti &#8211; v\u011bdeck\u00e9ho z\u00e1kladu sportovn\u00edho tr\u00e9ninku (t\u0159\u00edda B) na vysoko\u0161kolsk\u00fdch instituc\u00edch v&nbsp;\u010dasov\u00e9 dotaci 50 hodin (p\u0159ihla\u0161uje \u010cesk\u00fd svaz cyklistiky \u2013 kontaktujte koordin\u00e1tora vzd\u011bl\u00e1v\u00e1n\u00ed a metodiky \u010cSC). Vybrat si m\u016f\u017eete mezi FTVS UK Praha a FTK UPOL Olomouc. Term\u00edny kurzu Obecn\u00e9 \u010d\u00e1sti na obou univerzit\u00e1ch budou zve\u0159ejn\u011bny koordin\u00e1torem \u010cSC p\u0159i p\u0159ihla\u0161ov\u00e1n\u00ed. Zpravidla se kurzy konaj\u00ed na podzim a na ja\u0159e. Po \u00fasp\u011b\u0161n\u00e9m absolvov\u00e1n\u00ed Obecn\u00e9 \u010d\u00e1sti &#8211; v\u011bdeck\u00e9ho z\u00e1kladu sportovn\u00edho tr\u00e9ninku a cyklistick\u00e9 specializace V\u00e1m bude vyd\u00e1no osved\u010den\u00ed oprav\u0148uj\u00edc\u00ed k zisku \u017eivnostensk\u00e9ho listu a tren\u00e9rsk\u00fd pr\u016fkaz II. t\u0159\u00eddy v cyklistice.<\/p>\n\n\n\n<p>Zisk tren\u00e9rsk\u00e9ho pr\u016fkazu II. t\u0159\u00eddy je tedy podm\u00edn\u011bn t\u011bmito body:<\/p>\n\n\n\n<p>&nbsp;&nbsp;&nbsp;&nbsp;&nbsp;&nbsp;&nbsp;&nbsp;&nbsp;&nbsp;&nbsp; &#8211;&nbsp;&nbsp;&nbsp;&nbsp;&nbsp;&nbsp;&nbsp;&nbsp;&nbsp; absolvov\u00e1n\u00ed Obecn\u00e1 \u010d\u00e1sti \u2013 V\u011bdeck\u00e9ho z\u00e1kladu sportovn\u00edho tr\u00e9ninku (t\u0159\u00edda B) (poskytuj\u00ed FTVS UK Praha, FTK UPOL Olomouc)<\/p>\n\n\n\n<p>&nbsp;&nbsp;&nbsp;&nbsp;&nbsp;&nbsp;&nbsp;&nbsp;&nbsp;&nbsp;&nbsp; &#8211;&nbsp;&nbsp;&nbsp;&nbsp;&nbsp;&nbsp;&nbsp;&nbsp;&nbsp; absolvov\u00e1n\u00ed cyklistick\u00e9 specializace (poskytuje \u010cesk\u00fd svaz cyklistiky, Praha)<\/p>\n\n\n\n<p>Pro p\u0159ihl\u00e1\u0161en\u00ed na v\u00fd\u0161e zm\u00edn\u011bn\u00e9 \u010d\u00e1sti \u0161kolen\u00ed II. tren\u00e9rsk\u00e9 t\u0159\u00eddy \u010di jin\u00e9 dotazy kontaktujte koordin\u00e1tora syst\u00e9mu vzd\u011bl\u00e1v\u00e1n\u00ed a metodiky Mat\u011bje Chalupn\u00e9ho (chalupny@ceskysvazcyklistiky.cz).<\/p>\n","protected":false},"excerpt":{"rendered":"<p>\u010cesk\u00fd svaz cyklistiky po\u0159\u00e1d\u00e1 nov\u00e9 \u0161kolen\u00ed tren\u00e9r\u016f II. t\u0159\u00eddy. Od ledna do b\u0159ezna 2026 bude prob\u00edhat v\u00edkendov\u00e1 v\u00fduka cyklistick\u00e9 specializace. T\u011b\u0161it se m\u016f\u017eete na zaj\u00edmav\u00e9 p\u0159edn\u00e1\u0161ky, kter\u00e9 poskytnou hlub\u0161\u00ed znalosti v&nbsp;oblasti sportovn\u00edho tr\u00e9ninku v&nbsp;cyklistice. D\u016fraz je kladen na jednotliv\u00e9 v\u011bkov\u00e9 etapy a respektov\u00e1n\u00ed posloupnosti ve sportovn\u00edm tr\u00e9ninku tak, abychom vychov\u00e1vali \u00fasp\u011b\u0161n\u00e9 cyklisty v&nbsp;elitn\u00edch kategori\u00edch. Velk\u00fd [&hellip;]<\/p>\n","protected":false},"author":1,"featured_media":38819,"comment_status":"closed","ping_status":"open","sticky":false,"template":"","format":"standard","meta":{"footnotes":""},"categories":[28,2,173],"tags":[174],"class_list":["post-38815","post","type-post","status-publish","format-standard","has-post-thumbnail","hentry","category-cesky-svaz-cyklistiky","category-novinky","category-vzdelavani","tag-vzdelavani"],"_links":{"self":[{"href":"https:\/\/www.czechcyclingfederation.com\/en\/wp-json\/wp\/v2\/posts\/38815","targetHints":{"allow":["GET"]}}],"collection":[{"href":"https:\/\/www.czechcyclingfederation.com\/en\/wp-json\/wp\/v2\/posts"}],"about":[{"href":"https:\/\/www.czechcyclingfederation.com\/en\/wp-json\/wp\/v2\/types\/post"}],"author":[{"embeddable":true,"href":"https:\/\/www.czechcyclingfederation.com\/en\/wp-json\/wp\/v2\/users\/1"}],"replies":[{"embeddable":true,"href":"https:\/\/www.czechcyclingfederation.com\/en\/wp-json\/wp\/v2\/comments?post=38815"}],"version-history":[{"count":1,"href":"https:\/\/www.czechcyclingfederation.com\/en\/wp-json\/wp\/v2\/posts\/38815\/revisions"}],"predecessor-version":[{"id":38824,"href":"https:\/\/www.czechcyclingfederation.com\/en\/wp-json\/wp\/v2\/posts\/38815\/revisions\/38824"}],"wp:featuredmedia":[{"embeddable":true,"href":"https:\/\/www.czechcyclingfederation.com\/en\/wp-json\/wp\/v2\/media\/38819"}],"wp:attachment":[{"href":"https:\/\/www.czechcyclingfederation.com\/en\/wp-json\/wp\/v2\/media?parent=38815"}],"wp:term":[{"taxonomy":"category","embeddable":true,"href":"https:\/\/www.czechcyclingfederation.com\/en\/wp-json\/wp\/v2\/categories?post=38815"},{"taxonomy":"post_tag","embeddable":true,"href":"https:\/\/www.czechcyclingfederation.com\/en\/wp-json\/wp\/v2\/tags?post=38815"}],"curies":[{"name":"wp","href":"https:\/\/api.w.org\/{rel}","templated":true}]}}