{"id":387,"date":"2020-04-28T03:38:54","date_gmt":"2020-04-28T01:38:54","guid":{"rendered":"http:\/\/www.czechcyclingfederation.com\/?p=387"},"modified":"2020-07-16T13:41:32","modified_gmt":"2020-07-16T11:41:32","slug":"trenuj-s-repre-draha-4-dil-kadlecovi","status":"publish","type":"post","link":"https:\/\/www.czechcyclingfederation.com\/en\/trenuj-s-repre-draha-4-dil-kadlecovi\/","title":{"rendered":"Tr\u00e9nuj s repre DR\u00c1HA &#8211; 4. d\u00edl Kadlecovi"},"content":{"rendered":"\n<p>Dne\u0161n\u00edm hostem projektu \u201eTr\u00e9nuj s repre! Dr\u00e1ha\u201c je Milan Kadlec st. &#8211; &#8220;Kadliny&#8221; a Milan Kadlec ml. &#8220;Kadl\u00edny junior&#8221;.<\/p>\n\n\n\n<p>Milan Kadlec star\u0161\u00ed je aktu\u00e1ln\u011b reprezenta\u010dn\u00ed tren\u00e9r dr\u00e1hy, dlouholet\u00fd \u010dlen n\u00e1rodn\u00edho resortn\u00edho centra vrcholov\u00e9ho sportu ASC Dukla Praha a historicky jeden z nej\u00fasp\u011b\u0161n\u011bj\u0161\u00edch cyklist\u016f \u010desk\u00e9 dr\u00e1hov\u00e9 a silni\u010dn\u00ed cyklistiky.\u00a0<br><br>Milan Kadlec &#8211; junior kr\u00e1\u010d\u00ed ve stop\u00e1ch sv\u00e9ho otce a jak jinak ne\u017e v dresu ASC Dukla Praha.<br><br>Dal\u0161\u00ed informace naleznete n\u00ed\u017ee v p\u0159\u00edsp\u011bvku na Facebooku.<\/p>\n\n\n\n<figure><iframe loading=\"lazy\" allowfullscreen=\"true\" height=\"514\" src=\"https:\/\/www.facebook.com\/plugins\/video.php?href=https%3A%2F%2Fwww.facebook.com%2Fczechcyclingfederation%2Fvideos%2F603225933614018%2F&amp;show_text=1&amp;width=560\" width=\"560\"><\/iframe><\/figure>\n","protected":false},"excerpt":{"rendered":"<p>Dne\u0161n\u00edm hostem projektu \u201eTr\u00e9nuj s repre! Dr\u00e1ha\u201c je Milan Kadlec st. &#8211; &#8220;Kadliny&#8221; a Milan Kadlec ml. &#8220;Kadl\u00edny junior&#8221;. Milan Kadlec star\u0161\u00ed je aktu\u00e1ln\u011b reprezenta\u010dn\u00ed tren\u00e9r dr\u00e1hy, dlouholet\u00fd \u010dlen n\u00e1rodn\u00edho resortn\u00edho centra vrcholov\u00e9ho sportu ASC Dukla Praha a historicky jeden z nej\u00fasp\u011b\u0161n\u011bj\u0161\u00edch cyklist\u016f \u010desk\u00e9 dr\u00e1hov\u00e9 a silni\u010dn\u00ed cyklistiky.\u00a0 Milan Kadlec &#8211; junior kr\u00e1\u010d\u00ed ve stop\u00e1ch [&hellip;]<\/p>\n","protected":false},"author":1,"featured_media":388,"comment_status":"closed","ping_status":"open","sticky":false,"template":"","format":"standard","meta":{"footnotes":""},"categories":[54,2],"tags":[9],"class_list":["post-387","post","type-post","status-publish","format-standard","has-post-thumbnail","hentry","category-draha","category-novinky","tag-draha"],"_links":{"self":[{"href":"https:\/\/www.czechcyclingfederation.com\/en\/wp-json\/wp\/v2\/posts\/387","targetHints":{"allow":["GET"]}}],"collection":[{"href":"https:\/\/www.czechcyclingfederation.com\/en\/wp-json\/wp\/v2\/posts"}],"about":[{"href":"https:\/\/www.czechcyclingfederation.com\/en\/wp-json\/wp\/v2\/types\/post"}],"author":[{"embeddable":true,"href":"https:\/\/www.czechcyclingfederation.com\/en\/wp-json\/wp\/v2\/users\/1"}],"replies":[{"embeddable":true,"href":"https:\/\/www.czechcyclingfederation.com\/en\/wp-json\/wp\/v2\/comments?post=387"}],"version-history":[{"count":1,"href":"https:\/\/www.czechcyclingfederation.com\/en\/wp-json\/wp\/v2\/posts\/387\/revisions"}],"predecessor-version":[{"id":389,"href":"https:\/\/www.czechcyclingfederation.com\/en\/wp-json\/wp\/v2\/posts\/387\/revisions\/389"}],"wp:featuredmedia":[{"embeddable":true,"href":"https:\/\/www.czechcyclingfederation.com\/en\/wp-json\/wp\/v2\/media\/388"}],"wp:attachment":[{"href":"https:\/\/www.czechcyclingfederation.com\/en\/wp-json\/wp\/v2\/media?parent=387"}],"wp:term":[{"taxonomy":"category","embeddable":true,"href":"https:\/\/www.czechcyclingfederation.com\/en\/wp-json\/wp\/v2\/categories?post=387"},{"taxonomy":"post_tag","embeddable":true,"href":"https:\/\/www.czechcyclingfederation.com\/en\/wp-json\/wp\/v2\/tags?post=387"}],"curies":[{"name":"wp","href":"https:\/\/api.w.org\/{rel}","templated":true}]}}