{"id":3869,"date":"2021-03-26T08:36:52","date_gmt":"2021-03-26T07:36:52","guid":{"rendered":"http:\/\/www.czechcyclingfederation.com\/?p=3869"},"modified":"2021-03-26T10:24:18","modified_gmt":"2021-03-26T09:24:18","slug":"vladimir-holecek-slavi-petaosmdesatiny","status":"publish","type":"post","link":"https:\/\/www.czechcyclingfederation.com\/en\/vladimir-holecek-slavi-petaosmdesatiny\/","title":{"rendered":"Vladim\u00edr Hole\u010dek slav\u00ed p\u011btaosmdes\u00e1tiny"},"content":{"rendered":"\n<p>Sv\u00e9 p\u011btaosmdes\u00e1tiny oslav\u00ed 28. b\u0159ezna bezpochyby nejv\u011bt\u0161\u00ed \u010desk\u00e1 cyklistick\u00e1 autoritou na diplomatick\u00e9m poli Vladim\u00edr Hole\u010dek. S\u00e1m aktivn\u011b jezdil, p\u0159edev\u0161\u00edm na dr\u00e1ze, a v letech 1959\u20131961 byl \u010dlenem \u010deskoslovensk\u00e9 dr\u00e1hov\u00e9 reprezentace.<\/p>\n\n\n\n<p>Po skon\u010den\u00ed aktivn\u00ed kari\u00e9ry se vydal na funkcion\u00e1\u0159skou dr\u00e1hu. Nejprve byl p\u0159edsedou Pra\u017esk\u00e9ho svazu, pozd\u011bji v letech 1972\u20131976 p\u0159edsedou \u010ceskoslovensk\u00e9ho svazu cyklistiky. P\u0159edev\u0161\u00edm ale p\u016fsobil ve vrcholn\u00fdch mezin\u00e1rodn\u00edch funkc\u00edch. V letech 1990\u20132001 byl viceprezidentem Evropsk\u00e9 cyklistick\u00e9 unie a pot\u00e9 osm let jej\u00edm prezidentem.<\/p>\n\n\n\n<p>V UCI byl p\u0159edsedou s\u00e1lov\u00e9 komise (1981\u20132000), od roku 1993 byl \u010dlenem \u0159\u00edd\u00edc\u00edho v\u00fdboru a v letech 1997\u20132009 viceprezidentem UCI. V sou\u010dasn\u00e9 dob\u011b je \u010destn\u00fdm p\u0159edsedou UEC a \u010destn\u00fdm viceprezidentem UCI.<\/p>\n\n\n\n<p>Veden\u00ed \u010cesk\u00e9ho svazu cyklistiky p\u0159eje Vladim\u00edru Hole\u010dkovi pevn\u00e9 zdrav\u00ed do dal\u0161\u00edch let \u017eivota a mnoho radosti z cyklistick\u00fdch z\u00e1\u017eitk\u016f.<\/p>\n","protected":false},"excerpt":{"rendered":"<p>Sv\u00e9 p\u011btaosmdes\u00e1tiny oslav\u00ed 28. b\u0159ezna bezpochyby nejv\u011bt\u0161\u00ed \u010desk\u00e1 cyklistick\u00e1 autoritou na diplomatick\u00e9m poli Vladim\u00edr Hole\u010dek. S\u00e1m aktivn\u011b jezdil, p\u0159edev\u0161\u00edm na dr\u00e1ze, a v letech 1959\u20131961 byl \u010dlenem \u010deskoslovensk\u00e9 dr\u00e1hov\u00e9 reprezentace. Po skon\u010den\u00ed aktivn\u00ed kari\u00e9ry se vydal na funkcion\u00e1\u0159skou dr\u00e1hu. Nejprve byl p\u0159edsedou Pra\u017esk\u00e9ho svazu, pozd\u011bji v letech 1972\u20131976 p\u0159edsedou \u010ceskoslovensk\u00e9ho svazu cyklistiky. P\u0159edev\u0161\u00edm ale p\u016fsobil [&hellip;]<\/p>\n","protected":false},"author":8,"featured_media":3870,"comment_status":"closed","ping_status":"open","sticky":false,"template":"","format":"standard","meta":{"footnotes":""},"categories":[2,65],"tags":[119],"class_list":["post-3869","post","type-post","status-publish","format-standard","has-post-thumbnail","hentry","category-novinky","category-subdisciplina","tag-csc"],"_links":{"self":[{"href":"https:\/\/www.czechcyclingfederation.com\/en\/wp-json\/wp\/v2\/posts\/3869","targetHints":{"allow":["GET"]}}],"collection":[{"href":"https:\/\/www.czechcyclingfederation.com\/en\/wp-json\/wp\/v2\/posts"}],"about":[{"href":"https:\/\/www.czechcyclingfederation.com\/en\/wp-json\/wp\/v2\/types\/post"}],"author":[{"embeddable":true,"href":"https:\/\/www.czechcyclingfederation.com\/en\/wp-json\/wp\/v2\/users\/8"}],"replies":[{"embeddable":true,"href":"https:\/\/www.czechcyclingfederation.com\/en\/wp-json\/wp\/v2\/comments?post=3869"}],"version-history":[{"count":2,"href":"https:\/\/www.czechcyclingfederation.com\/en\/wp-json\/wp\/v2\/posts\/3869\/revisions"}],"predecessor-version":[{"id":3872,"href":"https:\/\/www.czechcyclingfederation.com\/en\/wp-json\/wp\/v2\/posts\/3869\/revisions\/3872"}],"wp:featuredmedia":[{"embeddable":true,"href":"https:\/\/www.czechcyclingfederation.com\/en\/wp-json\/wp\/v2\/media\/3870"}],"wp:attachment":[{"href":"https:\/\/www.czechcyclingfederation.com\/en\/wp-json\/wp\/v2\/media?parent=3869"}],"wp:term":[{"taxonomy":"category","embeddable":true,"href":"https:\/\/www.czechcyclingfederation.com\/en\/wp-json\/wp\/v2\/categories?post=3869"},{"taxonomy":"post_tag","embeddable":true,"href":"https:\/\/www.czechcyclingfederation.com\/en\/wp-json\/wp\/v2\/tags?post=3869"}],"curies":[{"name":"wp","href":"https:\/\/api.w.org\/{rel}","templated":true}]}}