{"id":38674,"date":"2025-11-18T19:54:00","date_gmt":"2025-11-18T18:54:00","guid":{"rendered":"https:\/\/www.czechcyclingfederation.com\/?p=38674"},"modified":"2025-11-18T19:54:03","modified_gmt":"2025-11-18T18:54:03","slug":"seminar-cycling-university-o-vykonnostnim-sportu-mladeze","status":"publish","type":"post","link":"https:\/\/www.czechcyclingfederation.com\/en\/seminar-cycling-university-o-vykonnostnim-sportu-mladeze\/","title":{"rendered":"Semin\u00e1\u0159 Cycling University o v\u00fdkonnostn\u00edm sportu ml\u00e1de\u017ee"},"content":{"rendered":"\n<p>Vzd\u011bl\u00e1vac\u00ed program \u010cesk\u00e9ho svazu cyklistiky Cycling University bude ve st\u0159edu 3. prosince 2025 pokra\u010dovat dal\u0161\u00edm semin\u00e1\u0159em, tentokr\u00e1t zam\u011b\u0159en\u00fdm p\u0159edev\u0161\u00edm na diskutovan\u00e9 t\u00e9ma v\u00fdkonnostn\u00edho sportu ml\u00e1de\u017ee se specializac\u00ed cyklistika.<\/p>\n\n\n\n<p>Po\u0159adatel\u00e9 semin\u00e1\u0159e oslovili p\u0159edstavitele v\u00fdznamn\u00fdch \u010desk\u00fdch cyklistick\u00fdch klub\u016f, sportovn\u00edch t\u0159\u00edd a center s po\u017eadavkem na v\u00fdsti\u017enou sondu do jejich v\u0161edn\u00ed \u010dinnosti, problematiky souvisej\u00edc\u00ed s chodem subjektu i konkr\u00e9tn\u00ed pr\u00e1ci s talentovan\u00fdm jedincem v p\u0159echodov\u00e9m a diskutovan\u00e9m obdob\u00ed, tedy \u017e\u00e1k\/kadet, kadet\/junior a n\u00e1sledn\u011b junior\/U23. Na z\u00e1v\u011br semin\u00e1\u0159e budou t\u00e9mata diskutov\u00e1na formou \u201ekulat\u00e9ho stolu\u201c s ot\u00e1zkami a n\u00e1zory poslucha\u010d\u016f semin\u00e1\u0159e.&nbsp;&nbsp;&nbsp;<\/p>\n\n\n\n<p>Prosincov\u00fd p\u0159edn\u00e1\u0161kov\u00fd blok zah\u00e1j\u00ed \u0159editelka resortn\u00edho sportovn\u00edho centra VICTORIA VSC M\u0160MT, Mgr. Lenka Kov\u00e1\u0159ov\u00e1, Ph.D., MBA, LL.M., s p\u0159edn\u00e1\u0161kou \u201eVyu\u017eit\u00ed AI v tr\u00e9ninku a v\u00fdkonnostn\u00edm sportu\u201c. Um\u011bl\u00e1 inteligence se postupn\u011b st\u00e1v\u00e1 denn\u00ed sou\u010d\u00e1st\u00ed na\u0161ich \u017eivot\u016f. Nab\u00edz\u00ed \u00fa\u017easn\u00e9 v\u011bci a mo\u017enosti, ale tak\u00e9 mnoho otazn\u00edk\u016f a co je zaj\u00edmav\u00e9, tato situace se v podstat\u011b st\u00e1le a rychle vyv\u00edj\u00ed.<\/p>\n\n\n\n<p>T\u00fdm kolem Lenky Kov\u00e1\u0159ov\u00e9 se na dan\u00e9 t\u00e9ma specializuje v r\u00e1mci projektu High Performance Program, \u010cesk\u00e9ho olympijsk\u00e9ho v\u00fdboru a d\u00edky semin\u00e1\u0159i obdr\u017e\u00ed poslucha\u010di aktu\u00e1ln\u00ed odpov\u011b\u010f i mo\u017en\u00e9 vize do budoucnosti o tomto zaj\u00edmav\u00e9m odv\u011btv\u00ed sportovn\u00ed v\u011bdy.<\/p>\n\n\n\n<p>\u201ePro prof\u00edky i pro hob\u00edky &#8211; specializovan\u00e1, cyklistick\u00e1, multifunk\u010dn\u00ed&nbsp; laborato\u0159 orientovan\u00e1 na \u0161irokospektr\u00e9 zvy\u0161ov\u00e1n\u00ed v\u00fdkonu a efektivn\u00edho rozvoje v\u00fdkonnosti\u201c zn\u00ed t\u00e9ma p\u0159edn\u00e1\u0161ky, kterou p\u0159ednese Ing. Robert Kleiner, MBA, kter\u00fd, mimo jin\u00e9, u\u017e p\u0159ed 25 lety zalo\u017eil prvn\u00ed servisn\u00ed centrum pro m\u011b\u0159i\u010de wattov\u00e9ho v\u00fdkonu (wattmetry) v Evrop\u011b.<\/p>\n\n\n\n<p>Robert Kleiner je technologick\u00fd, cyklistick\u00fd vizion\u00e1\u0159 a rozsah projekt\u016f, kter\u00e9 nab\u00edz\u00ed jeho firma je skute\u010dn\u011b \u0161irok\u00fd a pestr\u00fd. V\u011bt\u0161ina z n\u00e1s r\u00e1da jezd\u00ed na kole, cyklistika je n\u00e1\u0161 \u017eivotn\u00ed styl a nem\u00e9n\u011b po\u010detn\u00e9 komunit\u011b z\u00e1jemc\u016f nab\u00edz\u00ed cyklistika i mnoho v\u011bdecky zaj\u00edmav\u00fdch t\u00e9mat technologick\u00fdch, v\u00fdvojov\u00fdch \u010di fyziologick\u00fdch. \u010c\u00edsla a vzorce, kter\u00e1 jsou pro mnoh\u00e9 statisticky zaj\u00edmav\u00e1, p\u0159edstavuj\u00ed i v\u00fdznamn\u00fd prostor pro hled\u00e1n\u00ed cest jak\u00fdm zp\u016fsobem nav\u00fd\u0161it sportovn\u00ed v\u00fdkon na v\u0161ech \u00farovn\u00edch cyklistiky, od kondi\u010dn\u00edho jezdce a\u017e po profesion\u00e1ln\u00edho cyklistu.&nbsp;&nbsp;&nbsp;&nbsp;&nbsp;&nbsp;<\/p>\n\n\n\n<p>N\u00e1sledovat bude cyklus kr\u00e1tk\u00fdch semin\u00e1\u0159\u016f zakon\u010den\u00fdch spole\u010dnou diskus\u00ed p\u0159edn\u00e1\u0161ej\u00edc\u00ed a poslucha\u010d\u016f na t\u00e9ma: \u201eProblematika p\u0159echodov\u00fdch obdob\u00ed ml\u00e1de\u017ee a aspekt\u016f v\u00fdkonnostn\u00ed cyklistiky ml\u00e1de\u017ee, aneb kudy a jak j\u00edt na \u00fapln\u00fd cyklistick\u00fd vrchol\u201c.<\/p>\n\n\n\n<p>P\u0159edn\u00e1\u0161ej\u00edc\u00edmi budou renomovan\u00ed p\u0159edstavitel\u00e9 dlouhodob\u011b v\u00fdznamn\u00fdch cyklistick\u00fdch klub\u016f a instituc\u00ed tak, aby se poslucha\u010di m\u011bli mo\u017enost sezn\u00e1mit se v\u0161emi mo\u017enostmi a sm\u011bry, kter\u00e9 \u010desk\u00e1 cyklistika v sou\u010dasn\u00e9 dob\u011b nab\u00edz\u00ed.&nbsp;<\/p>\n\n\n\n<p>Blok p\u0159edn\u00e1\u0161ek zah\u00e1j\u00ed reprezenta\u010dn\u00ed tren\u00e9r horsk\u00fdch kol, Mgr. Viktor Zapletal p\u0159edn\u00e1\u0161kou \u201eProblematika p\u0159echodov\u00fdch obdob\u00ed ml\u00e1de\u017ee ve v\u00fdkonnostn\u00ed cyklistice, mo\u017en\u00e9 kompenza\u010dn\u00ed sm\u011bry\u201c.<\/p>\n\n\n\n<p>N\u00e1sledovat bude koordin\u00e1tor projektu SCM \u010cSC Josef Vaishar, kter\u00fd se ve sv\u00e9m \u010dasov\u00e9m bloku p\u0159edstav\u00ed s p\u0159edn\u00e1\u0161kou \u201eInterpretace v\u00fdsledk\u016f centr\u00e1ln\u00edch test\u016f SCM a OC\u201c. Sportovn\u00ed gymn\u00e1zia se zam\u011b\u0159en\u00edm na cyklistiku ve Vimperku a v Jablonci nad Nisou maj\u00ed ve sv\u00e9 sb\u00edrce celou \u0159adu sportovn\u00edch \u00fasp\u011bch\u016f a medail\u00ed \u010di dokonce titul\u016f z nejv\u00fdznamn\u011bj\u0161\u00edch sv\u011btov\u00fdch ml\u00e1de\u017enick\u00fdch podnik\u016f \u2013 MS, ME nebo Youth Olympic Games.<\/p>\n\n\n\n<p>Jak funguj\u00ed v sou\u010dasnosti, v jak\u00e9 specializaci a jak\u00e9 maj\u00ed vize do budoucna, p\u0159edstav\u00ed jejich z\u00e1stupci, Mgr. Jakub Kadlec a Milan Holl\u00f3si v p\u0159edn\u00e1\u0161k\u00e1ch \u201eSportovn\u00ed gymn\u00e1zium Vimperk, specializace MTB\u201c a \u201eSportovn\u00ed gymn\u00e1zium Jablonec nad Nisou, specializace cyklistika (MTB, cyklokros, silnice)\u201c.<\/p>\n\n\n\n<p>BMX je discipl\u00ednou, specifickou t\u00edm, \u017ee mlad\u00ed bikrosa\u0159i bojuj\u00ed o sv\u011btov\u00e9 tituly u\u017e od sv\u00fdch d\u011btsk\u00fdch let. To sebou nese celou \u0159adu probl\u00e9m\u016f, ale tak\u00e9 pozitiv a nevyhnutelnou sou\u010d\u00e1st\u00ed tr\u00e9nink\u016f i z\u00e1vod\u016f jsou rodi\u010de d\u011bt\u00ed. P\u0159edseda Komise BMX a reprezenta\u010dn\u00ed tren\u00e9r Luk\u00e1\u0161 Tamme je jedn\u00edm z na\u0161ich nej\u00fasp\u011b\u0161n\u011bj\u0161\u00edch bikrosa\u0159\u016f a vede siln\u00fd odd\u00edl s v\u00edce ne\u017e 140 z\u00e1vodn\u00edky ve v\u0161ech d\u011btsk\u00fdch a ml\u00e1de\u017enick\u00fdch kategori\u00edch, kter\u00fd p\u0159edstav\u00ed v semin\u00e1\u0159i s n\u00e1zvem: \u201eBMX \u0158epy, klub s v\u00edce ne\u017e 140 z\u00e1vodn\u00edky v kategori\u00edch 5 \u2013 18 let\u201c.<\/p>\n\n\n\n<p>\u201eMapei Merida Ka\u0148kovsk\u00fd\u201c je n\u00e1zev jednoho z nej\u00fasp\u011b\u0161n\u011bj\u0161\u00edch \u010desk\u00fdch klub\u016f zam\u011b\u0159en\u00fdch zejm\u00e9na na silni\u010dn\u00ed cyklistiku. Zakladatel t\u00fdmu a z\u00e1rove\u0148 tren\u00e9r i sportovn\u00ed \u0159editel v jedn\u00e9 osob\u011b, Ji\u0159\u00ed Ka\u0148kovsk\u00fd, m\u00e1 v klubov\u00e9 \u201eS\u00edni sl\u00e1vy\u201c mnoho republikov\u00fdch titul\u016f a medail\u00ed sv\u00fdch sv\u011b\u0159enc\u016f, ale n\u00e1le\u017e\u00ed mu i zna\u010dn\u00fd pod\u00edl na \u00fasp\u011b\u0161\u00edch \u010desk\u00e9 silni\u010dn\u00ed reprezentace, a to nejenom v p\u0159edn\u00edch um\u00edst\u011bn\u00edch v z\u00e1vodech typu ME a MS, ale tak\u00e9 v tom ohledu, \u017ee jeho sv\u011b\u0159enci zvl\u00e1dli krizov\u00e9 p\u0159echodov\u00e9 f\u00e1ze a nyn\u00ed \u00fasp\u011b\u0161n\u011b z\u00e1vod\u00ed ve World Tour t\u00fdmech na nejvy\u0161\u0161\u00ed sv\u011btov\u00e9 \u00farovni.<\/p>\n\n\n\n<p>\u201eTeam Dukla Praha Junior \u2013 dr\u00e1ha\/silnice\u201c pod resortn\u00edm centrem vrcholov\u00e9ho sportu Dukla Praha m\u00e1 ve sv\u00e9m popisu specializaci zejm\u00e9na na vytrvalostn\u00ed dr\u00e1hovou cyklistiku se kterou tr\u00e9ninkov\u011b i z\u00e1vodn\u011b souvis\u00ed silni\u010dn\u00ed p\u0159\u00edprava. Chod t\u00fdmu p\u0159ibl\u00ed\u017e\u00ed tren\u00e9r Franti\u0161ek Trkal, kter\u00fd s\u00e1m ve sv\u00fdch juniorsk\u00fdch letech podobnou, dvojdiscipl\u00ednovou koncepc\u00ed pro\u0161el a\u017e na pozici jednoho z nej\u00fasp\u011b\u0161n\u011bj\u0161\u00edch cyklist\u016f \u010desk\u00e9 historie.<\/p>\n\n\n\n<p>Semin\u00e1\u0159em bude prov\u00e1zet a diskusi bude moderovat Viktor Zapletal. M\u00edsto kon\u00e1n\u00ed: Kongresov\u00e1 Aula \u010cesk\u00e9 unie sportu, Z\u00e1topkova 100\/2, Praha 6, Strahov, (p\u0159\u00edzem\u00ed). Poplatek: dr\u017eitel\u00e9 licence \u010cSC I., II. a III. t\u0159\u00eddy:\u00a0500 K\u010d, ostatn\u00ed 800 K\u010d.  Platbu  je pot\u0159eba poslat do 2. prosince 2025 na \u00fa\u010det:\u00a0<strong>1725000504\/0600<\/strong>, <strong>variabiln\u00ed symbol 116<\/strong>.<\/p>\n\n\n\n<p>Vzhledem k omezen\u00e9 kapacit\u011b s\u00e1lu a z\u00e1jmu o p\u0159edn\u00e1\u0161ky Cycling University je nutn\u00e9 registrovat se prost\u0159ednictv\u00edm <a href=\"http:\/\/www.cyclinguniversity.cz\/prihlaska-na-seminar-cu\/\">registra\u010dn\u00edho syst\u00e9mu<\/a>. P\u0159ihl\u00e1\u0161en\u00ed na m\u00edst\u011b nen\u00ed mo\u017en\u00e9.<\/p>\n\n\n\n<p>Dal\u0161\u00ed informace na <a href=\"http:\/\/www.cyclinguniversity.cz\">www.cyclinguniversity.cz<\/a>.<\/p>\n\n\n\n<p><\/p>\n\n\n\n<p><\/p>\n","protected":false},"excerpt":{"rendered":"<p>Vzd\u011bl\u00e1vac\u00ed program \u010cesk\u00e9ho svazu cyklistiky Cycling University bude ve st\u0159edu 3. prosince 2025 pokra\u010dovat dal\u0161\u00edm semin\u00e1\u0159em, tentokr\u00e1t zam\u011b\u0159en\u00fdm p\u0159edev\u0161\u00edm na diskutovan\u00e9 t\u00e9ma v\u00fdkonnostn\u00edho sportu ml\u00e1de\u017ee se specializac\u00ed cyklistika. Po\u0159adatel\u00e9 semin\u00e1\u0159e oslovili p\u0159edstavitele v\u00fdznamn\u00fdch \u010desk\u00fdch cyklistick\u00fdch klub\u016f, sportovn\u00edch t\u0159\u00edd a center s po\u017eadavkem na v\u00fdsti\u017enou sondu do jejich v\u0161edn\u00ed \u010dinnosti, problematiky souvisej\u00edc\u00ed s chodem subjektu i [&hellip;]<\/p>\n","protected":false},"author":30,"featured_media":1051,"comment_status":"closed","ping_status":"open","sticky":false,"template":"","format":"standard","meta":{"footnotes":""},"categories":[23,201,2],"tags":[174],"class_list":["post-38674","post","type-post","status-publish","format-standard","has-post-thumbnail","hentry","category-cycling-university","category-cyklistika-pro-vsechny","category-novinky","tag-vzdelavani"],"_links":{"self":[{"href":"https:\/\/www.czechcyclingfederation.com\/en\/wp-json\/wp\/v2\/posts\/38674","targetHints":{"allow":["GET"]}}],"collection":[{"href":"https:\/\/www.czechcyclingfederation.com\/en\/wp-json\/wp\/v2\/posts"}],"about":[{"href":"https:\/\/www.czechcyclingfederation.com\/en\/wp-json\/wp\/v2\/types\/post"}],"author":[{"embeddable":true,"href":"https:\/\/www.czechcyclingfederation.com\/en\/wp-json\/wp\/v2\/users\/30"}],"replies":[{"embeddable":true,"href":"https:\/\/www.czechcyclingfederation.com\/en\/wp-json\/wp\/v2\/comments?post=38674"}],"version-history":[{"count":2,"href":"https:\/\/www.czechcyclingfederation.com\/en\/wp-json\/wp\/v2\/posts\/38674\/revisions"}],"predecessor-version":[{"id":38677,"href":"https:\/\/www.czechcyclingfederation.com\/en\/wp-json\/wp\/v2\/posts\/38674\/revisions\/38677"}],"wp:featuredmedia":[{"embeddable":true,"href":"https:\/\/www.czechcyclingfederation.com\/en\/wp-json\/wp\/v2\/media\/1051"}],"wp:attachment":[{"href":"https:\/\/www.czechcyclingfederation.com\/en\/wp-json\/wp\/v2\/media?parent=38674"}],"wp:term":[{"taxonomy":"category","embeddable":true,"href":"https:\/\/www.czechcyclingfederation.com\/en\/wp-json\/wp\/v2\/categories?post=38674"},{"taxonomy":"post_tag","embeddable":true,"href":"https:\/\/www.czechcyclingfederation.com\/en\/wp-json\/wp\/v2\/tags?post=38674"}],"curies":[{"name":"wp","href":"https:\/\/api.w.org\/{rel}","templated":true}]}}