{"id":38600,"date":"2025-11-10T13:13:18","date_gmt":"2025-11-10T12:13:18","guid":{"rendered":"https:\/\/www.czechcyclingfederation.com\/?p=38600"},"modified":"2025-11-10T13:13:21","modified_gmt":"2025-11-10T12:13:21","slug":"skoleni-treneru-iii-tridy-2","status":"publish","type":"post","link":"https:\/\/www.czechcyclingfederation.com\/en\/skoleni-treneru-iii-tridy-2\/","title":{"rendered":"\u0160kolen\u00ed tren\u00e9r\u016f III. t\u0159\u00eddy"},"content":{"rendered":"\n<p>\u010cesk\u00fd svaz cyklistiky bude za\u010d\u00e1tkem roku 2026 po\u0159\u00e1dat \u0161kolen\u00ed tren\u00e9r\u016f III. t\u0159\u00eddy.<\/p>\n\n\n\n<p><strong>Datum kon\u00e1n\u00ed:&nbsp;<\/strong>\u010dtvrtek 8. ledna 2026 od 11,00 hodin &#8211; sobota 10. ledna 2026 do 16,00 hodin<br><strong>M\u00edsto kon\u00e1n\u00ed:&nbsp;<\/strong>M\u00e1chova 163, 411 55 Terez\u00edn, Parkhotel<br><strong>Organiz\u00e1tor:&nbsp;<\/strong>Mgr. Svatopluk Henke<\/p>\n\n\n\n<p><strong>P\u0159ihl\u00e1\u0161ky:&nbsp;<\/strong>Emailem do 15. prosince 2025 na:&nbsp;henke@ceskysvazcyklistiky.cz<\/p>\n\n\n\n<p><strong>\u0160koln\u00e9:&nbsp;<\/strong>1800,- K\u010d<\/p>\n\n\n\n<p><strong>Ubytov\u00e1n\u00ed:&nbsp;<\/strong>1200,- K\u010d, \u00e1 noc s&nbsp;plnou penz\u00ed (dvoul\u016f\u017ekov\u00fd), jednol\u016f\u017ekov\u00fd 1500,- K\u010d<\/p>\n\n\n\n<p><strong>Pozn\u00e1mka:&nbsp;<\/strong><\/p>\n\n\n\n<p><strong>Mo\u017enost p\u0159ihl\u00e1\u0161en\u00ed na UK FTVS (obecn\u00e1 \u010d\u00e1st licence B-II. t\u0159\u00edda)\u00a0<\/strong><\/p>\n\n\n\n<ul class=\"wp-block-list\">\n<li>Bli\u017e\u0161\u00ed informace:\u00a0\u00a0<a href=\"https:\/\/ftvs.cuni.cz\/FTVS-2199.html\">https:\/\/ftvs.cuni.cz\/FTVS-2199.html<\/a><\/li>\n<\/ul>\n\n\n\n<p><strong>\u010c\u00e1st cyklistick\u00e9 specializace B-II. t\u0159\u00eddy (prob\u011bhne v\u00a0obdob\u00ed leden \u2013 b\u0159ezen 2026)<\/strong><\/p>\n\n\n\n<ul class=\"wp-block-list\">\n<li>Bli\u017e\u0161\u00ed informace:\u00a0<a href=\"mailto:chalupny@ceskysvazcyklistiky.cz\">chalupny@ceskysvazcyklistiky.cz<\/a><\/li>\n<\/ul>\n","protected":false},"excerpt":{"rendered":"<p>\u010cesk\u00fd svaz cyklistiky bude za\u010d\u00e1tkem roku 2026 po\u0159\u00e1dat \u0161kolen\u00ed tren\u00e9r\u016f III. t\u0159\u00eddy. Datum kon\u00e1n\u00ed:&nbsp;\u010dtvrtek 8. ledna 2026 od 11,00 hodin &#8211; sobota 10. ledna 2026 do 16,00 hodinM\u00edsto kon\u00e1n\u00ed:&nbsp;M\u00e1chova 163, 411 55 Terez\u00edn, ParkhotelOrganiz\u00e1tor:&nbsp;Mgr. Svatopluk Henke P\u0159ihl\u00e1\u0161ky:&nbsp;Emailem do 15. prosince 2025 na:&nbsp;henke@ceskysvazcyklistiky.cz \u0160koln\u00e9:&nbsp;1800,- K\u010d Ubytov\u00e1n\u00ed:&nbsp;1200,- K\u010d, \u00e1 noc s&nbsp;plnou penz\u00ed (dvoul\u016f\u017ekov\u00fd), jednol\u016f\u017ekov\u00fd 1500,- K\u010d Pozn\u00e1mka:&nbsp; [&hellip;]<\/p>\n","protected":false},"author":1,"featured_media":27494,"comment_status":"closed","ping_status":"open","sticky":false,"template":"","format":"standard","meta":{"footnotes":""},"categories":[2,173],"tags":[174],"class_list":["post-38600","post","type-post","status-publish","format-standard","has-post-thumbnail","hentry","category-novinky","category-vzdelavani","tag-vzdelavani"],"_links":{"self":[{"href":"https:\/\/www.czechcyclingfederation.com\/en\/wp-json\/wp\/v2\/posts\/38600","targetHints":{"allow":["GET"]}}],"collection":[{"href":"https:\/\/www.czechcyclingfederation.com\/en\/wp-json\/wp\/v2\/posts"}],"about":[{"href":"https:\/\/www.czechcyclingfederation.com\/en\/wp-json\/wp\/v2\/types\/post"}],"author":[{"embeddable":true,"href":"https:\/\/www.czechcyclingfederation.com\/en\/wp-json\/wp\/v2\/users\/1"}],"replies":[{"embeddable":true,"href":"https:\/\/www.czechcyclingfederation.com\/en\/wp-json\/wp\/v2\/comments?post=38600"}],"version-history":[{"count":1,"href":"https:\/\/www.czechcyclingfederation.com\/en\/wp-json\/wp\/v2\/posts\/38600\/revisions"}],"predecessor-version":[{"id":38601,"href":"https:\/\/www.czechcyclingfederation.com\/en\/wp-json\/wp\/v2\/posts\/38600\/revisions\/38601"}],"wp:featuredmedia":[{"embeddable":true,"href":"https:\/\/www.czechcyclingfederation.com\/en\/wp-json\/wp\/v2\/media\/27494"}],"wp:attachment":[{"href":"https:\/\/www.czechcyclingfederation.com\/en\/wp-json\/wp\/v2\/media?parent=38600"}],"wp:term":[{"taxonomy":"category","embeddable":true,"href":"https:\/\/www.czechcyclingfederation.com\/en\/wp-json\/wp\/v2\/categories?post=38600"},{"taxonomy":"post_tag","embeddable":true,"href":"https:\/\/www.czechcyclingfederation.com\/en\/wp-json\/wp\/v2\/tags?post=38600"}],"curies":[{"name":"wp","href":"https:\/\/api.w.org\/{rel}","templated":true}]}}