{"id":38559,"date":"2025-11-08T18:09:41","date_gmt":"2025-11-08T17:09:41","guid":{"rendered":"https:\/\/www.czechcyclingfederation.com\/?p=38559"},"modified":"2025-11-09T11:36:45","modified_gmt":"2025-11-09T10:36:45","slug":"eliska-hribkova-ctvrta-na-ms-v-trialu","status":"publish","type":"post","link":"https:\/\/www.czechcyclingfederation.com\/en\/eliska-hribkova-ctvrta-na-ms-v-trialu\/","title":{"rendered":"Eli\u0161ka H\u0159\u00edbkov\u00e1 \u010dtvrt\u00e1 na MS v\u00a0trialu!"},"content":{"rendered":"\n<p><strong>Eli\u0161ka H\u0159\u00edbkov\u00e1<\/strong> skon\u010dila na mistrovstv\u00ed sv\u011bta v&nbsp;trialu \u017eensk\u00e9 elitn\u00ed kategorie t\u011bsn\u011b pod stupni v\u00edt\u011bz\u016f a postarala se o nejlep\u0161\u00ed \u010desk\u00fd v\u00fdsledek na \u0161ampion\u00e1tu v&nbsp;sa\u00fadskoarabsk\u00e9m Rij\u00e1du.<\/p>\n\n\n\n<p><em>\u201eFin\u00e1le prov\u00e1zelo hodn\u011b velk\u00e9 vedro, a to pro m\u011b byla sp\u00ed\u0161 nev\u00fdhoda, proto\u017ee jsem t\u00fdden p\u0159ed odletem na mistrovstv\u00ed sv\u011bta byla nemocn\u00e1. \u010cty\u0159i dny jsem le\u017eela v&nbsp;posteli s&nbsp;hore\u010dkami, stihla jsem pouze dva tr\u00e9ninky a nebyla jsem \u00fapln\u011b ve stoprocentn\u00ed form\u011b. \u010ctvrt\u00e9 m\u00edsto hodn\u011b mrz\u00ed. \u0160koda, \u017ee to nevy\u0161lo na medaili, chyb\u011blo opravdu m\u00e1lo. Douf\u00e1m, \u017ee to za rok bude lep\u0161\u00ed,\u201c<\/em> \u0159ekla H\u0159\u00edbkov\u00e1, kter\u00e1 do fin\u00e1le pro\u0161la ze t\u0159et\u00edho m\u00edsta.<\/p>\n\n\n\n<figure class=\"wp-block-image size-large\"><img loading=\"lazy\" decoding=\"async\" width=\"1024\" height=\"683\" src=\"https:\/\/www.czechcyclingfederation.com\/wp-content\/uploads\/2025\/11\/hribkova-1-1024x683.jpg\" alt=\"\" class=\"wp-image-38562\" srcset=\"https:\/\/www.czechcyclingfederation.com\/wp-content\/uploads\/2025\/11\/hribkova-1-1024x683.jpg 1024w, https:\/\/www.czechcyclingfederation.com\/wp-content\/uploads\/2025\/11\/hribkova-1-300x200.jpg 300w, https:\/\/www.czechcyclingfederation.com\/wp-content\/uploads\/2025\/11\/hribkova-1-768x512.jpg 768w, https:\/\/www.czechcyclingfederation.com\/wp-content\/uploads\/2025\/11\/hribkova-1-1536x1024.jpg 1536w, https:\/\/www.czechcyclingfederation.com\/wp-content\/uploads\/2025\/11\/hribkova-1-1320x880.jpg 1320w, https:\/\/www.czechcyclingfederation.com\/wp-content\/uploads\/2025\/11\/hribkova-1.jpg 2048w\" sizes=\"auto, (max-width: 1024px) 100vw, 1024px\" \/><\/figure>\n\n\n\n<p><em>\u201eEli\u0161ka jela skv\u011ble a do posledn\u00ed chv\u00edle se dr\u017eela p\u0159ed Francouzkou Vabreovou. Bohu\u017eel, posledn\u00ed sekce po\u0159ad\u00ed prohodila. Ale i tak je to skv\u011bl\u00fd v\u00fdsledek a moc d\u011bkujeme za reprezentaci. P\u0159\u00ed\u0161t\u011b u\u017e to ur\u010dit\u011b vyjde,\u201c<\/em> uvedl tren\u00e9r reprezentace <strong>David Kala\u0161.<\/strong><\/p>\n\n\n\n<p>Nikdo dal\u0161\u00ed z\u00a0\u010desk\u00fdch reprezentant\u016f u\u017e do fin\u00e1lov\u00fdch boj\u016f nepostoupil. V\u00a0kategorii 20\u201ckol mezi mu\u017ei skon\u010dil <strong>Ren\u00e9 Vym\u011btal<\/strong> 17., <strong>David Vlas\u00e1k<\/strong> 24. a <strong>V\u00e1clav Kol\u00e1\u0159<\/strong> 25. Mezi juniory byl ve stejn\u00e9 kategorii 12. <strong>Franti\u0161ek Anderle<\/strong> a <strong>Vojt\u011bch Vep\u0159ek<\/strong> 14. <em>\u201eTady oba kluci zajeli opravdu moc hezky,\u201c<\/em> \u0159ekl tren\u00e9r reprezentace.<\/p>\n\n\n\n<p>V&nbsp;elitn\u00ed mu\u017esk\u00e9 kategorii na 26\u201ckolech skon\u010dil <strong>Vojt\u011bch Hendrych<\/strong> 24. a <strong>Tom\u00e1\u0161 Vep\u0159ek<\/strong> 26., mezi juniory pak <strong>Jakub Kala\u0161<\/strong> 10. V&nbsp;juniork\u00e1ch obsadila <strong>\u0160t\u011bp\u00e1nka Mudrychov\u00e1<\/strong> posledn\u00ed 7. m\u00edsto.<\/p>\n\n\n\n<p>Neda\u0159ilo se ni dv\u011bma \u010desk\u00fdm reprezentant\u016fm v&nbsp;Urban Cycling. \u0160ampion\u00e1t t\u00e9to discipl\u00edny prob\u011bhl rovn\u011b\u017e v&nbsp;Rij\u00e1du. <strong>Martin Dra\u017eil<\/strong> obsadil v&nbsp;kvalifikaci flatlandu 11. m\u00edsto a mezi 8 nejlep\u0161\u00edch nepostoupil, <strong>Mikul\u00e1\u0161 \u0158eho\u0159\u00edk<\/strong> byl v&nbsp;kvalifikaci Freestyle Park a\u017e 50.<\/p>\n\n\n\n<p><strong>Z&nbsp;v\u00fdsledk\u016f \u2013 trial, \u017eeny elite, fin\u00e1le:<\/strong> <strong>1. Rieraov\u00e1 <\/strong>270, 2. Baronov\u00e1 (ob\u011b \u0160p.) 260, 3. Vabreov\u00e1 (Fr.) 150, <strong>4. H\u0159\u00edbkov\u00e1 (\u010cR) <\/strong>130.<\/p>\n\n\n\n<p>Foto: Jan Brychta a UCI<\/p>\n","protected":false},"excerpt":{"rendered":"<p>Eli\u0161ka H\u0159\u00edbkov\u00e1 skon\u010dila na mistrovstv\u00ed sv\u011bta v&nbsp;trialu \u017eensk\u00e9 elitn\u00ed kategorie t\u011bsn\u011b pod stupni v\u00edt\u011bz\u016f a postarala se o nejlep\u0161\u00ed \u010desk\u00fd v\u00fdsledek na \u0161ampion\u00e1tu v&nbsp;sa\u00fadskoarabsk\u00e9m Rij\u00e1du. \u201eFin\u00e1le prov\u00e1zelo hodn\u011b velk\u00e9 vedro, a to pro m\u011b byla sp\u00ed\u0161 nev\u00fdhoda, proto\u017ee jsem t\u00fdden p\u0159ed odletem na mistrovstv\u00ed sv\u011bta byla nemocn\u00e1. \u010cty\u0159i dny jsem le\u017eela v&nbsp;posteli s&nbsp;hore\u010dkami, stihla jsem [&hellip;]<\/p>\n","protected":false},"author":15,"featured_media":38560,"comment_status":"closed","ping_status":"open","sticky":false,"template":"","format":"standard","meta":{"footnotes":""},"categories":[6,2],"tags":[64],"class_list":["post-38559","post","type-post","status-publish","format-standard","has-post-thumbnail","hentry","category-mtb","category-novinky","tag-trial"],"_links":{"self":[{"href":"https:\/\/www.czechcyclingfederation.com\/en\/wp-json\/wp\/v2\/posts\/38559","targetHints":{"allow":["GET"]}}],"collection":[{"href":"https:\/\/www.czechcyclingfederation.com\/en\/wp-json\/wp\/v2\/posts"}],"about":[{"href":"https:\/\/www.czechcyclingfederation.com\/en\/wp-json\/wp\/v2\/types\/post"}],"author":[{"embeddable":true,"href":"https:\/\/www.czechcyclingfederation.com\/en\/wp-json\/wp\/v2\/users\/15"}],"replies":[{"embeddable":true,"href":"https:\/\/www.czechcyclingfederation.com\/en\/wp-json\/wp\/v2\/comments?post=38559"}],"version-history":[{"count":2,"href":"https:\/\/www.czechcyclingfederation.com\/en\/wp-json\/wp\/v2\/posts\/38559\/revisions"}],"predecessor-version":[{"id":38577,"href":"https:\/\/www.czechcyclingfederation.com\/en\/wp-json\/wp\/v2\/posts\/38559\/revisions\/38577"}],"wp:featuredmedia":[{"embeddable":true,"href":"https:\/\/www.czechcyclingfederation.com\/en\/wp-json\/wp\/v2\/media\/38560"}],"wp:attachment":[{"href":"https:\/\/www.czechcyclingfederation.com\/en\/wp-json\/wp\/v2\/media?parent=38559"}],"wp:term":[{"taxonomy":"category","embeddable":true,"href":"https:\/\/www.czechcyclingfederation.com\/en\/wp-json\/wp\/v2\/categories?post=38559"},{"taxonomy":"post_tag","embeddable":true,"href":"https:\/\/www.czechcyclingfederation.com\/en\/wp-json\/wp\/v2\/tags?post=38559"}],"curies":[{"name":"wp","href":"https:\/\/api.w.org\/{rel}","templated":true}]}}