{"id":38529,"date":"2025-11-06T11:10:30","date_gmt":"2025-11-06T10:10:30","guid":{"rendered":"https:\/\/www.czechcyclingfederation.com\/?p=38529"},"modified":"2025-11-06T11:13:01","modified_gmt":"2025-11-06T10:13:01","slug":"zavod-miru-u23-meni-kategorii-privita-svetove-tymy","status":"publish","type":"post","link":"https:\/\/www.czechcyclingfederation.com\/en\/zavod-miru-u23-meni-kategorii-privita-svetove-tymy\/","title":{"rendered":"Z\u00e1vod m\u00edru U23 m\u011bn\u00ed kategorii, p\u0159iv\u00edt\u00e1 sv\u011btov\u00e9 t\u00fdmy"},"content":{"rendered":"\n<p>Cyklistick\u00fd Z\u00e1vod m\u00edru jezdc\u016f do 23 let bude od p\u0159\u00ed\u0161t\u00ed sezony za\u0159azen do kalend\u00e1\u0159e Europe Tour 2.2U a na startu tradi\u010dn\u00edho podniku mlad\u00fdch nad\u011bj\u00ed sv\u011btov\u00e9ho pelotonu se tak v term\u00ednu 28. \u2013 31. 5. 2026 vedle n\u00e1rodn\u00edch dru\u017estev objev\u00ed i development sestavy sv\u011btov\u00fdch t\u00fdm\u016f. D\u016fvodem zm\u011bny je ukon\u010den\u00ed seri\u00e1lu Nations\u2018 Cup U23 ze strany Mezin\u00e1rodn\u00ed cyklistick\u00e9 unie UCI.<\/p>\n\n\n\n<p><em>\u201eOtev\u00edraj\u00ed se n\u00e1m zcela nov\u00e9 mo\u017enosti. \u010cty\u0159denn\u00ed form\u00e1t z\u016fst\u00e1v\u00e1, ale peloton bude pest\u0159ej\u0161\u00ed a s vy\u0161\u0161\u00ed konkurenc\u00ed,\u201c<\/em> \u0159\u00edk\u00e1 prezident Z\u00e1vodu m\u00edru <strong>Robert Kol\u00e1\u0159.<\/strong><strong><\/strong><\/p>\n\n\n\n<p>Seri\u00e1l Nations\u2018 Cup vznikl v roce 2007 na podporu rozvoje cyklist\u016f v kategorii do 23 let p\u0159edt\u00edm, ne\u017e se stanou profesion\u00e1ly. Z\u00e1vod\u016f se \u00fa\u010dastnily t\u00fdmy vyslan\u00e9 n\u00e1rodn\u00edmi federacemi a tradi\u010dn\u00ed velkolep\u00e9 fin\u00e1le se odehr\u00e1valo na Tour de l\u2019Avenir, proslul\u00e9 Tour de France pro jezdce U23. Situace v cyklistice se ale v pr\u016fb\u011bhu let zm\u011bnila a rozvoj mlad\u00fdch jezdc\u016f prim\u00e1rn\u011b p\u0159evzaly development t\u00fdmy profesion\u00e1ln\u00edch st\u00e1j\u00ed. V posledn\u00edch letech tak Nations\u2018 Cup U23 tvo\u0159ily polsk\u00e1 Orlen Nations Grand Prix, \u010desk\u00fd Z\u00e1vod m\u00edru a zm\u00edn\u011bn\u00e1 Tour de l\u2019Avenir.<\/p>\n\n\n\n<p>UCI proto na sv\u00e9m kongresu b\u011bhem leto\u0161n\u00edho mistrovstv\u00ed sv\u011bta v silni\u010dn\u00ed cyklistice ve&nbsp;rwandsk\u00e9m Kigali potvrdila zru\u0161en\u00ed Nations\u2018 Cupu U23 a p\u0159esunula pozornost na juniorskou kategorii.&nbsp;<\/p>\n\n\n\n<p>Kalend\u00e1\u0159 kategorie 2.2U pro p\u0159\u00ed\u0161t\u00ed rok tvo\u0159\u00ed osm z\u00e1vod\u016f. Seri\u00e1l odstartuje v kv\u011btnu, kdy se v&nbsp;term\u00ednu 28.\u201331. kv\u011btna jede i Z\u00e1vod m\u00edru. Dva t\u00fddny na to je mj. na programu Giro d\u2019Italia Next Gen, t\u0159et\u00ed t\u00fdden v srpnu se pak nastupuj\u00edc\u00ed elita sjede na start Tour de l\u2019Avenir. Tent\u00fd\u017e t\u00fdden se pak v podh\u016f\u0159\u00ed \u0160umavy jede i West Bohemia Tour, co\u017e je druh\u00fd \u010desk\u00fd z\u00e1stupce v&nbsp;seri\u00e1lu.<\/p>\n\n\n\n<p>Organiz\u00e1to\u0159i Z\u00e1vodu m\u00edru ji\u017e nyn\u00ed registruj\u00ed z\u00e1jem jak ze strany n\u00e1rodn\u00edch federac\u00ed, tak devo t\u00fdm\u016f sv\u011btov\u00fdch st\u00e1j\u00ed. <em>\u201eJi\u017e n\u00e1s kontaktovalo jeden\u00e1ct n\u00e1rodn\u00edch federac\u00ed a p\u0159ich\u00e1zej\u00ed dotazy i&nbsp;od development t\u00fdm\u016f. Mysl\u00edm, \u017ee se fanou\u0161ci Z\u00e1vodu m\u00edru mohou p\u0159\u00ed\u0161t\u00ed rok t\u011b\u0161it na jezdce v dresech sv\u011btov\u00fdch t\u00fdm\u016f. A v\u011b\u0159\u00edm, \u017ee budou na konci kv\u011btna odj\u00ed\u017ed\u011bt spokojen\u00ed, ji\u017e nyn\u00ed pracujeme na podob\u011b jednotliv\u00fdch etap,\u201c<\/em> dod\u00e1v\u00e1 \u0159editel Z\u00e1vodu m\u00edru <strong>Leopold K\u00f6nig.<\/strong><\/p>\n\n\n\n<p>Foto: Jan Brychta<\/p>\n","protected":false},"excerpt":{"rendered":"<p>Cyklistick\u00fd Z\u00e1vod m\u00edru jezdc\u016f do 23 let bude od p\u0159\u00ed\u0161t\u00ed sezony za\u0159azen do kalend\u00e1\u0159e Europe Tour 2.2U a na startu tradi\u010dn\u00edho podniku mlad\u00fdch nad\u011bj\u00ed sv\u011btov\u00e9ho pelotonu se tak v term\u00ednu 28. \u2013 31. 5. 2026 vedle n\u00e1rodn\u00edch dru\u017estev objev\u00ed i development sestavy sv\u011btov\u00fdch t\u00fdm\u016f. D\u016fvodem zm\u011bny je ukon\u010den\u00ed seri\u00e1lu Nations\u2018 Cup U23 ze strany Mezin\u00e1rodn\u00ed [&hellip;]<\/p>\n","protected":false},"author":15,"featured_media":38533,"comment_status":"closed","ping_status":"open","sticky":false,"template":"","format":"standard","meta":{"footnotes":""},"categories":[2,18],"tags":[11],"class_list":["post-38529","post","type-post","status-publish","format-standard","has-post-thumbnail","hentry","category-novinky","category-silnice","tag-silnice"],"_links":{"self":[{"href":"https:\/\/www.czechcyclingfederation.com\/en\/wp-json\/wp\/v2\/posts\/38529","targetHints":{"allow":["GET"]}}],"collection":[{"href":"https:\/\/www.czechcyclingfederation.com\/en\/wp-json\/wp\/v2\/posts"}],"about":[{"href":"https:\/\/www.czechcyclingfederation.com\/en\/wp-json\/wp\/v2\/types\/post"}],"author":[{"embeddable":true,"href":"https:\/\/www.czechcyclingfederation.com\/en\/wp-json\/wp\/v2\/users\/15"}],"replies":[{"embeddable":true,"href":"https:\/\/www.czechcyclingfederation.com\/en\/wp-json\/wp\/v2\/comments?post=38529"}],"version-history":[{"count":1,"href":"https:\/\/www.czechcyclingfederation.com\/en\/wp-json\/wp\/v2\/posts\/38529\/revisions"}],"predecessor-version":[{"id":38532,"href":"https:\/\/www.czechcyclingfederation.com\/en\/wp-json\/wp\/v2\/posts\/38529\/revisions\/38532"}],"wp:featuredmedia":[{"embeddable":true,"href":"https:\/\/www.czechcyclingfederation.com\/en\/wp-json\/wp\/v2\/media\/38533"}],"wp:attachment":[{"href":"https:\/\/www.czechcyclingfederation.com\/en\/wp-json\/wp\/v2\/media?parent=38529"}],"wp:term":[{"taxonomy":"category","embeddable":true,"href":"https:\/\/www.czechcyclingfederation.com\/en\/wp-json\/wp\/v2\/categories?post=38529"},{"taxonomy":"post_tag","embeddable":true,"href":"https:\/\/www.czechcyclingfederation.com\/en\/wp-json\/wp\/v2\/tags?post=38529"}],"curies":[{"name":"wp","href":"https:\/\/api.w.org\/{rel}","templated":true}]}}