{"id":38504,"date":"2025-11-04T14:03:09","date_gmt":"2025-11-04T13:03:09","guid":{"rendered":"https:\/\/www.czechcyclingfederation.com\/?p=38504"},"modified":"2026-04-14T11:32:09","modified_gmt":"2026-04-14T09:32:09","slug":"drahove-treninky-pro-verejnost","status":"publish","type":"post","link":"https:\/\/www.czechcyclingfederation.com\/en\/drahove-treninky-pro-verejnost\/","title":{"rendered":"DR\u00c1HOV\u00c9 TR\u00c9NINKY PRO VE\u0158EJNOST"},"content":{"rendered":"\n<div style=\"height:10px\" aria-hidden=\"true\" class=\"wp-block-spacer\"><\/div>\n\n\n\n<p><\/p>\n\n\n\n<div style=\"height:15px\" aria-hidden=\"true\" class=\"wp-block-spacer\"><\/div>\n\n\n\n<p><strong>Chcete si vyzkou\u0161et j\u00edzdu na velodromu? P\u0159ij\u010fte na dr\u00e1hov\u00fd tr\u00e9nink pro ve\u0159ejnost na motolsk\u00e9 dr\u00e1ze v Praze! Tr\u00e9ninky jsou otev\u0159en\u00e9 v\u0161em z\u00e1jemc\u016fm, od \u00fapln\u00fdch za\u010d\u00e1te\u010dn\u00edk\u016f po zku\u0161en\u00e9 cyklisty. Lekc\u00ed V\u00e1s bude prov\u00e1zet zku\u0161en\u00fd tren\u00e9r a b\u00fdval\u00fd reprezentant David Sojka.<\/strong><\/p>\n\n\n\n<div style=\"height:20px\" aria-hidden=\"true\" class=\"wp-block-spacer\"><\/div>\n\n\n\n<hr class=\"wp-block-separator has-alpha-channel-opacity\"\/>\n\n\n\n<div style=\"height:20px\" aria-hidden=\"true\" class=\"wp-block-spacer\"><\/div>\n\n\n\n<h3 class=\"wp-block-heading\">KDY?<\/h3>\n\n\n\n<p>Ka\u017ed\u00e9 t\u00fdden od listopadu 2026 a\u017e do b\u0159ezna 2027<\/p>\n\n\n\n<p>Pond\u011bl\u00ed<\/p>\n\n\n\n<ul class=\"wp-block-list\">\n<li>1. lekce <strong>18:45 &#8211; 19:45<\/strong><\/li>\n\n\n\n<li>2. lekce <strong>20:00 &#8211; 21:00<\/strong><\/li>\n<\/ul>\n\n\n\n<p>St\u0159eda<\/p>\n\n\n\n<ul class=\"wp-block-list\">\n<li><strong>19:30 &#8211; 20:30<\/strong><\/li>\n<\/ul>\n\n\n\n<p>Kapacita jedn\u00e9 lekce je z d\u016fvodu bezpe\u010dnosti omezena na max. 15 osob.<\/p>\n\n\n\n<div style=\"height:20px\" aria-hidden=\"true\" class=\"wp-block-spacer\"><\/div>\n\n\n\n<hr class=\"wp-block-separator has-alpha-channel-opacity\"\/>\n\n\n\n<div style=\"height:20px\" aria-hidden=\"true\" class=\"wp-block-spacer\"><\/div>\n\n\n\n<h3 class=\"wp-block-heading\">KDE?<\/h3>\n\n\n\n<p><strong>Velodrom Motol, Praha<\/strong> (Nad hlin\u00edkem 1186\/4, Praha)<\/p>\n\n\n\n<p>P\u0159ijet k n\u00e1m m\u016f\u017eete jak autem, tak nap\u0159\u00edklad i tramvaj\u00ed &#8211; zast\u00e1vka Po\u0161tovka je cca 3 minuty ch\u016fze od are\u00e1lu<\/p>\n\n\n<div class=\"wp-block-image\">\n<figure class=\"aligncenter size-large is-resized\"><img loading=\"lazy\" decoding=\"async\" width=\"1024\" height=\"669\" src=\"https:\/\/www.czechcyclingfederation.com\/wp-content\/uploads\/2025\/11\/mapka_areal-1024x669.jpg\" alt=\"\" class=\"wp-image-38484\" style=\"width:320px;height:auto\" srcset=\"https:\/\/www.czechcyclingfederation.com\/wp-content\/uploads\/2025\/11\/mapka_areal-1024x669.jpg 1024w, https:\/\/www.czechcyclingfederation.com\/wp-content\/uploads\/2025\/11\/mapka_areal-300x196.jpg 300w, https:\/\/www.czechcyclingfederation.com\/wp-content\/uploads\/2025\/11\/mapka_areal-768x502.jpg 768w, https:\/\/www.czechcyclingfederation.com\/wp-content\/uploads\/2025\/11\/mapka_areal-1536x1003.jpg 1536w, https:\/\/www.czechcyclingfederation.com\/wp-content\/uploads\/2025\/11\/mapka_areal-1320x862.jpg 1320w, https:\/\/www.czechcyclingfederation.com\/wp-content\/uploads\/2025\/11\/mapka_areal.jpg 1846w\" sizes=\"auto, (max-width: 1024px) 100vw, 1024px\" \/><\/figure>\n<\/div>\n\n\n<div style=\"height:20px\" aria-hidden=\"true\" class=\"wp-block-spacer\"><\/div>\n\n\n\n<hr class=\"wp-block-separator has-alpha-channel-opacity\"\/>\n\n\n\n<div style=\"height:20px\" aria-hidden=\"true\" class=\"wp-block-spacer\"><\/div>\n\n\n\n<h3 class=\"wp-block-heading\">Co s sebou?<\/h3>\n\n\n\n<ul class=\"wp-block-list\">\n<li><strong>Dr\u00e1hov\u00e9 kolo<\/strong> (mo\u017enost <strong>zap\u016fj\u010den\u00ed na m\u00edst\u011b<\/strong> \u2013 p\u016fj\u010dovn\u00e9 <strong>150 K\u010d \/ lekce<\/strong>, nutno rezervovat a zaplatit p\u0159edem &#8211; kapacita viz. rezerva\u010dn\u00ed formul\u00e1\u0159)<\/li>\n\n\n\n<li><strong>Ped\u00e1ly! (p\u0159i zap\u016fj\u010den\u00ed kola)<\/strong><\/li>\n\n\n\n<li><strong>Helmu<\/strong><\/li>\n\n\n\n<li><strong>Tretry<\/strong><\/li>\n\n\n\n<li><strong>Cyklistick\u00e9 oble\u010den\u00ed<\/strong> (dle vlastn\u00edho uv\u00e1\u017een\u00ed, v hale se udr\u017euje teplota cca 20 stup\u0148\u016f)<\/li>\n\n\n\n<li>V are\u00e1lu je mo\u017enost vyu\u017e\u00edt \u0161atny se sprchami<\/li>\n<\/ul>\n\n\n\n<div style=\"height:20px\" aria-hidden=\"true\" class=\"wp-block-spacer\"><\/div>\n\n\n\n<hr class=\"wp-block-separator has-alpha-channel-opacity\"\/>\n\n\n\n<div style=\"height:20px\" aria-hidden=\"true\" class=\"wp-block-spacer\"><\/div>\n\n\n\n<h3 class=\"wp-block-heading\">Cena<\/h3>\n\n\n\n<ul class=\"wp-block-list\">\n<li><strong>350 K\u010d \/ lekce<\/strong> (+ 150 K\u010d p\u0159i zap\u016fj\u010den\u00ed kola)<\/li>\n\n\n\n<li>Platba <strong>p\u0159edem online<\/strong><\/li>\n<\/ul>\n\n\n\n<p><strong>Rezervaci + platbu na tr\u00e9nink a p\u016fj\u010den\u00ed kola je ve formul\u00e1\u0159i n\u00ed\u017ee nutno prov\u00e9st zvl\u00e1\u0161\u0165!<\/strong><\/p>\n\n\n\n<div style=\"height:20px\" aria-hidden=\"true\" class=\"wp-block-spacer\"><\/div>\n\n\n\n<!-- inserted reservanto code -->\n<div style=\"text-align: center;\">\n  <div class=\"reservanto-widget\"\n       data-text=\"Rezervovat\"\n       data-id=\"24148\"\n       data-color-text=\"#ffffff\"\n       data-color-text-shadow=\"#078185\"\n       data-color-bg=\"#0ac1cb\"\n       data-color-bg-hover=\"#13cbd1\"\n       data-color-boxshadow=\"#078185\">\n  <\/div>\n<\/div>\n\n<script defer id=\"reservanto-widget-script\"\n        type=\"text\/javascript\"\n        src=\"https:\/\/booking.reservanto.cz\/Script\/reservanto-script.js?id=24148\">\n<\/script>\n<!-- end of inserted reservanto code -->\n\n\n\n<div style=\"height:50px\" aria-hidden=\"true\" class=\"wp-block-spacer\"><\/div>\n\n\n\n<h4 class=\"wp-block-heading has-text-align-center\">PARTNER PROJEKTU JE REZERVA\u010cN\u00cd WEB RESERVANTO<\/h4>\n\n\n<div class=\"wp-block-image\">\n<figure class=\"aligncenter size-large is-resized\"><a href=\"https:\/\/reservanto.cz\/?utm_source=google&amp;utm_medium=cpc&amp;utm_campaign=CZ_SEA_Brand_exact&amp;utm_term=&amp;utm_id=105653684&amp;gad_source=1&amp;gad_campaignid=105653684&amp;gbraid=0AAAAADsrniQZoYJJwsSZoAoUkXjdWrVvp&amp;gclid=Cj0KCQjwy_fOBhC6ARIsAHKFB79wYp_MTfb3ZiJQxhLwwYCewYpMf8mkV3cbozV2U4uVO-0bZph7ZCIaAhBTEALw_wcB\"><img loading=\"lazy\" decoding=\"async\" width=\"1024\" height=\"291\" src=\"https:\/\/www.czechcyclingfederation.com\/wp-content\/uploads\/2025\/11\/reservanto-cyanbg-1024x291.png\" alt=\"\" class=\"wp-image-40658\" style=\"aspect-ratio:3.5190177498999065;width:480px;height:auto\" srcset=\"https:\/\/www.czechcyclingfederation.com\/wp-content\/uploads\/2025\/11\/reservanto-cyanbg-1024x291.png 1024w, https:\/\/www.czechcyclingfederation.com\/wp-content\/uploads\/2025\/11\/reservanto-cyanbg-300x85.png 300w, https:\/\/www.czechcyclingfederation.com\/wp-content\/uploads\/2025\/11\/reservanto-cyanbg-768x218.png 768w, https:\/\/www.czechcyclingfederation.com\/wp-content\/uploads\/2025\/11\/reservanto-cyanbg-1536x436.png 1536w, https:\/\/www.czechcyclingfederation.com\/wp-content\/uploads\/2025\/11\/reservanto-cyanbg-1320x375.png 1320w, https:\/\/www.czechcyclingfederation.com\/wp-content\/uploads\/2025\/11\/reservanto-cyanbg.png 1610w\" sizes=\"auto, (max-width: 1024px) 100vw, 1024px\" \/><\/a><\/figure>\n<\/div>\n\n\n<p><\/p>\n","protected":false},"excerpt":{"rendered":"<p>Chcete si vyzkou\u0161et j\u00edzdu na velodromu? P\u0159ij\u010fte na dr\u00e1hov\u00fd tr\u00e9nink pro ve\u0159ejnost na motolsk\u00e9 dr\u00e1ze v Praze! Tr\u00e9ninky jsou otev\u0159en\u00e9 v\u0161em z\u00e1jemc\u016fm, od \u00fapln\u00fdch za\u010d\u00e1te\u010dn\u00edk\u016f po zku\u0161en\u00e9 cyklisty. Lekc\u00ed V\u00e1s bude prov\u00e1zet zku\u0161en\u00fd tren\u00e9r a b\u00fdval\u00fd reprezentant David Sojka. KDY? Ka\u017ed\u00e9 t\u00fdden od listopadu 2026 a\u017e do b\u0159ezna 2027 Pond\u011bl\u00ed St\u0159eda Kapacita jedn\u00e9 lekce je [&hellip;]<\/p>\n","protected":false},"author":1,"featured_media":38496,"comment_status":"closed","ping_status":"open","sticky":false,"template":"","format":"standard","meta":{"footnotes":""},"categories":[1],"tags":[],"class_list":["post-38504","post","type-post","status-publish","format-standard","has-post-thumbnail","hentry","category-uncategorized-cs"],"_links":{"self":[{"href":"https:\/\/www.czechcyclingfederation.com\/en\/wp-json\/wp\/v2\/posts\/38504","targetHints":{"allow":["GET"]}}],"collection":[{"href":"https:\/\/www.czechcyclingfederation.com\/en\/wp-json\/wp\/v2\/posts"}],"about":[{"href":"https:\/\/www.czechcyclingfederation.com\/en\/wp-json\/wp\/v2\/types\/post"}],"author":[{"embeddable":true,"href":"https:\/\/www.czechcyclingfederation.com\/en\/wp-json\/wp\/v2\/users\/1"}],"replies":[{"embeddable":true,"href":"https:\/\/www.czechcyclingfederation.com\/en\/wp-json\/wp\/v2\/comments?post=38504"}],"version-history":[{"count":13,"href":"https:\/\/www.czechcyclingfederation.com\/en\/wp-json\/wp\/v2\/posts\/38504\/revisions"}],"predecessor-version":[{"id":40665,"href":"https:\/\/www.czechcyclingfederation.com\/en\/wp-json\/wp\/v2\/posts\/38504\/revisions\/40665"}],"wp:featuredmedia":[{"embeddable":true,"href":"https:\/\/www.czechcyclingfederation.com\/en\/wp-json\/wp\/v2\/media\/38496"}],"wp:attachment":[{"href":"https:\/\/www.czechcyclingfederation.com\/en\/wp-json\/wp\/v2\/media?parent=38504"}],"wp:term":[{"taxonomy":"category","embeddable":true,"href":"https:\/\/www.czechcyclingfederation.com\/en\/wp-json\/wp\/v2\/categories?post=38504"},{"taxonomy":"post_tag","embeddable":true,"href":"https:\/\/www.czechcyclingfederation.com\/en\/wp-json\/wp\/v2\/tags?post=38504"}],"curies":[{"name":"wp","href":"https:\/\/api.w.org\/{rel}","templated":true}]}}