{"id":38442,"date":"2025-10-31T06:55:54","date_gmt":"2025-10-31T05:55:54","guid":{"rendered":"https:\/\/www.czechcyclingfederation.com\/?p=38442"},"modified":"2025-10-31T06:58:38","modified_gmt":"2025-10-31T05:58:38","slug":"reprezentanty-v-trialu-a-salove-cyklistice-cekaji-svetove-sampionaty","status":"publish","type":"post","link":"https:\/\/www.czechcyclingfederation.com\/en\/reprezentanty-v-trialu-a-salove-cyklistice-cekaji-svetove-sampionaty\/","title":{"rendered":"Reprezentanty v\u00a0trialu a s\u00e1lov\u00e9 cyklistice \u010dekaj\u00ed sv\u011btov\u00e9 \u0161ampion\u00e1ty"},"content":{"rendered":"\n<p>Nejen ve znamen\u00ed mistrovstv\u00ed Evropy v&nbsp;cyklokrosu se z&nbsp;pohledu \u010desk\u00e9 cyklistiky ponese p\u0159\u00ed\u0161t\u00ed t\u00fdden. Konaj\u00ed se toti\u017e dva dal\u0161\u00ed sv\u011btov\u00e9 \u0161ampion\u00e1ty: reprezentanty v&nbsp;trialu a freestyle BMX \u010dek\u00e1 MS Urban Cycling v&nbsp;Rij\u00e1du a v&nbsp;n\u011bmeck\u00e9m G\u00f6ppingenu se uskute\u010dn\u00ed MS v&nbsp;s\u00e1lov\u00e9 cyklistice.<\/p>\n\n\n\n<p>Ob\u011b akce budou m\u00edt z&nbsp;pohledu \u010desk\u00fdch reprezentant\u016f po\u010detn\u00e9 zastoupen\u00ed. MS v&nbsp;Urban Cycling, kam spad\u00e1 Freestyle BMX a Trial, za\u010d\u00edn\u00e1 v&nbsp;Rij\u00e1du u\u017e v&nbsp;\u00fater\u00fd 4. 11. Zat\u00edmco reprezentace ve Freestyle BMX pos\u00edl\u00e1 do boj\u016f jen dva z\u00e1vodn\u00edky v&nbsp;mu\u017esk\u00e9 kategorii (Iveta Miculy\u010dov\u00e1 st\u00e1le nen\u00ed stoprocentn\u011b zdravotn\u011b v&nbsp;po\u0159\u00e1dku po v\u00e1\u017en\u00e9m zran\u011bn\u00ed kolena), v&nbsp;trialu p\u016fjde do akce deset \u010desk\u00fdch reprezentant\u016f.<\/p>\n\n\n\n<p><em>\u201eNov\u011b se pojede samostatn\u00e1 kategorie juniorek, kter\u00e9 dosud na mistrovstv\u00ed sv\u011bta z\u00e1vodily se \u017eenami. Povedlo se n\u00e1m obsadit v\u0161echny kategorie, co\u017e je bonus pro t\u00fdmov\u00fd z\u00e1vod. Tam vid\u00edm \u0161ance na hodn\u011b dobr\u00fd v\u00fdsledek, nere\u00e1ln\u00e1 nen\u00ed ani medaile,\u201c<\/em> \u0159\u00edk\u00e1 reprezenta\u010dn\u00ed tren\u00e9r <strong>David Kala\u0161<\/strong> sm\u011brem k&nbsp;\u00fatern\u00edmu z\u00e1vodu, kter\u00fd pojedou Mudrychov\u00e1, Hendrych, H\u0159\u00edbkov\u00e1, Kala\u0161, Andrle a Vym\u011btal.<\/p>\n\n\n\n<figure class=\"wp-block-image size-full\"><img loading=\"lazy\" decoding=\"async\" width=\"967\" height=\"695\" src=\"http:\/\/www.czechcyclingfederation.com\/wp-content\/uploads\/2025\/09\/eliska-hribkova.jpg\" alt=\"\" class=\"wp-image-37368\" srcset=\"https:\/\/www.czechcyclingfederation.com\/wp-content\/uploads\/2025\/09\/eliska-hribkova.jpg 967w, https:\/\/www.czechcyclingfederation.com\/wp-content\/uploads\/2025\/09\/eliska-hribkova-278x200.jpg 278w, https:\/\/www.czechcyclingfederation.com\/wp-content\/uploads\/2025\/09\/eliska-hribkova-768x552.jpg 768w\" sizes=\"auto, (max-width: 967px) 100vw, 967px\" \/><\/figure>\n\n\n\n<p><em>\u201eCo se t\u00fd\u010de individu\u00e1ln\u00edch z\u00e1vod\u016f, jak\u00e9koliv fin\u00e1le bude \u00fasp\u011bchem, proto\u017ee konkurence je obrovsk\u00e1. Nejv\u011bt\u0161\u00ed nad\u011bj\u00ed je ur\u010dit\u011b v&nbsp;\u017een\u00e1ch Eli\u0161ka H\u0159\u00edbkov\u00e1. V\u011b\u0159\u00edm, \u017ee postoup\u00ed do fin\u00e1le mezi \u0161est nejlep\u0161\u00edch. M\u00e1m tam sice dv\u011b obrovsky siln\u00e9 \u0160pan\u011blky, ale klidn\u011b se m\u016f\u017ee porvat i o n\u011bjakou medaili,\u201c<\/em> odhadoval tren\u00e9r reprezentace.<\/p>\n\n\n\n<p><em>\u201eU kluk\u016f je ta konkurence je\u0161t\u011b daleko v\u011bt\u0161\u00ed. V&nbsp;elit\u011b je fin\u00e1le z&nbsp;na\u0161eho pohledu skoro z&nbsp;\u0159\u00ed\u0161e sn\u016f, mo\u017en\u00e1 v&nbsp;juniorech. Kuba Kala\u0161 p\u0159estoupil do kategorie 26\u201ckol a moc mu to jde. Dosud jezdil jen dvacetipalcov\u00e1 kola, tak uvid\u00edme,\u201c <\/em>dodal D. Kala\u0161.<\/p>\n\n\n\n<figure class=\"wp-block-image size-large\"><img loading=\"lazy\" decoding=\"async\" width=\"1024\" height=\"681\" src=\"https:\/\/www.czechcyclingfederation.com\/wp-content\/uploads\/2025\/10\/Horak-Adam-kolova-1024x681.jpg\" alt=\"\" class=\"wp-image-38444\" srcset=\"https:\/\/www.czechcyclingfederation.com\/wp-content\/uploads\/2025\/10\/Horak-Adam-kolova-1024x681.jpg 1024w, https:\/\/www.czechcyclingfederation.com\/wp-content\/uploads\/2025\/10\/Horak-Adam-kolova-300x200.jpg 300w, https:\/\/www.czechcyclingfederation.com\/wp-content\/uploads\/2025\/10\/Horak-Adam-kolova-768x511.jpg 768w, https:\/\/www.czechcyclingfederation.com\/wp-content\/uploads\/2025\/10\/Horak-Adam-kolova-1536x1022.jpg 1536w, https:\/\/www.czechcyclingfederation.com\/wp-content\/uploads\/2025\/10\/Horak-Adam-kolova-1320x878.jpg 1320w, https:\/\/www.czechcyclingfederation.com\/wp-content\/uploads\/2025\/10\/Horak-Adam-kolova.jpg 2000w\" sizes=\"auto, (max-width: 1024px) 100vw, 1024px\" \/><\/figure>\n\n\n\n<p>Na MS v&nbsp;s\u00e1lov\u00e9 cyklistice v&nbsp;N\u011bmecku propuknou hlavn\u00ed boje o p\u0159\u00ed\u0161t\u00edm v\u00edkendu a v&nbsp;akci bude dev\u011bt \u010desk\u00fdch reprezentant\u016f. V&nbsp;kolov\u00e9 se p\u0159edstav\u00ed mezi mu\u017ei \u00fa\u0159aduj\u00edc\u00ed mist\u0159i republiky Radek Adam a Tom\u00e1\u0161 Hor\u00e1k, mezi \u017eenami dvojice Blanka Adamov\u00e1, Veronika Kripnerov\u00e1.<\/p>\n\n\n\n<p>V&nbsp;krasoj\u00edzd\u011b budou mezi jednotlivci bojovat Radek Jan\u010d\u00edk, Jakub Ma\u0161ek, Veronika Kripnerov\u00e1 a Kate\u0159ina Vosi\u010dkov\u00e1, v&nbsp;mu\u017esk\u00fdch dvojic\u00edch \u010cesko reprezentuj\u00ed Pavel \u0160\u00edn a Vojt\u011bch Bla\u017eek.<\/p>\n\n\n\n<p class=\"has-medium-font-size\"><strong>NOMINACE<\/strong><\/p>\n\n\n\n<p class=\"has-vivid-cyan-blue-color has-text-color has-link-color wp-elements-1ae00fee7aa46d23c7686305b76a0960\"><strong>MS Urban Cycling \u2013 Rij\u00e1d<\/strong><\/p>\n\n\n\n<p><strong>Freestyle BMX, park:<\/strong> Mikul\u00e1\u0161 \u0158eho\u0159\u00edk, <strong>flatland: <\/strong>Martin Dra\u017eil.<\/p>\n\n\n\n<p><strong>Trial \u2013 mu\u017ei, 20\u201c:<\/strong> David Vlas\u00e1k, V\u00e1clav Kol\u00e1\u0159, Ren\u00e9 Vym\u011btal. <strong>26\u201c: <\/strong>Tom\u00e1\u0161 Vep\u0159ek, Vojt\u011bch Hendrych<\/p>\n\n\n\n<p><strong>\u017deny \u2013 Open: <\/strong>Eli\u0161ka H\u0159\u00edbkov\u00e1.<\/p>\n\n\n\n<p><strong>Junio\u0159i, 20\u201c: <\/strong>Franti\u0161ek Andrle, Vojt\u011bch Vep\u0159ek, <strong>26\u201c: <\/strong>Jakub Kala\u0161.<\/p>\n\n\n\n<p><strong>Juniorky \u2013 Open: <\/strong>\u0160t\u011bp\u00e1nka Mudrychov\u00e1.<\/p>\n\n\n\n<p><strong>Z\u00e1vod t\u00fdm\u016f:<\/strong> Mudrychov\u00e1, Hendrych, H\u0159\u00edbkov\u00e1, Kala\u0161, Andrle, Vym\u011btal.<\/p>\n\n\n\n<p><\/p>\n\n\n\n<p class=\"has-vivid-cyan-blue-color has-text-color has-link-color wp-elements-9cda7d6e0b609620690a6ddcb748881d\"><strong>MS s\u00e1lov\u00e1 cyklistika \u2013 G\u00f6ppingen <\/strong><\/p>\n\n\n\n<p><strong>Kolov\u00e1, mu\u017ei: <\/strong>Radek Adam, Tom\u00e1\u0161 Hor\u00e1k, <strong>\u017eeny:<\/strong> Blanka Adamov\u00e1, Veronika Kripnerov\u00e1.<\/p>\n\n\n\n<p><strong>Krasoj\u00edzda \u2013 mu\u017ei: <\/strong>Radek Jan\u010d\u00edk, Jakub Ma\u0161ek (jednotlivci), Pavel \u0160\u00edn, Vojt\u011bch Bla\u017eek (dvojice). <strong>\u017deny: <\/strong>Veronika Kripnerov\u00e1, Kate\u0159ina Vosi\u010dkov\u00e1 (jednotlivkyn\u011b).<\/p>\n\n\n\n<p>Foto: Jan Brychta<\/p>\n","protected":false},"excerpt":{"rendered":"<p>Nejen ve znamen\u00ed mistrovstv\u00ed Evropy v&nbsp;cyklokrosu se z&nbsp;pohledu \u010desk\u00e9 cyklistiky ponese p\u0159\u00ed\u0161t\u00ed t\u00fdden. Konaj\u00ed se toti\u017e dva dal\u0161\u00ed sv\u011btov\u00e9 \u0161ampion\u00e1ty: reprezentanty v&nbsp;trialu a freestyle BMX \u010dek\u00e1 MS Urban Cycling v&nbsp;Rij\u00e1du a v&nbsp;n\u011bmeck\u00e9m G\u00f6ppingenu se uskute\u010dn\u00ed MS v&nbsp;s\u00e1lov\u00e9 cyklistice. Ob\u011b akce budou m\u00edt z&nbsp;pohledu \u010desk\u00fdch reprezentant\u016f po\u010detn\u00e9 zastoupen\u00ed. MS v&nbsp;Urban Cycling, kam spad\u00e1 Freestyle BMX a [&hellip;]<\/p>\n","protected":false},"author":15,"featured_media":38227,"comment_status":"closed","ping_status":"open","sticky":false,"template":"","format":"standard","meta":{"footnotes":""},"categories":[6,2,60,1],"tags":[61],"class_list":["post-38442","post","type-post","status-publish","format-standard","has-post-thumbnail","hentry","category-mtb","category-novinky","category-salovka","category-uncategorized-cs","tag-salovka"],"_links":{"self":[{"href":"https:\/\/www.czechcyclingfederation.com\/en\/wp-json\/wp\/v2\/posts\/38442","targetHints":{"allow":["GET"]}}],"collection":[{"href":"https:\/\/www.czechcyclingfederation.com\/en\/wp-json\/wp\/v2\/posts"}],"about":[{"href":"https:\/\/www.czechcyclingfederation.com\/en\/wp-json\/wp\/v2\/types\/post"}],"author":[{"embeddable":true,"href":"https:\/\/www.czechcyclingfederation.com\/en\/wp-json\/wp\/v2\/users\/15"}],"replies":[{"embeddable":true,"href":"https:\/\/www.czechcyclingfederation.com\/en\/wp-json\/wp\/v2\/comments?post=38442"}],"version-history":[{"count":5,"href":"https:\/\/www.czechcyclingfederation.com\/en\/wp-json\/wp\/v2\/posts\/38442\/revisions"}],"predecessor-version":[{"id":38449,"href":"https:\/\/www.czechcyclingfederation.com\/en\/wp-json\/wp\/v2\/posts\/38442\/revisions\/38449"}],"wp:featuredmedia":[{"embeddable":true,"href":"https:\/\/www.czechcyclingfederation.com\/en\/wp-json\/wp\/v2\/media\/38227"}],"wp:attachment":[{"href":"https:\/\/www.czechcyclingfederation.com\/en\/wp-json\/wp\/v2\/media?parent=38442"}],"wp:term":[{"taxonomy":"category","embeddable":true,"href":"https:\/\/www.czechcyclingfederation.com\/en\/wp-json\/wp\/v2\/categories?post=38442"},{"taxonomy":"post_tag","embeddable":true,"href":"https:\/\/www.czechcyclingfederation.com\/en\/wp-json\/wp\/v2\/tags?post=38442"}],"curies":[{"name":"wp","href":"https:\/\/api.w.org\/{rel}","templated":true}]}}