{"id":38406,"date":"2025-10-29T06:58:24","date_gmt":"2025-10-29T05:58:24","guid":{"rendered":"https:\/\/www.czechcyclingfederation.com\/?p=38406"},"modified":"2025-10-31T07:00:23","modified_gmt":"2025-10-31T06:00:23","slug":"na-cyklokrosove-me-do-belgie-jede-19-reprezentantu-cr","status":"publish","type":"post","link":"https:\/\/www.czechcyclingfederation.com\/en\/na-cyklokrosove-me-do-belgie-jede-19-reprezentantu-cr\/","title":{"rendered":"Na ME do Belgie jede 19 \u010desk\u00fdch cyklokrosa\u0159\u016f"},"content":{"rendered":"\n<p>Tren\u00e9r \u010desk\u00e9 cyklokrosov\u00e9 reprezentace <strong>Michal Bedn\u00e1\u0159<\/strong> nominoval na mistrovstv\u00ed Evropy do belgick\u00e9ho Middelkerke (8. \u2013 9. 11.) celkem 19 z\u00e1vodn\u00edk\u016f. Nejv\u011bt\u0161\u00ed \u010deskou medailovou nad\u011bj\u00ed je juniorka <strong>Barbora Bukovsk\u00e1.<\/strong><\/p>\n\n\n\n<p><em>\u201eB\u00e1ra vloni z\u00edskala st\u0159\u00edbro na mistrovstv\u00ed sv\u011bta i Evropy, tak v\u011b\u0159\u00edme, \u017ee to nyn\u00ed minim\u00e1ln\u011b zopakuje nebo je\u0161t\u011b vylep\u0161\u00ed. \u0160anci na dobr\u00fd v\u00fdsledek m\u00e1 samoz\u0159ejm\u011b v\u00edce lid\u00ed, ale pokud se na to d\u00edv\u00e1me realisticky, tak je B\u00e1ra z\u0159ejm\u011b jedinou medailovou nad\u011bj\u00ed,\u201c<\/em> \u0159ekl reprezenta\u010dn\u00ed tren\u00e9r Michal Bedn\u00e1\u0159.<\/p>\n\n\n\n<p>Do Belgie vys\u00edl\u00e1 \u010cesko po\u010detnou v\u00fdpravu nap\u0159\u00ed\u010d v\u0161emi kategoriemi. <em>\u201eZvolili jsme prakticky nejvy\u0161\u0161\u00ed mo\u017en\u00fd po\u010det z\u00e1vodn\u00edk\u016f, kte\u0159\u00ed p\u0159ich\u00e1zeli v\u00a0\u00favahu. Bl\u00ed\u017e\u00ed se n\u00e1m Sv\u011btov\u00fd poh\u00e1r v\u00a0T\u00e1bo\u0159e a chceme je otestovat, jak si povedou ve srovn\u00e1n\u00ed s\u00a0evropskou konkurenc\u00ed. V\u0161ichni dosud z\u00e1vodili prakticky jen doma,\u201c<\/em> prozradil Bedn\u00e1\u0159.<\/p>\n\n\n\n<p>V&nbsp;elitn\u00edch kategori\u00edch budou reprezentovat <strong>Michael Boro\u0161<\/strong> a <strong>Krist\u00fdna Zemanov\u00e1.<\/strong> <em>\u201eKrist\u00fdna je nov\u011b v&nbsp;kategorii Elite, kde bude samoz\u0159ejm\u011b daleko v\u011bt\u0161\u00ed konkurence. V&nbsp;\u010cech\u00e1ch jezd\u00ed vp\u0159edu osamocena, pot\u0159ebuje do sebe dostat tempo, jak\u00fdm se jezd\u00ed ve sv\u011bt\u011b. I proto pojede v&nbsp;ned\u011bli z\u00e1vod v&nbsp;Lokerenu,\u201c <\/em>uvedl tren\u00e9r reprezentace.<\/p>\n\n\n\n<figure class=\"wp-block-image size-large\"><img loading=\"lazy\" decoding=\"async\" width=\"1024\" height=\"683\" src=\"https:\/\/www.czechcyclingfederation.com\/wp-content\/uploads\/2025\/10\/Boros-foto-1024x683.jpg\" alt=\"\" class=\"wp-image-38410\" srcset=\"https:\/\/www.czechcyclingfederation.com\/wp-content\/uploads\/2025\/10\/Boros-foto-1024x683.jpg 1024w, https:\/\/www.czechcyclingfederation.com\/wp-content\/uploads\/2025\/10\/Boros-foto-300x200.jpg 300w, https:\/\/www.czechcyclingfederation.com\/wp-content\/uploads\/2025\/10\/Boros-foto-768x512.jpg 768w, https:\/\/www.czechcyclingfederation.com\/wp-content\/uploads\/2025\/10\/Boros-foto-1536x1024.jpg 1536w, https:\/\/www.czechcyclingfederation.com\/wp-content\/uploads\/2025\/10\/Boros-foto-2048x1365.jpg 2048w, https:\/\/www.czechcyclingfederation.com\/wp-content\/uploads\/2025\/10\/Boros-foto-1320x880.jpg 1320w\" sizes=\"auto, (max-width: 1024px) 100vw, 1024px\" \/><\/figure>\n\n\n\n<p>Osmin\u00e1sobn\u00fd mistr republiky Boro\u0161 poznal doma po dlouh\u00e9 dob\u011b por\u00e1\u017eku, kdy\u017e ho v&nbsp;posledn\u00edch dvou poh\u00e1rov\u00fdch z\u00e1vodech porazil V\u00e1clav Je\u017eek, kter\u00fd je je\u0161t\u011b v&nbsp;kategorii U23.<\/p>\n\n\n\n<p><em>\u201ePro \u010desk\u00fd cyklokros je samoz\u0159ejm\u011b dob\u0159e, \u017ee se objevuje n\u011bkdo dal\u0161\u00ed. Ale nen\u00ed to kv\u016fli tomu, \u017ee by m\u011bl Boro\u0161 \u0161patnou formu, Je\u017eek \u0161el hodn\u011b nahoru. Na druhou stranu je teprve za\u010d\u00e1tek sezony. Boro\u0161 m\u00e1 za sebou n\u00e1ro\u010dnou sezonu na silnici, je\u0161t\u011b p\u0159ed m\u011bs\u00edcem jel mistrovstv\u00ed sv\u011bta. Sko\u010dil rovnou do krosu a pomalu se rozj\u00ed\u017ed\u00ed. Ur\u010dit\u011b se bude zlep\u0161ovat,\u201c<\/em> \u0159ekl Bedn\u00e1\u0159.<\/p>\n\n\n\n<p class=\"has-medium-font-size\"><strong>Nominace reprezentace \u010cR<\/strong><\/p>\n\n\n\n<p><strong>Mu\u017ei ELITE: <\/strong>Michael Boro\u0161.<\/p>\n\n\n\n<p><strong>\u017deny ELITE:<\/strong> Krist\u00fdna Zemanov\u00e1.<\/p>\n\n\n\n<p><strong>Mu\u017ei U23: <\/strong>V\u00e1clav Je\u017eek, Maximilian Kerl, Kry\u0161tof Ba\u017eant, Franti\u0161ek Hojka, Patrik Lienert.<\/p>\n\n\n\n<p><strong>\u017deny U23:<\/strong> Am\u00e1lie Gottwaldov\u00e1, Kate\u0159ina Doud\u011brov\u00e1, Kate\u0159ina Hlad\u00edkov\u00e1.<\/p>\n\n\n\n<p><strong>Junio\u0159i: <\/strong>Anton\u00edn John, David Svoboda, Tade\u00e1\u0161 Pazourek, Jakub Panu\u0161.<\/p>\n\n\n\n<p><strong>Juniorky: <\/strong>Barbora Bukovsk\u00e1, Lucie Grohov\u00e1, Eva Drhov\u00e1, Barbora \u0160\u00edslov\u00e1, Karol\u00edna Rothbauerov\u00e1.<\/p>\n\n\n\n<p>Foto: Filip Bezd\u011bk<\/p>\n","protected":false},"excerpt":{"rendered":"<p>Tren\u00e9r \u010desk\u00e9 cyklokrosov\u00e9 reprezentace Michal Bedn\u00e1\u0159 nominoval na mistrovstv\u00ed Evropy do belgick\u00e9ho Middelkerke (8. \u2013 9. 11.) celkem 19 z\u00e1vodn\u00edk\u016f. Nejv\u011bt\u0161\u00ed \u010deskou medailovou nad\u011bj\u00ed je juniorka Barbora Bukovsk\u00e1. \u201eB\u00e1ra vloni z\u00edskala st\u0159\u00edbro na mistrovstv\u00ed sv\u011bta i Evropy, tak v\u011b\u0159\u00edme, \u017ee to nyn\u00ed minim\u00e1ln\u011b zopakuje nebo je\u0161t\u011b vylep\u0161\u00ed. \u0160anci na dobr\u00fd v\u00fdsledek m\u00e1 samoz\u0159ejm\u011b v\u00edce lid\u00ed, [&hellip;]<\/p>\n","protected":false},"author":15,"featured_media":38408,"comment_status":"closed","ping_status":"open","sticky":false,"template":"","format":"standard","meta":{"footnotes":""},"categories":[58,2],"tags":[59],"class_list":["post-38406","post","type-post","status-publish","format-standard","has-post-thumbnail","hentry","category-cyklokros","category-novinky","tag-cyklokros"],"_links":{"self":[{"href":"https:\/\/www.czechcyclingfederation.com\/en\/wp-json\/wp\/v2\/posts\/38406","targetHints":{"allow":["GET"]}}],"collection":[{"href":"https:\/\/www.czechcyclingfederation.com\/en\/wp-json\/wp\/v2\/posts"}],"about":[{"href":"https:\/\/www.czechcyclingfederation.com\/en\/wp-json\/wp\/v2\/types\/post"}],"author":[{"embeddable":true,"href":"https:\/\/www.czechcyclingfederation.com\/en\/wp-json\/wp\/v2\/users\/15"}],"replies":[{"embeddable":true,"href":"https:\/\/www.czechcyclingfederation.com\/en\/wp-json\/wp\/v2\/comments?post=38406"}],"version-history":[{"count":4,"href":"https:\/\/www.czechcyclingfederation.com\/en\/wp-json\/wp\/v2\/posts\/38406\/revisions"}],"predecessor-version":[{"id":38450,"href":"https:\/\/www.czechcyclingfederation.com\/en\/wp-json\/wp\/v2\/posts\/38406\/revisions\/38450"}],"wp:featuredmedia":[{"embeddable":true,"href":"https:\/\/www.czechcyclingfederation.com\/en\/wp-json\/wp\/v2\/media\/38408"}],"wp:attachment":[{"href":"https:\/\/www.czechcyclingfederation.com\/en\/wp-json\/wp\/v2\/media?parent=38406"}],"wp:term":[{"taxonomy":"category","embeddable":true,"href":"https:\/\/www.czechcyclingfederation.com\/en\/wp-json\/wp\/v2\/categories?post=38406"},{"taxonomy":"post_tag","embeddable":true,"href":"https:\/\/www.czechcyclingfederation.com\/en\/wp-json\/wp\/v2\/tags?post=38406"}],"curies":[{"name":"wp","href":"https:\/\/api.w.org\/{rel}","templated":true}]}}