{"id":3840,"date":"2021-03-25T21:54:34","date_gmt":"2021-03-25T20:54:34","guid":{"rendered":"http:\/\/www.czechcyclingfederation.com\/?p=3840"},"modified":"2021-03-26T10:01:56","modified_gmt":"2021-03-26T09:01:56","slug":"prvnimi-mistry-v-e-cyklistice-se-stali-sablikova-a-turek","status":"publish","type":"post","link":"https:\/\/www.czechcyclingfederation.com\/en\/prvnimi-mistry-v-e-cyklistice-se-stali-sablikova-a-turek\/","title":{"rendered":"Prvn\u00edmi mistry v e-cyklistice se stali S\u00e1bl\u00edkov\u00e1 a Turek"},"content":{"rendered":"\n<p>Historicky prvn\u00ed Mistrovstv\u00ed \u010cR v&nbsp;e-cyklistice zn\u00e1 sv\u00e9 v\u00edt\u011bze! Jsou jimi Martina S\u00e1bl\u00edkov\u00e1 (KRS Svratka-CSMV), Daniel Turek (Team Felbermayr &#8211; Simplon Wels) a v&nbsp;kategorii junior\u016f \u0160t\u011bp\u00e1n Teleck\u00fd (Favorit Brno)!<\/p>\n\n\n\n<p>Seri\u00e1l virtu\u00e1ln\u00edch cyklistick\u00fdch z\u00e1vod\u016f \u0160KODA eCUP 2021 vyvrcholil ve \u010dtvrtek 25.3.2021 fin\u00e1lov\u00fdm \u010dtvrt\u00fdm kolem, kter\u00e9 bylo z\u00e1rove\u0148 prvn\u00edm Mistrovstv\u00edm \u010cR v&nbsp;e-cyklistice a kter\u00e9 absolvovalo 18 nominovan\u00fdch z\u00e1vodn\u00edk\u016f a z\u00e1vodnic na jednotn\u00fdch trena\u017eerech v&nbsp;prostor\u00e1ch autosalonu \u0160KODA &#8211; Auto Opat v Nupak\u00e1ch u Prahy.<\/p>\n\n\n\n<p>Tra\u0165 dlouhou 30,5 km na trase jarn\u00ed klasiky Brno-Velk\u00e1 B\u00edte\u0161-Brno absolvovalo spole\u010dn\u011b s&nbsp;nominovan\u00fdmi elitn\u00edmi z\u00e1vodnicemi a z\u00e1vodn\u00edky republikov\u00e9ho \u0161ampion\u00e1tu rovn\u011b\u017e t\u00e9m\u011b\u0159 400 z\u00e1vodn\u00edk\u016f jedouc\u00edch online ze sv\u00fdch \u201eob\u00fdv\u00e1k\u016f\u201c. &nbsp;<\/p>\n\n\n\n<p>Kr\u00e1tce po startu v \u0158\u00ed\u010danech \u010dekalo na jezdce prvn\u00ed stoup\u00e1n\u00ed. Z\u00e1vod v\u00fdborn\u011b rozjel junior Teleck\u00fd, spolu s n\u00edm ve vedouc\u00ed skupin\u011b bylo trio z Elkov Kasper Mat\u011bj Zah\u00e1lka, Petr Kelemen a Jakub Otruba, nechyb\u011bl pochopiteln\u011b Turek, kter\u00fd na ergometru absolvoval ze v\u0161ech nejv\u00edce z\u00e1vod\u016f, a tak\u00e9 biker Jan \u0160karnitzl. V\u00fdborn\u011b si vedl junior Teleck\u00fd, kter\u00fd v celkov\u00e9 klasifikaci obsadil \u0161estou pozici.<\/p>\n\n\n\n<p>Na okruhu v Brn\u011b zrychli Turek a tempo s n\u00edm udr\u017eeli pouze Otruba a \u0160karnitzl, malou ztr\u00e1tu m\u011bl Petr Kelemen. Drobn\u00e9 technick\u00e9 probl\u00e9my znamenaly, \u017ee \u010delo opustil Otruba. O v\u00edt\u011bzi se rozhodlo na \u010dty\u0159kilometrov\u00e9m stoup\u00e1n\u00ed do Veselky, kde \u010dekal na z\u00e1vodn\u00edky nejv\u011bt\u0161\u00ed kopec s 8-9 procentn\u00edm stoup\u00e1n\u00ed. Turek se za\u010dal m\u00edrn\u011b vzdalovat, postupn\u011b z\u00edskal n\u00e1skok dv\u011b st\u011b metr\u016f a potom ji\u017e v m\u00edrn\u00e9m sjezdu do c\u00edle si pohl\u00eddal premi\u00e9rov\u00fd titul. Druh\u00fd skon\u010dil \u0160karnitzl a pro bronz si dojel Otruba.<\/p>\n\n\n\n<p>V re\u00e1ln\u00e9 cyklistice je\u0161t\u011b na mistrovsk\u00fd titul Turek nedos\u00e1hl, dnes jej z\u00edskal alespo\u0148 v e-cyklistice. <em>&#8220;Je to takov\u00e9 speci\u00e1ln\u00ed, jeli jsme vedle sebe, atmosf\u00e9ra je jin\u00e1 jak doma. Bylo to celkem t\u011b\u017ek\u00e9, ale kopce ne tak n\u00e1ro\u010dn\u00e9, kter\u00e9 by pot\u0159ebovali vrcha\u0159i. Pomohlo mi, \u017ee jsem ji\u017e jel p\u011bt z\u00e1vod\u016f, dok\u00e1zal vyu\u017e\u00edt j\u00edzdy v h\u00e1ku. V posledn\u00edm kopci jsem zlomil i \u0160karnitzla, p\u0159esto\u017ee jsem vid\u011bl, \u017ee si v\u016fbec ned\u00e1val<\/em>,\u201c \u0159ekl Turek, kter\u00fd dos\u00e1hl \u010dasu 43:09 a o v\u00edce ne\u017e dv\u011b minuty p\u0159ekonal rekord trat\u011b.<\/p>\n\n\n\n<p>A st\u0159\u00edbrn\u00fd \u0160karnitzl p\u0159idal. \u201e<em>Jsem spokojen, mus\u00edm p\u0159iznat, \u017ee v\u00edce mi sed\u011bl z\u00e1vod do kopce. V posledn\u00edm stoup\u00e1n\u00ed za to Dan vzal a m\u011b se nepoda\u0159ilo dostat se do h\u00e1ku co\u017e rozhodlo.\u201c<\/em><\/p>\n\n\n\n<p>To z\u00e1vod \u017een m\u011bl zcela jin\u00fd pr\u016fb\u011bh. Olympijsk\u00e1 v\u00edt\u011bzka v&nbsp;rychlobruslen\u00ed Martina S\u00e1bl\u00edkov\u00e1 prakticky rozhodla hned ve stoup\u00e1n\u00ed do Kohoutek. Tam z\u00edskala n\u00e1skok, kter\u00fd postupn\u011b navy\u0161ovala a p\u0159ed druhou Jarmilou Macha\u010dovou (Team Dukla) vyhr\u00e1la o t\u0159i minuty.  N\u011bkolikan\u00e1sobn\u00e1 \u0161ampionka&nbsp; v&nbsp;\u010dasovce a silni\u010dn\u00edm z\u00e1vod\u011b doplnila svou sb\u00edrku titul\u016f i o titul Mistryn\u011b \u010cR v&nbsp;e-cyklistice. T\u0159et\u00ed p\u0159\u00ed\u010dku obsadila Petra \u0160ev\u010d\u00edkov\u00e1 (Team Dukla).<\/p>\n\n\n\n<p><em>&#8220;Zkou\u0161ela jsem si tra\u0165 projet doma, ale stejn\u011b jsem se v \u00favodu nechala trochu vyprovokovat a za\u010d\u00e1tek p\u0159ehnala. Tra\u0165 pro m\u011b byla velice n\u00e1ro\u010dn\u00e1, z\u00e1vod na Tourmalet byl pro m\u011b jednodu\u0161\u0161\u00ed. Tento zp\u016fsob z\u00e1vod\u011bn\u00ed m\u011b ale bav\u00ed, proto\u017ee m\u00e1m r\u00e1da, kdy\u017e tepovka nekles\u00e1<\/em>,\u201c \u0159ekla S\u00e1bl\u00edkov\u00e1.<\/p>\n\n\n\n<p>Juniorsk\u00fd titul si odv\u00e1\u017e\u00ed do Brna nad\u011bjn\u00fd z\u00e1vodn\u00edk Favoritu Brno \u0160t\u011bp\u00e1n Teleck\u00fd. <em>\u201e P\u0159ed t\u00fddnem jsem se vr\u00e1til po t\u00e9m\u011b\u0159 dvou m\u011bs\u00edc\u00edch ze soust\u0159ed\u011bn\u00ed ve \u0160pan\u011blsku a nem\u011bl jsem moc \u010dasu ladit formu na mistr\u00e1k. A tak jsem mile p\u0159ekvapen nejen dne\u0161n\u00edm v\u00fdsledkem ale i t\u00edm, \u017ee jsem dok\u00e1zal po cel\u00fd z\u00e1vod udr\u017eet tempo s&nbsp;elitn\u00edmi z\u00e1vodn\u00edky, co\u017e m\u011b velmi motivuje p\u0159ed z\u00e1vodem Brno \u2013 Velk\u00e1 B\u00edte\u0161 \u2013 Brno, kter\u00fd budu absolvovat v&nbsp;dubnu spole\u010dn\u011b s&nbsp;reprezenta\u010dn\u00edm t\u00fdmem junior\u016f \u010cR.\u201c<\/em> <\/p>\n\n\n\n<p>Druh\u00fd v z\u00e1vod\u011b junior\u016f dojel Maty\u00e1\u0161 Vondr\u00e1\u010dek (ROUVY Specialized Cycling Team) p\u0159ed t\u0159et\u00edm Ren\u00e9m Zoaitterem (SportRaces Cycling Team&nbsp;).<\/p>\n\n\n\n<p>V\u00fdsledky M\u010cR v&nbsp;e-cyklistice 2021<\/p>\n\n\n\n<p>MU\u017dI ELITE<\/p>\n\n\n\n<p>1. Turek (Team Felbermayr &#8211; Simplon Wels) 43:09, 2. \u0160karnitzl (Cyklostar Trek Pirelli) +14, 3. Otruba +52, 4. Petr Kelemen +59, 5. Zah\u00e1lka (v\u0161ichni Elkov Kasper) +1:28, 6. Kraus (Dukla Praha) +2:26.<\/p>\n\n\n\n<p>\u017dENY \/ JUNIORKY<\/p>\n\n\n\n<p>1. S\u00e1bl\u00edkov\u00e1 (Krs Svratka) 51:18, 2. Macha\u010dov\u00e1 +3:03, 3. \u0160ev\u010d\u00edkov\u00e1 (ob\u011b Dukla Praha) +5:45.<\/p>\n\n\n\n<p>JUNIO\u0158I<\/p>\n\n\n\n<p>1. Teleck\u00fd (TJ Favorit Brno) 44:38., 2. Vondr\u00e1\u010dek (ROUVY Specialized Cycling Team) +2:33, 3. Zoaitter (SportRaces Cycling Team&nbsp;) +3:49<\/p>\n\n\n\n<p><em>Foto: Michal Sv\u00e1\u010dek<\/em><\/p>\n\n\n\n<figure class=\"wp-block-image size-large\"><img loading=\"lazy\" decoding=\"async\" width=\"1024\" height=\"683\" src=\"http:\/\/www.czechcyclingfederation.com\/wp-content\/uploads\/2021\/03\/ROUVY-2-1024x683.jpg\" alt=\"\" class=\"wp-image-3846\" srcset=\"https:\/\/www.czechcyclingfederation.com\/wp-content\/uploads\/2021\/03\/ROUVY-2-1024x683.jpg 1024w, https:\/\/www.czechcyclingfederation.com\/wp-content\/uploads\/2021\/03\/ROUVY-2-300x200.jpg 300w, https:\/\/www.czechcyclingfederation.com\/wp-content\/uploads\/2021\/03\/ROUVY-2-768x512.jpg 768w, https:\/\/www.czechcyclingfederation.com\/wp-content\/uploads\/2021\/03\/ROUVY-2-1536x1024.jpg 1536w, https:\/\/www.czechcyclingfederation.com\/wp-content\/uploads\/2021\/03\/ROUVY-2-2048x1365.jpg 2048w, https:\/\/www.czechcyclingfederation.com\/wp-content\/uploads\/2021\/03\/ROUVY-2-1320x880.jpg 1320w\" sizes=\"auto, (max-width: 1024px) 100vw, 1024px\" \/><\/figure>\n\n\n\n<figure class=\"wp-block-image size-large\"><img loading=\"lazy\" decoding=\"async\" width=\"1024\" height=\"683\" src=\"http:\/\/www.czechcyclingfederation.com\/wp-content\/uploads\/2021\/03\/ROUVY-3-1024x683.jpg\" alt=\"\" class=\"wp-image-3847\" srcset=\"https:\/\/www.czechcyclingfederation.com\/wp-content\/uploads\/2021\/03\/ROUVY-3-1024x683.jpg 1024w, https:\/\/www.czechcyclingfederation.com\/wp-content\/uploads\/2021\/03\/ROUVY-3-300x200.jpg 300w, https:\/\/www.czechcyclingfederation.com\/wp-content\/uploads\/2021\/03\/ROUVY-3-768x512.jpg 768w, https:\/\/www.czechcyclingfederation.com\/wp-content\/uploads\/2021\/03\/ROUVY-3-1536x1024.jpg 1536w, https:\/\/www.czechcyclingfederation.com\/wp-content\/uploads\/2021\/03\/ROUVY-3-2048x1365.jpg 2048w, https:\/\/www.czechcyclingfederation.com\/wp-content\/uploads\/2021\/03\/ROUVY-3-1320x880.jpg 1320w\" sizes=\"auto, (max-width: 1024px) 100vw, 1024px\" \/><\/figure>\n\n\n\n<figure class=\"wp-block-image size-large\"><img loading=\"lazy\" decoding=\"async\" width=\"1024\" height=\"683\" src=\"http:\/\/www.czechcyclingfederation.com\/wp-content\/uploads\/2021\/03\/ROUVY-4-1024x683.jpg\" alt=\"\" class=\"wp-image-3848\" srcset=\"https:\/\/www.czechcyclingfederation.com\/wp-content\/uploads\/2021\/03\/ROUVY-4-1024x683.jpg 1024w, https:\/\/www.czechcyclingfederation.com\/wp-content\/uploads\/2021\/03\/ROUVY-4-300x200.jpg 300w, https:\/\/www.czechcyclingfederation.com\/wp-content\/uploads\/2021\/03\/ROUVY-4-768x512.jpg 768w, https:\/\/www.czechcyclingfederation.com\/wp-content\/uploads\/2021\/03\/ROUVY-4-1536x1024.jpg 1536w, https:\/\/www.czechcyclingfederation.com\/wp-content\/uploads\/2021\/03\/ROUVY-4-2048x1365.jpg 2048w, https:\/\/www.czechcyclingfederation.com\/wp-content\/uploads\/2021\/03\/ROUVY-4-1320x880.jpg 1320w\" sizes=\"auto, (max-width: 1024px) 100vw, 1024px\" \/><\/figure>\n\n\n\n<figure class=\"wp-block-image size-large\"><img loading=\"lazy\" decoding=\"async\" width=\"1024\" height=\"683\" src=\"http:\/\/www.czechcyclingfederation.com\/wp-content\/uploads\/2021\/03\/ROUVY-5-1024x683.jpg\" alt=\"\" class=\"wp-image-3849\" srcset=\"https:\/\/www.czechcyclingfederation.com\/wp-content\/uploads\/2021\/03\/ROUVY-5-1024x683.jpg 1024w, https:\/\/www.czechcyclingfederation.com\/wp-content\/uploads\/2021\/03\/ROUVY-5-300x200.jpg 300w, https:\/\/www.czechcyclingfederation.com\/wp-content\/uploads\/2021\/03\/ROUVY-5-768x512.jpg 768w, https:\/\/www.czechcyclingfederation.com\/wp-content\/uploads\/2021\/03\/ROUVY-5-1536x1024.jpg 1536w, https:\/\/www.czechcyclingfederation.com\/wp-content\/uploads\/2021\/03\/ROUVY-5-2048x1365.jpg 2048w, https:\/\/www.czechcyclingfederation.com\/wp-content\/uploads\/2021\/03\/ROUVY-5-1320x880.jpg 1320w\" sizes=\"auto, (max-width: 1024px) 100vw, 1024px\" \/><\/figure>\n\n\n\n<figure class=\"wp-block-image size-large\"><img loading=\"lazy\" decoding=\"async\" width=\"1024\" height=\"683\" src=\"http:\/\/www.czechcyclingfederation.com\/wp-content\/uploads\/2021\/03\/ROUVY-7-1024x683.jpg\" alt=\"\" class=\"wp-image-3850\" srcset=\"https:\/\/www.czechcyclingfederation.com\/wp-content\/uploads\/2021\/03\/ROUVY-7-1024x683.jpg 1024w, https:\/\/www.czechcyclingfederation.com\/wp-content\/uploads\/2021\/03\/ROUVY-7-300x200.jpg 300w, https:\/\/www.czechcyclingfederation.com\/wp-content\/uploads\/2021\/03\/ROUVY-7-768x512.jpg 768w, https:\/\/www.czechcyclingfederation.com\/wp-content\/uploads\/2021\/03\/ROUVY-7-1536x1024.jpg 1536w, https:\/\/www.czechcyclingfederation.com\/wp-content\/uploads\/2021\/03\/ROUVY-7-2048x1365.jpg 2048w, https:\/\/www.czechcyclingfederation.com\/wp-content\/uploads\/2021\/03\/ROUVY-7-1320x880.jpg 1320w\" sizes=\"auto, (max-width: 1024px) 100vw, 1024px\" \/><\/figure>\n\n\n\n<figure class=\"wp-block-image size-large\"><img loading=\"lazy\" decoding=\"async\" width=\"1024\" height=\"683\" src=\"http:\/\/www.czechcyclingfederation.com\/wp-content\/uploads\/2021\/03\/ROUVY-8-1024x683.jpg\" alt=\"\" class=\"wp-image-3851\" srcset=\"https:\/\/www.czechcyclingfederation.com\/wp-content\/uploads\/2021\/03\/ROUVY-8-1024x683.jpg 1024w, https:\/\/www.czechcyclingfederation.com\/wp-content\/uploads\/2021\/03\/ROUVY-8-300x200.jpg 300w, https:\/\/www.czechcyclingfederation.com\/wp-content\/uploads\/2021\/03\/ROUVY-8-768x512.jpg 768w, https:\/\/www.czechcyclingfederation.com\/wp-content\/uploads\/2021\/03\/ROUVY-8-1536x1024.jpg 1536w, https:\/\/www.czechcyclingfederation.com\/wp-content\/uploads\/2021\/03\/ROUVY-8-2048x1365.jpg 2048w, https:\/\/www.czechcyclingfederation.com\/wp-content\/uploads\/2021\/03\/ROUVY-8-1320x880.jpg 1320w\" sizes=\"auto, (max-width: 1024px) 100vw, 1024px\" \/><\/figure>\n\n\n\n<figure class=\"wp-block-image size-large\"><img loading=\"lazy\" decoding=\"async\" width=\"1024\" height=\"683\" src=\"http:\/\/www.czechcyclingfederation.com\/wp-content\/uploads\/2021\/03\/ROUVY-9-1024x683.jpg\" alt=\"\" class=\"wp-image-3852\" srcset=\"https:\/\/www.czechcyclingfederation.com\/wp-content\/uploads\/2021\/03\/ROUVY-9-1024x683.jpg 1024w, https:\/\/www.czechcyclingfederation.com\/wp-content\/uploads\/2021\/03\/ROUVY-9-300x200.jpg 300w, https:\/\/www.czechcyclingfederation.com\/wp-content\/uploads\/2021\/03\/ROUVY-9-768x512.jpg 768w, https:\/\/www.czechcyclingfederation.com\/wp-content\/uploads\/2021\/03\/ROUVY-9-1536x1024.jpg 1536w, https:\/\/www.czechcyclingfederation.com\/wp-content\/uploads\/2021\/03\/ROUVY-9-2048x1365.jpg 2048w, https:\/\/www.czechcyclingfederation.com\/wp-content\/uploads\/2021\/03\/ROUVY-9-1320x880.jpg 1320w\" sizes=\"auto, (max-width: 1024px) 100vw, 1024px\" \/><\/figure>\n\n\n\n<p><\/p>\n","protected":false},"excerpt":{"rendered":"<p>Historicky prvn\u00ed Mistrovstv\u00ed \u010cR v&nbsp;e-cyklistice zn\u00e1 sv\u00e9 v\u00edt\u011bze! Jsou jimi Martina S\u00e1bl\u00edkov\u00e1 (KRS Svratka-CSMV), Daniel Turek (Team Felbermayr &#8211; Simplon Wels) a v&nbsp;kategorii junior\u016f \u0160t\u011bp\u00e1n Teleck\u00fd (Favorit Brno)! Seri\u00e1l virtu\u00e1ln\u00edch cyklistick\u00fdch z\u00e1vod\u016f \u0160KODA eCUP 2021 vyvrcholil ve \u010dtvrtek 25.3.2021 fin\u00e1lov\u00fdm \u010dtvrt\u00fdm kolem, kter\u00e9 bylo z\u00e1rove\u0148 prvn\u00edm Mistrovstv\u00edm \u010cR v&nbsp;e-cyklistice a kter\u00e9 absolvovalo 18 nominovan\u00fdch z\u00e1vodn\u00edk\u016f [&hellip;]<\/p>\n","protected":false},"author":3,"featured_media":3842,"comment_status":"closed","ping_status":"open","sticky":false,"template":"","format":"standard","meta":{"footnotes":""},"categories":[2],"tags":[119],"class_list":["post-3840","post","type-post","status-publish","format-standard","has-post-thumbnail","hentry","category-novinky","tag-csc"],"_links":{"self":[{"href":"https:\/\/www.czechcyclingfederation.com\/en\/wp-json\/wp\/v2\/posts\/3840","targetHints":{"allow":["GET"]}}],"collection":[{"href":"https:\/\/www.czechcyclingfederation.com\/en\/wp-json\/wp\/v2\/posts"}],"about":[{"href":"https:\/\/www.czechcyclingfederation.com\/en\/wp-json\/wp\/v2\/types\/post"}],"author":[{"embeddable":true,"href":"https:\/\/www.czechcyclingfederation.com\/en\/wp-json\/wp\/v2\/users\/3"}],"replies":[{"embeddable":true,"href":"https:\/\/www.czechcyclingfederation.com\/en\/wp-json\/wp\/v2\/comments?post=3840"}],"version-history":[{"count":6,"href":"https:\/\/www.czechcyclingfederation.com\/en\/wp-json\/wp\/v2\/posts\/3840\/revisions"}],"predecessor-version":[{"id":3875,"href":"https:\/\/www.czechcyclingfederation.com\/en\/wp-json\/wp\/v2\/posts\/3840\/revisions\/3875"}],"wp:featuredmedia":[{"embeddable":true,"href":"https:\/\/www.czechcyclingfederation.com\/en\/wp-json\/wp\/v2\/media\/3842"}],"wp:attachment":[{"href":"https:\/\/www.czechcyclingfederation.com\/en\/wp-json\/wp\/v2\/media?parent=3840"}],"wp:term":[{"taxonomy":"category","embeddable":true,"href":"https:\/\/www.czechcyclingfederation.com\/en\/wp-json\/wp\/v2\/categories?post=3840"},{"taxonomy":"post_tag","embeddable":true,"href":"https:\/\/www.czechcyclingfederation.com\/en\/wp-json\/wp\/v2\/tags?post=3840"}],"curies":[{"name":"wp","href":"https:\/\/api.w.org\/{rel}","templated":true}]}}