{"id":38370,"date":"2025-10-27T04:59:26","date_gmt":"2025-10-27T03:59:26","guid":{"rendered":"https:\/\/www.czechcyclingfederation.com\/?p=38370"},"modified":"2025-10-27T08:17:39","modified_gmt":"2025-10-27T07:17:39","slug":"matyas-koblizek-a-barbora-nemcova-na-drahovem-ms-v-elitni-desitce","status":"publish","type":"post","link":"https:\/\/www.czechcyclingfederation.com\/en\/matyas-koblizek-a-barbora-nemcova-na-drahovem-ms-v-elitni-desitce\/","title":{"rendered":"Kobl\u00ed\u017eek a N\u011bmcov\u00e1 na dr\u00e1hov\u00e9m MS v elitn\u00ed des\u00edtce"},"content":{"rendered":"\n<p>Ani v z\u00e1v\u011bre\u010dn\u00fd den sv\u011btov\u00e9ho dr\u00e1hov\u00e9ho \u0161ampion\u00e1tu na ov\u00e1lu v Santiagu de Chile se \u010de\u0161t\u00ed jezdci neztratili. <strong>Maty\u00e1\u0161 Kobl\u00ed\u017eek<\/strong> ve vylu\u010dovac\u00edm z\u00e1vodu vybojoval skv\u011bl\u00e9 osm\u00e9 m\u00edsto, jen o jednu p\u0159\u00ed\u010dku n\u00ed\u017ee byla <strong>Barbora N\u011bmcov\u00e1<\/strong> v bodovac\u00edm z\u00e1vodu.<\/p>\n\n\n\n<p>Absolutn\u011b nejv\u011bt\u0161\u00ed hv\u011bzdou mistrovstv\u00ed byl p\u011btin\u00e1sobn\u00fd olympijsk\u00fd v\u00edt\u011bz, osmadvacetilet\u00fd Nizozemec Harrie Lavreysen. Na z\u00e1v\u011br MS vybojoval ji\u017e svou sedmou zlatou medaili ve sprintu na sv\u011btov\u00fdch \u0161ampion\u00e1tech, celkov\u011b jubilejn\u00ed dvac\u00e1tou. Leto\u0161n\u00ed mistrovstv\u00ed si naprosto podmanil, kdy\u017e byl \u010dlenem zlat\u00e9 trojice v t\u00fdmov\u00e9m sprintu, a p\u0159emo\u017eitele nena\u0161el v z\u00e1vod\u011b na 1 km s pevn\u00fdm startem, keirinu a dnes ve sprintu.<\/p>\n\n\n\n<p>Maty\u00e1\u0161 Kobl\u00ed\u017eek se ve vylu\u010dovac\u00edm z\u00e1vod\u011b neust\u00e1le pohyboval na p\u0159edn\u00edch pozic\u00edch a nakonec z\u00a0toho bylo vynikaj\u00edc\u00ed osm\u00e9 m\u00edsto. <em>&#8220;Od za\u010d\u00e1tku se jelo rychl\u00fdm tempem. Sna\u017eil jsem se ned\u011blat chyby a b\u00fdt co nejv\u00edce vep\u0159edu co\u017e se mi docela da\u0159ilo. Ke konci z\u00e1vodu jsem si u\u017e v\u011b\u0159il na lep\u0161\u00edm v\u00fdsledek ne jsem z\u00edskal, ale kluci byli lep\u0161\u00ed. Tak\u017ee osm\u00e9 m\u00edsto beru jako velik\u00fd \u00fasp\u011bch a jsem spokojen,&#8221;<\/em> \u0159ekl Maty\u00e1\u0161 Kobl\u00ed\u017eek.<\/p>\n\n\n\n<figure class=\"wp-block-image size-large\"><img loading=\"lazy\" decoding=\"async\" width=\"1024\" height=\"683\" src=\"https:\/\/www.czechcyclingfederation.com\/wp-content\/uploads\/2025\/10\/koblizek-1320x880-1-1024x683.jpg\" alt=\"\" class=\"wp-image-38373\" srcset=\"https:\/\/www.czechcyclingfederation.com\/wp-content\/uploads\/2025\/10\/koblizek-1320x880-1-1024x683.jpg 1024w, https:\/\/www.czechcyclingfederation.com\/wp-content\/uploads\/2025\/10\/koblizek-1320x880-1-300x200.jpg 300w, https:\/\/www.czechcyclingfederation.com\/wp-content\/uploads\/2025\/10\/koblizek-1320x880-1-768x512.jpg 768w, https:\/\/www.czechcyclingfederation.com\/wp-content\/uploads\/2025\/10\/koblizek-1320x880-1.jpg 1320w\" sizes=\"auto, (max-width: 1024px) 100vw, 1024px\" \/><\/figure>\n\n\n\n<p>Jen o jedno m\u00edsto ne\u017e Kobl\u00ed\u017eek skon\u010dila Barbora N\u011bmcov\u00e1 v bodovac\u00edm z\u00e1vod\u011b a po dlouh\u00fdch letech se \u010desk\u00e1 z\u00e1vodnice dostala do v\u00a0t\u00e9to discipl\u00edn\u011b do elitn\u00ed des\u00edtky. <strong>Veronika Jaborn\u00edkov\u00e1<\/strong> v keirinu dojela t\u0159et\u00ed v prvn\u00ed j\u00edzd\u011b, stejn\u011b tak skon\u010dila v oprav\u011b a z\u00e1vod pro ni skon\u010dil, klasifikov\u00e1na byla jako devaten\u00e1ct\u00e1. Jen dva body z\u00edskali <strong>Adam K\u0159enek a Jan Vone\u0161 <\/strong>v madisonu, co\u017e je za\u0159adilo na 15. m\u00edsto.<\/p>\n\n\n\n<figure class=\"wp-block-image size-full\"><img loading=\"lazy\" decoding=\"async\" width=\"1024\" height=\"683\" src=\"https:\/\/www.czechcyclingfederation.com\/wp-content\/uploads\/2025\/10\/Krenek-Vonee-dOB0mdaw.jpeg\" alt=\"\" class=\"wp-image-38375\" srcset=\"https:\/\/www.czechcyclingfederation.com\/wp-content\/uploads\/2025\/10\/Krenek-Vonee-dOB0mdaw.jpeg 1024w, https:\/\/www.czechcyclingfederation.com\/wp-content\/uploads\/2025\/10\/Krenek-Vonee-dOB0mdaw-300x200.jpeg 300w, https:\/\/www.czechcyclingfederation.com\/wp-content\/uploads\/2025\/10\/Krenek-Vonee-dOB0mdaw-768x512.jpeg 768w\" sizes=\"auto, (max-width: 1024px) 100vw, 1024px\" \/><\/figure>\n\n\n\n<figure class=\"wp-block-image size-full\"><img loading=\"lazy\" decoding=\"async\" width=\"1024\" height=\"683\" src=\"https:\/\/www.czechcyclingfederation.com\/wp-content\/uploads\/2025\/10\/j7VZy-sw.jpeg\" alt=\"\" class=\"wp-image-38377\" srcset=\"https:\/\/www.czechcyclingfederation.com\/wp-content\/uploads\/2025\/10\/j7VZy-sw.jpeg 1024w, https:\/\/www.czechcyclingfederation.com\/wp-content\/uploads\/2025\/10\/j7VZy-sw-300x200.jpeg 300w, https:\/\/www.czechcyclingfederation.com\/wp-content\/uploads\/2025\/10\/j7VZy-sw-768x512.jpeg 768w\" sizes=\"auto, (max-width: 1024px) 100vw, 1024px\" \/><\/figure>\n\n\n\n<p>V\u00fdsledky:<\/p>\n\n\n\n<p>Mu\u017ei:<\/p>\n\n\n\n<p>Vylu\u010dovac\u00ed z\u00e1vod:<\/p>\n\n\n\n<p>1. Viviani (It.), 2. Stewart (N. Z\u00e9l.), 3. Havik (Niz.),&#8230;8. M. Kobl\u00ed\u017eek (\u010cR).<\/p>\n\n\n\n<p>Madison:<\/p>\n\n\n\n<p>1. Belgie (de Vylder, van den Bossche) 81, 2. Brit\u00e1nie (Stewart, Tarling) 73, 3. D\u00e1nsko (Larsen, Letth) 71, &#8230;15. \u010cR (K\u0159enek, Vone\u0161) 2.<\/p>\n\n\n\n<p>Sprint:<\/p>\n\n\n\n<p>Fin\u00e1le: Lavreysen (Niz.) &#8211; Richardson (Brit.) 2:0, o 3. m\u00edsto: Hoffman (Austr.) &#8211; Paul (Trin a Tob.) 2:0, &#8230;26. \u010cechman (\u010cR).<\/p>\n\n\n\n<p>\u017deny:<\/p>\n\n\n\n<p>Bodovacc\u00ed z\u00e1vod:<\/p>\n\n\n\n<p>1. Acevedov\u00e1 (Mex.) 63, 2. Morrisov\u00e1 (Brit.) 58, 3. Bothaov\u00e1 (N. Z\u00e9l.) 56, &#8230;9. N\u011bmcov\u00e1 (\u010cR) 44.<\/p>\n\n\n\n<p>Keirin:<\/p>\n\n\n\n<p>1. Satoov\u00e1 (Jap.), 2. Finucaneov\u00e1 (Brit.), 3. Cuadradov\u00e1 (Kol.), &#8230;19. V. Jaborn\u00edkov\u00e1 (R).<\/p>\n\n\n\n<p>Foto: Arne Mill<\/p>\n","protected":false},"excerpt":{"rendered":"<p>Ani v z\u00e1v\u011bre\u010dn\u00fd den sv\u011btov\u00e9ho dr\u00e1hov\u00e9ho \u0161ampion\u00e1tu na ov\u00e1lu v Santiagu de Chile se \u010de\u0161t\u00ed jezdci neztratili. Maty\u00e1\u0161 Kobl\u00ed\u017eek ve vylu\u010dovac\u00edm z\u00e1vodu vybojoval skv\u011bl\u00e9 osm\u00e9 m\u00edsto, jen o jednu p\u0159\u00ed\u010dku n\u00ed\u017ee byla Barbora N\u011bmcov\u00e1 v bodovac\u00edm z\u00e1vodu. Absolutn\u011b nejv\u011bt\u0161\u00ed hv\u011bzdou mistrovstv\u00ed byl p\u011btin\u00e1sobn\u00fd olympijsk\u00fd v\u00edt\u011bz, osmadvacetilet\u00fd Nizozemec Harrie Lavreysen. Na z\u00e1v\u011br MS vybojoval ji\u017e svou [&hellip;]<\/p>\n","protected":false},"author":8,"featured_media":38386,"comment_status":"closed","ping_status":"open","sticky":false,"template":"","format":"standard","meta":{"footnotes":""},"categories":[54,2],"tags":[9],"class_list":["post-38370","post","type-post","status-publish","format-standard","has-post-thumbnail","hentry","category-draha","category-novinky","tag-draha"],"_links":{"self":[{"href":"https:\/\/www.czechcyclingfederation.com\/en\/wp-json\/wp\/v2\/posts\/38370","targetHints":{"allow":["GET"]}}],"collection":[{"href":"https:\/\/www.czechcyclingfederation.com\/en\/wp-json\/wp\/v2\/posts"}],"about":[{"href":"https:\/\/www.czechcyclingfederation.com\/en\/wp-json\/wp\/v2\/types\/post"}],"author":[{"embeddable":true,"href":"https:\/\/www.czechcyclingfederation.com\/en\/wp-json\/wp\/v2\/users\/8"}],"replies":[{"embeddable":true,"href":"https:\/\/www.czechcyclingfederation.com\/en\/wp-json\/wp\/v2\/comments?post=38370"}],"version-history":[{"count":3,"href":"https:\/\/www.czechcyclingfederation.com\/en\/wp-json\/wp\/v2\/posts\/38370\/revisions"}],"predecessor-version":[{"id":38388,"href":"https:\/\/www.czechcyclingfederation.com\/en\/wp-json\/wp\/v2\/posts\/38370\/revisions\/38388"}],"wp:featuredmedia":[{"embeddable":true,"href":"https:\/\/www.czechcyclingfederation.com\/en\/wp-json\/wp\/v2\/media\/38386"}],"wp:attachment":[{"href":"https:\/\/www.czechcyclingfederation.com\/en\/wp-json\/wp\/v2\/media?parent=38370"}],"wp:term":[{"taxonomy":"category","embeddable":true,"href":"https:\/\/www.czechcyclingfederation.com\/en\/wp-json\/wp\/v2\/categories?post=38370"},{"taxonomy":"post_tag","embeddable":true,"href":"https:\/\/www.czechcyclingfederation.com\/en\/wp-json\/wp\/v2\/tags?post=38370"}],"curies":[{"name":"wp","href":"https:\/\/api.w.org\/{rel}","templated":true}]}}