{"id":38316,"date":"2025-10-24T13:40:16","date_gmt":"2025-10-24T11:40:16","guid":{"rendered":"https:\/\/www.czechcyclingfederation.com\/?p=38316"},"modified":"2025-10-24T13:40:19","modified_gmt":"2025-10-24T11:40:19","slug":"cyklistika-na-stredni-skole-nove-prilezitosti-pro-mlade-talenty","status":"publish","type":"post","link":"https:\/\/www.czechcyclingfederation.com\/en\/cyklistika-na-stredni-skole-nove-prilezitosti-pro-mlade-talenty\/","title":{"rendered":"Cyklistika na st\u0159edn\u00ed \u0161kole: nov\u00e9 p\u0159\u00edle\u017eitosti pro mlad\u00e9 talenty"},"content":{"rendered":"\n<p>Mo\u017enost skloubit studium se sportovn\u00ed kari\u00e9rou je pro mlad\u00e9 cyklisty kl\u00ed\u010dov\u00e1. Pr\u00e1v\u011b proto se v posledn\u00edch letech roz\u0161i\u0159uje nab\u00eddka st\u0159edn\u00edch \u0161kol, kter\u00e9 umo\u017e\u0148uj\u00ed student\u016fm rozv\u00edjet se nejen akademicky, ale i sportovn\u011b \u2013 pod veden\u00edm kvalifikovan\u00fdch tren\u00e9r\u016f a s dostate\u010dn\u00fdm prostorem pro tr\u00e9nink i z\u00e1vody.<\/p>\n\n\n\n<p>Do t\u00e9to skupiny nyn\u00ed p\u0159ib\u00fdv\u00e1 i Gymn\u00e1zium Kladno, kter\u00e9 od \u0161koln\u00edho roku 2026\/2027 otev\u0159e sportovn\u00ed t\u0159\u00eddu pro cyklisty.<\/p>\n\n\n\n<h3 class=\"wp-block-heading\">Kladno: prvn\u00ed cyklistick\u00e1 t\u0159\u00edda ve st\u0159edn\u00edch \u010cech\u00e1ch<\/h3>\n\n\n\n<p>Kladensk\u00e9 gymn\u00e1zium se stane teprve p\u00e1tou \u0161kolou v \u010cesk\u00e9 republice, kter\u00e1 nab\u00eddne cyklistiku jako kmenov\u00fd sport, a prvn\u00ed v r\u00e1mci st\u0159edn\u00edch \u010cech. Nov\u00e1 t\u0159\u00edda se zam\u011b\u0159\u00ed na vytrvalostn\u00ed discipl\u00edny \u2013 MTB cross-country, cyklokros a silni\u010dn\u00ed cyklistiku \u2013 a studenti budou z\u00e1vodit v barv\u00e1ch Fiege Velo Akademie.<\/p>\n\n\n\n<p>Tr\u00e9ninkov\u00e9 veden\u00ed zajist\u00ed zku\u0161en\u00ed tren\u00e9\u0159i v \u010dele s Martinem Rauferem, b\u00fdval\u00fdm reprezenta\u010dn\u00edm kou\u010dem MTB. Sportovn\u00ed p\u0159\u00edprava bude m\u00edt v rozvrhu a\u017e 16 hodin t\u00fddn\u011b, \u0161kola z\u00e1rove\u0148 umo\u017en\u00ed individu\u00e1ln\u00ed p\u0159\u00edstup p\u0159i z\u00e1vodech a soust\u0159ed\u011bn\u00edch.<\/p>\n\n\n\n<p>Kladno nab\u00edz\u00ed tak\u00e9 skv\u011bl\u00e9 z\u00e1zem\u00ed pro sport i regeneraci \u2013 od modern\u00edch t\u011blocvi\u010den a posiloven a\u017e po nedalek\u00e9 MTB Traily Mayrau ve Vina\u0159ic\u00edch a K\u0159ivokl\u00e1tsk\u00e9 lesy ide\u00e1ln\u00ed pro silni\u010dn\u00ed i ter\u00e9nn\u00ed tr\u00e9nink. Prvn\u00ed talentov\u00e9 zkou\u0161ky prob\u011bhnou v \u00fanoru 2026.<\/p>\n\n\n<div class=\"wp-block-image\">\n<figure class=\"aligncenter size-large is-resized\"><img loading=\"lazy\" decoding=\"async\" width=\"1024\" height=\"768\" src=\"https:\/\/www.czechcyclingfederation.com\/wp-content\/uploads\/2025\/10\/20250816_201147-1024x768.jpg\" alt=\"\" class=\"wp-image-38319\" style=\"width:507px;height:auto\" srcset=\"https:\/\/www.czechcyclingfederation.com\/wp-content\/uploads\/2025\/10\/20250816_201147-1024x768.jpg 1024w, https:\/\/www.czechcyclingfederation.com\/wp-content\/uploads\/2025\/10\/20250816_201147-267x200.jpg 267w, https:\/\/www.czechcyclingfederation.com\/wp-content\/uploads\/2025\/10\/20250816_201147-768x576.jpg 768w, https:\/\/www.czechcyclingfederation.com\/wp-content\/uploads\/2025\/10\/20250816_201147-1536x1152.jpg 1536w, https:\/\/www.czechcyclingfederation.com\/wp-content\/uploads\/2025\/10\/20250816_201147-1320x990.jpg 1320w, https:\/\/www.czechcyclingfederation.com\/wp-content\/uploads\/2025\/10\/20250816_201147.jpg 2000w\" sizes=\"auto, (max-width: 1024px) 100vw, 1024px\" \/><\/figure>\n<\/div>\n\n\n<h3 class=\"wp-block-heading\">Den otev\u0159en\u00fdch dve\u0159\u00ed na gymn\u00e1ziu ve Vimperku<\/h3>\n\n\n\n<p>V\u0161eobecn\u00e9 a sportovn\u00ed gymn\u00e1zium Vimperk\u00a0zve v\u0161echny z\u00e1jemce o studium na\u00a0Dny otev\u0159en\u00fdch dve\u0159\u00ed, kter\u00e9 se uskute\u010dn\u00ed\u00a014. listopadu 2025\u00a0a\u00a012. ledna 2026, v\u017edy od\u00a013:00 do 16:30. N\u00e1v\u0161t\u011bvn\u00edci se mohou t\u011b\u0161it na prohl\u00eddku \u0161koln\u00edho are\u00e1lu, u\u010deben i sportovn\u00edho z\u00e1zem\u00ed a budou m\u00edt p\u0159\u00edle\u017eitost osobn\u011b poznat\u00a0tren\u00e9ry, u\u010ditele i sou\u010dasn\u00e9 studenty, kte\u0159\u00ed zde propojuj\u00ed vzd\u011bl\u00e1n\u00ed se svou sportovn\u00ed v\u00e1\u0161n\u00ed.<\/p>\n\n\n\n<p>Vedle v\u0161eobecn\u00e9ho gymn\u00e1zia \u0161kola p\u0159edstavuje\u00a0sportovn\u00ed obor zam\u011b\u0159en\u00fd na horsk\u00e1 kola. Ten nab\u00edz\u00ed ide\u00e1ln\u00ed kombinaci kvalitn\u00ed akademick\u00e9 v\u00fduky a profesion\u00e1ln\u00ed sportovn\u00ed p\u0159\u00edpravy. \u0160kola \u00fazce spolupracuje s\u00a0UCI t\u00fdmem ROUVY a c\u00edlem jejich programu je podpo\u0159it mlad\u00e9 cyklisty, kte\u0159\u00ed cht\u011bj\u00ed z\u00e1vodit na t\u00e9 nevy\u0161\u0161\u00ed \u00farovni a z\u00e1rove\u0148 pokra\u010dovat ve studiu.<\/p>\n\n\n<div class=\"wp-block-image\">\n<figure class=\"aligncenter size-large is-resized\"><img loading=\"lazy\" decoding=\"async\" width=\"819\" height=\"1024\" src=\"https:\/\/www.czechcyclingfederation.com\/wp-content\/uploads\/2025\/10\/Gymnzium-sportovn-p\u0792prava-1-819x1024.png\" alt=\"\" class=\"wp-image-38321\" style=\"width:521px;height:auto\" srcset=\"https:\/\/www.czechcyclingfederation.com\/wp-content\/uploads\/2025\/10\/Gymnzium-sportovn-p\u0792prava-1-819x1024.png 819w, https:\/\/www.czechcyclingfederation.com\/wp-content\/uploads\/2025\/10\/Gymnzium-sportovn-p\u0792prava-1-160x200.png 160w, https:\/\/www.czechcyclingfederation.com\/wp-content\/uploads\/2025\/10\/Gymnzium-sportovn-p\u0792prava-1-768x960.png 768w, https:\/\/www.czechcyclingfederation.com\/wp-content\/uploads\/2025\/10\/Gymnzium-sportovn-p\u0792prava-1.png 960w\" sizes=\"auto, (max-width: 819px) 100vw, 819px\" \/><\/figure>\n<\/div>\n\n\n<h3 class=\"wp-block-heading\">Vzd\u011bl\u00e1v\u00e1n\u00ed cyklist\u016f v \u010cesku: p\u0159ehled \u0161kol<\/h3>\n\n\n\n<p>Vedle Kladna a Vimperka p\u016fsob\u00ed v \u010cesk\u00e9 republice je\u0161t\u011b n\u011bkolik dal\u0161\u00edch \u0161kol, kter\u00e9 nab\u00edzej\u00ed cyklistiku jako hlavn\u00ed sportovn\u00ed zam\u011b\u0159en\u00ed. Ka\u017ed\u00e1 z nich m\u00e1 sv\u00e1 specifika, spole\u010dn\u00fdm c\u00edlem je ale rozvoj talent\u016f a podpora propojen\u00ed vzd\u011bl\u00e1n\u00ed se sportovn\u00ed p\u0159\u00edpravou.<\/p>\n\n\n\n<p>Podrobn\u00fd p\u0159ehled v\u0161ech st\u0159edn\u00edch \u0161kol se zam\u011b\u0159en\u00edm na cyklistiku, v\u010detn\u011b kontakt\u016f a odkaz\u016f, najdete zde: <a href=\"https:\/\/www.czechcyclingfederation.com\/vzdelavani\/ss-vzdelavani\/\">www.czechcyclingfederation.com\/vzdelavani\/ss-vzdelavani\/<\/a><\/p>\n\n\n\n<p><\/p>\n","protected":false},"excerpt":{"rendered":"<p>Mo\u017enost skloubit studium se sportovn\u00ed kari\u00e9rou je pro mlad\u00e9 cyklisty kl\u00ed\u010dov\u00e1. Pr\u00e1v\u011b proto se v posledn\u00edch letech roz\u0161i\u0159uje nab\u00eddka st\u0159edn\u00edch \u0161kol, kter\u00e9 umo\u017e\u0148uj\u00ed student\u016fm rozv\u00edjet se nejen akademicky, ale i sportovn\u011b \u2013 pod veden\u00edm kvalifikovan\u00fdch tren\u00e9r\u016f a s dostate\u010dn\u00fdm prostorem pro tr\u00e9nink i z\u00e1vody. Do t\u00e9to skupiny nyn\u00ed p\u0159ib\u00fdv\u00e1 i Gymn\u00e1zium Kladno, kter\u00e9 od \u0161koln\u00edho [&hellip;]<\/p>\n","protected":false},"author":32,"featured_media":38317,"comment_status":"closed","ping_status":"open","sticky":false,"template":"","format":"standard","meta":{"footnotes":""},"categories":[2,173],"tags":[],"class_list":["post-38316","post","type-post","status-publish","format-standard","has-post-thumbnail","hentry","category-novinky","category-vzdelavani"],"_links":{"self":[{"href":"https:\/\/www.czechcyclingfederation.com\/en\/wp-json\/wp\/v2\/posts\/38316","targetHints":{"allow":["GET"]}}],"collection":[{"href":"https:\/\/www.czechcyclingfederation.com\/en\/wp-json\/wp\/v2\/posts"}],"about":[{"href":"https:\/\/www.czechcyclingfederation.com\/en\/wp-json\/wp\/v2\/types\/post"}],"author":[{"embeddable":true,"href":"https:\/\/www.czechcyclingfederation.com\/en\/wp-json\/wp\/v2\/users\/32"}],"replies":[{"embeddable":true,"href":"https:\/\/www.czechcyclingfederation.com\/en\/wp-json\/wp\/v2\/comments?post=38316"}],"version-history":[{"count":2,"href":"https:\/\/www.czechcyclingfederation.com\/en\/wp-json\/wp\/v2\/posts\/38316\/revisions"}],"predecessor-version":[{"id":38324,"href":"https:\/\/www.czechcyclingfederation.com\/en\/wp-json\/wp\/v2\/posts\/38316\/revisions\/38324"}],"wp:featuredmedia":[{"embeddable":true,"href":"https:\/\/www.czechcyclingfederation.com\/en\/wp-json\/wp\/v2\/media\/38317"}],"wp:attachment":[{"href":"https:\/\/www.czechcyclingfederation.com\/en\/wp-json\/wp\/v2\/media?parent=38316"}],"wp:term":[{"taxonomy":"category","embeddable":true,"href":"https:\/\/www.czechcyclingfederation.com\/en\/wp-json\/wp\/v2\/categories?post=38316"},{"taxonomy":"post_tag","embeddable":true,"href":"https:\/\/www.czechcyclingfederation.com\/en\/wp-json\/wp\/v2\/tags?post=38316"}],"curies":[{"name":"wp","href":"https:\/\/api.w.org\/{rel}","templated":true}]}}