{"id":38293,"date":"2025-10-24T05:14:08","date_gmt":"2025-10-24T03:14:08","guid":{"rendered":"https:\/\/www.czechcyclingfederation.com\/?p=38293"},"modified":"2025-10-24T15:16:01","modified_gmt":"2025-10-24T13:16:01","slug":"druhy-den-drahoveho-ms-z-cechu-nejlepsi-vones","status":"publish","type":"post","link":"https:\/\/www.czechcyclingfederation.com\/en\/druhy-den-drahoveho-ms-z-cechu-nejlepsi-vones\/","title":{"rendered":"Druh\u00fd den dr\u00e1hov\u00e9ho MS z \u010cech\u016f nejlep\u0161\u00ed Vone\u0161"},"content":{"rendered":"\n<p>Druh\u00fd den sv\u011btov\u00e9ho dr\u00e1hov\u00e9ho \u0161ampion\u00e1tu v Chile se nejv\u00edce da\u0159ilo z kvarteta \u010desk\u00fdch jezdc\u016f na startu <strong>Janu Vone\u0161ovi<\/strong>, kter\u00fd se jako jedin\u00fd dostal do elitn\u00ed des\u00edtky, kdy\u017e na ov\u00e1lu v Santiagu projel ve scratchi c\u00edlem na des\u00e1t\u00e9m m\u00edst\u011b. <strong>Veronika Jaborn\u00edkov\u00e1<\/strong> ve sprintu skon\u010dila patn\u00e1ct\u00e1, <strong>Martin \u010cechman<\/strong> v keirinu o m\u00edsto n\u00ed\u017ee a <strong>Barbora N\u011bmcov\u00e1<\/strong> ve scratchi rovn\u011b\u017e \u0161estn\u00e1ct\u00e1.<\/p>\n\n\n\n<p>Sprinterka Veronika Jaborn\u00edkov\u00e1 zajela v kvalifikaci \u010das 10,775, co\u017e ji za\u0159adilo na 18. m\u00edsto. V prvn\u00ed vy\u0159azovac\u00ed j\u00edzd\u011b si poradila se Steffie van der Peetovou, kter\u00e1 byla \u010dlenkou zlat\u00e9ho nizozemsk\u00e9ho dru\u017estva v t\u00fdmov\u00e9m sprintu. V osmifin\u00e1le j\u00ed st\u00e1la v cest\u011b dal\u0161\u00ed zlat\u00e1 Nizozemka Hetty van de Wouwov\u00e1, na n\u00ed\u017e ji\u017e \u010desk\u00e1 z\u00e1vodnice nesta\u010dila a obsadila tak 15. m\u00edsto.<\/p>\n\n\n\n<figure class=\"wp-block-image size-full\"><img loading=\"lazy\" decoding=\"async\" width=\"1024\" height=\"683\" src=\"https:\/\/www.czechcyclingfederation.com\/wp-content\/uploads\/2025\/10\/Jabornikova\u00a7-Ver.-dyUNQyGQ.jpeg\" alt=\"\" class=\"wp-image-38296\" srcset=\"https:\/\/www.czechcyclingfederation.com\/wp-content\/uploads\/2025\/10\/Jabornikova\u00a7-Ver.-dyUNQyGQ.jpeg 1024w, https:\/\/www.czechcyclingfederation.com\/wp-content\/uploads\/2025\/10\/Jabornikova\u00a7-Ver.-dyUNQyGQ-300x200.jpeg 300w, https:\/\/www.czechcyclingfederation.com\/wp-content\/uploads\/2025\/10\/Jabornikova\u00a7-Ver.-dyUNQyGQ-768x512.jpeg 768w\" sizes=\"auto, (max-width: 1024px) 100vw, 1024px\" \/><\/figure>\n\n\n\n<p>&#8220;Co se t\u00fdk\u00e1 kvalifika\u010dn\u00ed dvoustovky, tak jsme v\u0161echny m\u011bly zt\u00ed\u017een\u00e9 podm\u00ednky, bylo 15 stup\u0148\u016f. S \u010dasem jsem ale spokojen\u00e1. Do prvn\u00ed j\u00edzdy jsem dostala v\u010derej\u0161\u00ed v\u00edt\u011bzku z t\u00fdm sprintu a v\u011b\u0159ila si a doufala, \u017ee by to mohlo klapnout. Byla to p\u011bkn\u00e1 vyhran\u00e1 j\u00edzda z prvn\u00ed pozice co\u017e se mi na mistrovstv\u00ed sv\u011bta je\u0161t\u011b nepoda\u0159ilo a je to pro m\u011b \u00fasp\u011bch. Ve druh\u00e9 j\u00edzd\u011b u\u017e hr\u00e1la roli n\u011bjak\u00e1 \u00fanava a asi jsem nem\u011bla d\u016fv\u011bru ve sv\u016fj v\u00fdkon a ji\u017e to neklaplo, ale i tak si odn\u00e1\u0161\u00edm pozitivn\u00ed dojmy,&#8221; \u0159ekla Veronika Jaborn\u00edkov\u00e1.<\/p>\n\n\n\n<p>V keirinu mu\u017e\u016f Martin \u010cechman skon\u010dil a\u017e p\u00e1t\u00fd ve sv\u00e9 prvn\u00ed j\u00edzd\u011b, ale v oprav\u011b zv\u00edt\u011bzil a postoupil do \u010dtvrtfin\u00e1le. Tam v\u0161ak skon\u010dil, dojel na posledn\u00edm \u0161est\u00e9m m\u00edst\u011b a vypadl. &#8220;\u0158ekl bych, \u017ee to bylo takov\u00e9 nahoru a dolu. V prvn\u00ed j\u00edzd\u011b jsem \u00fapln\u011b neusp\u011bl, o\u010dek\u00e1val jsem, \u017ee to bude jin\u00e9. V oprav\u011b ve \u010dty\u0159ech jezdc\u00edch jsem zvolil jinou taktiku a vyhr\u00e1l a postoupil do \u010dtvrtfin\u00e1le a myslel na \u00fa\u010dast v semifin\u00e1le, ale to se mi nepovedlo. Dostal jsem n\u011bkolik lokt\u016f a byl tam zav\u0159en\u00fd, za m\u011b to bylo za hranou pravidel, ale rozhod\u010d\u00ed to vid\u011bli jinak. To m\u011b zcela vyvedlo z m\u00edry a m\u00e1lem jsem spadl a skon\u010dil tak celkov\u011b na 16. m\u00edst\u011b. Je to sice m\u016fj nejlep\u0161\u00ed v\u00fdsledek na MS, ale myslel jsem na v\u00fd\u0161e,&#8221; zhodnotil sv\u00e9 vystoupen\u00ed\u00a0 Martin \u010cechman.<\/p>\n\n\n\n<figure class=\"wp-block-image size-full\"><img loading=\"lazy\" decoding=\"async\" width=\"1024\" height=\"683\" src=\"https:\/\/www.czechcyclingfederation.com\/wp-content\/uploads\/2025\/10\/Cechman-keirin-70jD5Ouw.jpeg\" alt=\"\" class=\"wp-image-38298\" srcset=\"https:\/\/www.czechcyclingfederation.com\/wp-content\/uploads\/2025\/10\/Cechman-keirin-70jD5Ouw.jpeg 1024w, https:\/\/www.czechcyclingfederation.com\/wp-content\/uploads\/2025\/10\/Cechman-keirin-70jD5Ouw-300x200.jpeg 300w, https:\/\/www.czechcyclingfederation.com\/wp-content\/uploads\/2025\/10\/Cechman-keirin-70jD5Ouw-768x512.jpeg 768w\" sizes=\"auto, (max-width: 1024px) 100vw, 1024px\" \/><\/figure>\n\n\n\n<p>Ve vylu\u010dovac\u00edm z\u00e1vod\u011b Barbora N\u011bmcov\u00e1 po p\u00e1du neusp\u011bla podle p\u0159edstav. &#8220;Vystartovalo se nerv\u00f3zn\u011b a sna\u017eila jsem si dr\u017eet co nejlep\u0161\u00ed pozici. Po p\u00e1t\u00e9m kole p\u0159i\u0161el prvn\u00ed p\u00e1d, kter\u00e9mu jsem se vyhnula, startovalo se znovu, op\u011bt to spadlo a v tom p\u00e1du u\u017e jsem byla. Na\u0165ukla jsem si koleno a pak se mi nejelo \u00fapln\u011b nejl\u00e9pe, b\u00e1la jsem se. U\u017e to ne\u0161lo v\u016fbec z\u00e1vodit. S v\u00fdsledkem samoz\u0159ejm\u011b spokojen\u00e1 nejsem, ale v\u00edce s t\u00edm ne\u0161lo ud\u011blat, po p\u00e1du jsem byla dost ot\u0159esen\u00e1.&#8221;<\/p>\n\n\n\n<figure class=\"wp-block-image size-large\"><img loading=\"lazy\" decoding=\"async\" width=\"1024\" height=\"683\" src=\"https:\/\/www.czechcyclingfederation.com\/wp-content\/uploads\/2025\/10\/Barbora-Nemcova-Filip-Bezdek-1024x683.jpg\" alt=\"\" class=\"wp-image-38300\" srcset=\"https:\/\/www.czechcyclingfederation.com\/wp-content\/uploads\/2025\/10\/Barbora-Nemcova-Filip-Bezdek-1024x683.jpg 1024w, https:\/\/www.czechcyclingfederation.com\/wp-content\/uploads\/2025\/10\/Barbora-Nemcova-Filip-Bezdek-300x200.jpg 300w, https:\/\/www.czechcyclingfederation.com\/wp-content\/uploads\/2025\/10\/Barbora-Nemcova-Filip-Bezdek-768x512.jpg 768w, https:\/\/www.czechcyclingfederation.com\/wp-content\/uploads\/2025\/10\/Barbora-Nemcova-Filip-Bezdek-1536x1024.jpg 1536w, https:\/\/www.czechcyclingfederation.com\/wp-content\/uploads\/2025\/10\/Barbora-Nemcova-Filip-Bezdek-2048x1365.jpg 2048w, https:\/\/www.czechcyclingfederation.com\/wp-content\/uploads\/2025\/10\/Barbora-Nemcova-Filip-Bezdek-1320x880.jpg 1320w\" sizes=\"auto, (max-width: 1024px) 100vw, 1024px\" \/><\/figure>\n\n\n\n<p>&#8220;Za des\u00e1t\u00e9 m\u00edsto jsem r\u00e1d, ale doufal jsem v n\u011bco lep\u0161\u00edho. Dvakr\u00e1t jsem sko\u010dil do \u00faniku, ale pak ujela ta skupina, kter\u00e1 dojela a\u017e do c\u00edle. Bylo to moj\u00ed vinou, trochu lenost\u00ed jsem p\u0159i\u0161el o lep\u0161\u00ed v\u00fdsledek,&#8221; byl sebekritick\u00fd po scratchi Jan Vone\u0161.<\/p>\n\n\n\n<p>V\u00fdsledky:<\/p>\n\n\n\n<p>Mu\u017ei:<\/p>\n\n\n\n<p>St\u00edhac\u00ed z\u00e1vod dru\u017estev:<\/p>\n\n\n\n<p>Fin\u00e1le: D\u00e1nsko 3:43,915 &#8211; Austr\u00e1lie 3:47,258, o 3. m\u00edsto: Nov\u00fd Z\u00e9land 3:48,877 &#8211; USA 3:49,799.<\/p>\n\n\n\n<p>Keirin:<\/p>\n\n\n\n<p>1. Lavreysen (Niz.), 2. Hoffman (Austr.), 3. Hoogland (Niz.), &#8230;16. \u010cechman (\u010cR).<\/p>\n\n\n\n<p>Scratch:<\/p>\n\n\n\n<p>1. Augenstein (N\u011bm.), 2. Dorenbos (Niz.), 3. Leitao (Port.), &#8230;10. Vone\u0161 (\u010cR).<\/p>\n\n\n\n<p>\u017deny:<\/p>\n\n\n\n<p>Vylu\u010dovac\u00ed z\u00e1vod:<\/p>\n\n\n\n<p>1. Gillespieov\u00e1 (Ir.), 2. Archibaldov\u00e1 (Brit.), 3. Hestersov\u00e1 (Belg.), &#8230;16. N\u011bmcov\u00e1 (\u010cR).<\/p>\n\n\n\n<p>St\u00edhac\u00ed z\u00e1vod dru\u017estev:<\/p>\n\n\n\n<p>Fin\u00e1le: It\u00e1lie 4:09,569 &#8211; N\u011bmecko 4:09,951, o 3. m\u00edsto: Brit\u00e1nie 4:12,380 &#8211; Belgie 4:18,675.<\/p>\n\n\n\n<p>Foto: Arne Mill<\/p>\n","protected":false},"excerpt":{"rendered":"<p>Druh\u00fd den sv\u011btov\u00e9ho dr\u00e1hov\u00e9ho \u0161ampion\u00e1tu v Chile se nejv\u00edce da\u0159ilo z kvarteta \u010desk\u00fdch jezdc\u016f na startu Janu Vone\u0161ovi, kter\u00fd se jako jedin\u00fd dostal do elitn\u00ed des\u00edtky, kdy\u017e na ov\u00e1lu v Santiagu projel ve scratchi c\u00edlem na des\u00e1t\u00e9m m\u00edst\u011b. Veronika Jaborn\u00edkov\u00e1 ve sprintu skon\u010dila patn\u00e1ct\u00e1, Martin \u010cechman v keirinu o m\u00edsto n\u00ed\u017ee a Barbora N\u011bmcov\u00e1 ve [&hellip;]<\/p>\n","protected":false},"author":8,"featured_media":38303,"comment_status":"closed","ping_status":"open","sticky":false,"template":"","format":"standard","meta":{"footnotes":""},"categories":[54,2],"tags":[9],"class_list":["post-38293","post","type-post","status-publish","format-standard","has-post-thumbnail","hentry","category-draha","category-novinky","tag-draha"],"_links":{"self":[{"href":"https:\/\/www.czechcyclingfederation.com\/en\/wp-json\/wp\/v2\/posts\/38293","targetHints":{"allow":["GET"]}}],"collection":[{"href":"https:\/\/www.czechcyclingfederation.com\/en\/wp-json\/wp\/v2\/posts"}],"about":[{"href":"https:\/\/www.czechcyclingfederation.com\/en\/wp-json\/wp\/v2\/types\/post"}],"author":[{"embeddable":true,"href":"https:\/\/www.czechcyclingfederation.com\/en\/wp-json\/wp\/v2\/users\/8"}],"replies":[{"embeddable":true,"href":"https:\/\/www.czechcyclingfederation.com\/en\/wp-json\/wp\/v2\/comments?post=38293"}],"version-history":[{"count":2,"href":"https:\/\/www.czechcyclingfederation.com\/en\/wp-json\/wp\/v2\/posts\/38293\/revisions"}],"predecessor-version":[{"id":38329,"href":"https:\/\/www.czechcyclingfederation.com\/en\/wp-json\/wp\/v2\/posts\/38293\/revisions\/38329"}],"wp:featuredmedia":[{"embeddable":true,"href":"https:\/\/www.czechcyclingfederation.com\/en\/wp-json\/wp\/v2\/media\/38303"}],"wp:attachment":[{"href":"https:\/\/www.czechcyclingfederation.com\/en\/wp-json\/wp\/v2\/media?parent=38293"}],"wp:term":[{"taxonomy":"category","embeddable":true,"href":"https:\/\/www.czechcyclingfederation.com\/en\/wp-json\/wp\/v2\/categories?post=38293"},{"taxonomy":"post_tag","embeddable":true,"href":"https:\/\/www.czechcyclingfederation.com\/en\/wp-json\/wp\/v2\/tags?post=38293"}],"curies":[{"name":"wp","href":"https:\/\/api.w.org\/{rel}","templated":true}]}}