{"id":38273,"date":"2025-10-23T06:59:54","date_gmt":"2025-10-23T04:59:54","guid":{"rendered":"https:\/\/www.czechcyclingfederation.com\/?p=38273"},"modified":"2025-10-23T06:59:58","modified_gmt":"2025-10-23T04:59:58","slug":"cesi-na-ms-sesti-v-tymovem-sprintu-sevcikova-sedma-ve-scratchi","status":"publish","type":"post","link":"https:\/\/www.czechcyclingfederation.com\/en\/cesi-na-ms-sesti-v-tymovem-sprintu-sevcikova-sedma-ve-scratchi\/","title":{"rendered":"\u010ce\u0161i na MS \u0161est\u00ed v\u00a0t\u00fdmov\u00e9m sprintu, \u0160ev\u010d\u00edkov\u00e1 sedm\u00e1 ve scratchi"},"content":{"rendered":"\n<p>Velmi dob\u0159e vstoupili do boj\u016f na mistrovstv\u00ed sv\u011bta v&nbsp;dr\u00e1hov\u00e9 cyklistice v&nbsp;Santiago de Chile \u010de\u0161t\u00ed reprezentanti. Trio <strong>David Peterka, Dominik Topinka, Mat\u011bj Tamme <\/strong>skon\u010dilo \u0161est\u00e9 v&nbsp;t\u00fdmov\u00e9m sprintu, <strong>Petra \u0160ev\u010d\u00edkov\u00e1<\/strong> pak vybojovala sedmou p\u0159\u00ed\u010dku v&nbsp;discipl\u00edn\u011b scratch.<\/p>\n\n\n\n<p>V&nbsp;kvalifikaci t\u00fdmov\u00e9ho sprintu zajeli \u010ce\u0161i 5. nejrychlej\u0161\u00ed \u010das z&nbsp;15 startuj\u00edc\u00edch t\u00fdm\u016f (42,977) a postoupili do 1. kola, kde nesta\u010dili na Francii (\u010das 42,845).<\/p>\n\n\n\n<figure class=\"wp-block-image size-large\"><img loading=\"lazy\" decoding=\"async\" width=\"1024\" height=\"683\" src=\"https:\/\/www.czechcyclingfederation.com\/wp-content\/uploads\/2025\/10\/draha-2-1024x683.jpg\" alt=\"\" class=\"wp-image-38279\" srcset=\"https:\/\/www.czechcyclingfederation.com\/wp-content\/uploads\/2025\/10\/draha-2-1024x683.jpg 1024w, https:\/\/www.czechcyclingfederation.com\/wp-content\/uploads\/2025\/10\/draha-2-300x200.jpg 300w, https:\/\/www.czechcyclingfederation.com\/wp-content\/uploads\/2025\/10\/draha-2-768x512.jpg 768w, https:\/\/www.czechcyclingfederation.com\/wp-content\/uploads\/2025\/10\/draha-2-1536x1024.jpg 1536w, https:\/\/www.czechcyclingfederation.com\/wp-content\/uploads\/2025\/10\/draha-2-1320x880.jpg 1320w, https:\/\/www.czechcyclingfederation.com\/wp-content\/uploads\/2025\/10\/draha-2.jpg 1600w\" sizes=\"auto, (max-width: 1024px) 100vw, 1024px\" \/><\/figure>\n\n\n\n<p><em>\u201eV kvalifikaci jsme porazili Japonsko, kter\u00e9 bylo jedn\u00edm z&nbsp;favorit\u016f,\u201c<\/em> t\u011b\u0161ilo Davida Peterku. <em>\u201eVe druh\u00e9 j\u00edzd\u011b jsem ud\u011blal malou chybi\u010dku, p\u0159esto jsme dok\u00e1zali vylep\u0161it \u010das z&nbsp;prvn\u00ed j\u00edzdy, ale na Francii to bohu\u017eel nesta\u010dilo,\u201c <\/em>p\u0159idal Mat\u011bj Tamme. <em>\u201eCelkov\u011b to hodnot\u00edme kladn\u011b. T\u00fdm byl kompaktn\u00ed, jeli jsme rychle a \u0161est\u00e9 m\u00edsto je velk\u00fdm p\u0159\u00edslibem do budoucna, kde bychom se s&nbsp;t\u00edmhle mohli kvalifikovat na olympi\u00e1du,\u201c<\/em> \u0159ekl Dominik Topinka.<\/p>\n\n\n\n<figure class=\"wp-block-image size-large\"><img loading=\"lazy\" decoding=\"async\" width=\"1024\" height=\"683\" src=\"https:\/\/www.czechcyclingfederation.com\/wp-content\/uploads\/2025\/10\/draha-3-2-1024x683.jpg\" alt=\"\" class=\"wp-image-38281\" srcset=\"https:\/\/www.czechcyclingfederation.com\/wp-content\/uploads\/2025\/10\/draha-3-2-1024x683.jpg 1024w, https:\/\/www.czechcyclingfederation.com\/wp-content\/uploads\/2025\/10\/draha-3-2-300x200.jpg 300w, https:\/\/www.czechcyclingfederation.com\/wp-content\/uploads\/2025\/10\/draha-3-2-768x512.jpg 768w, https:\/\/www.czechcyclingfederation.com\/wp-content\/uploads\/2025\/10\/draha-3-2-1536x1024.jpg 1536w, https:\/\/www.czechcyclingfederation.com\/wp-content\/uploads\/2025\/10\/draha-3-2-1320x880.jpg 1320w, https:\/\/www.czechcyclingfederation.com\/wp-content\/uploads\/2025\/10\/draha-3-2.jpg 1600w\" sizes=\"auto, (max-width: 1024px) 100vw, 1024px\" \/><\/figure>\n\n\n\n<p>Zlato vybojovali Nizozemci Hoogland, Lavreysen, van den Berg, kte\u0159\u00ed ve fin\u00e1le porazili Velkou Brit\u00e1nii (Richardson, Truman, Turnbull).<\/p>\n\n\n\n<p>O dal\u0161\u00ed skv\u011bl\u00fd v\u00fdsledek se postarala Petra \u0160ev\u010d\u00edkov\u00e1, kdy\u017e ve scratchi skon\u010dila sedm\u00e1 z&nbsp;24 startuj\u00edc\u00edch. <em>\u201eByl to opravdu sprintersky pojat\u00fd scratch. Jedin\u00e9, co m\u011b mrz\u00ed, \u017ee kdy\u017e se otv\u00edral sprint, ocitla jsem se za Egyp\u0165ankou, kterou jsem pot\u0159ebovala objet a lehce m\u011b to tam sk\u0159\u00edplo. St\u00e1lo m\u011b to tro\u0161ku rychlosti, ale samotn\u00fd spurt jsme zvl\u00e1dla velmi dob\u0159e a s&nbsp;v\u00fdsledkem jsem spokojena,\u201c<\/em> \u0159ekla \u010desk\u00e1 reprezentantka.<\/p>\n\n\n\n<figure class=\"wp-block-image size-large\"><img loading=\"lazy\" decoding=\"async\" width=\"1024\" height=\"683\" src=\"https:\/\/www.czechcyclingfederation.com\/wp-content\/uploads\/2025\/10\/sevcikova-ms-chile-1024x683.jpg\" alt=\"\" class=\"wp-image-38283\" srcset=\"https:\/\/www.czechcyclingfederation.com\/wp-content\/uploads\/2025\/10\/sevcikova-ms-chile-1024x683.jpg 1024w, https:\/\/www.czechcyclingfederation.com\/wp-content\/uploads\/2025\/10\/sevcikova-ms-chile-300x200.jpg 300w, https:\/\/www.czechcyclingfederation.com\/wp-content\/uploads\/2025\/10\/sevcikova-ms-chile-768x512.jpg 768w, https:\/\/www.czechcyclingfederation.com\/wp-content\/uploads\/2025\/10\/sevcikova-ms-chile-1536x1024.jpg 1536w, https:\/\/www.czechcyclingfederation.com\/wp-content\/uploads\/2025\/10\/sevcikova-ms-chile-1320x880.jpg 1320w, https:\/\/www.czechcyclingfederation.com\/wp-content\/uploads\/2025\/10\/sevcikova-ms-chile.jpg 1600w\" sizes=\"auto, (max-width: 1024px) 100vw, 1024px\" \/><\/figure>\n\n\n\n<p>V&nbsp;\u017eensk\u00e9m t\u00fdmov\u00e9m sprintu zajelo trio <strong>Veronika Jaborn\u00edkov\u00e1<\/strong>, <strong>Anna Jaborn\u00edkov\u00e1<\/strong> a <strong>S\u00e1ra Kate\u0159ina Peterkov\u00e1<\/strong> v&nbsp;kvalifikaci 9. m\u00edsto (48,742), co\u017e byla prvn\u00ed nepostupov\u00e1 p\u0159\u00ed\u010dka.<\/p>\n\n\n\n<figure class=\"wp-block-image size-large\"><img loading=\"lazy\" decoding=\"async\" width=\"1024\" height=\"683\" src=\"https:\/\/www.czechcyclingfederation.com\/wp-content\/uploads\/2025\/10\/sprint-holky-1024x683.jpg\" alt=\"\" class=\"wp-image-38286\" srcset=\"https:\/\/www.czechcyclingfederation.com\/wp-content\/uploads\/2025\/10\/sprint-holky-1024x683.jpg 1024w, https:\/\/www.czechcyclingfederation.com\/wp-content\/uploads\/2025\/10\/sprint-holky-300x200.jpg 300w, https:\/\/www.czechcyclingfederation.com\/wp-content\/uploads\/2025\/10\/sprint-holky-768x512.jpg 768w, https:\/\/www.czechcyclingfederation.com\/wp-content\/uploads\/2025\/10\/sprint-holky-1536x1024.jpg 1536w, https:\/\/www.czechcyclingfederation.com\/wp-content\/uploads\/2025\/10\/sprint-holky-1320x880.jpg 1320w, https:\/\/www.czechcyclingfederation.com\/wp-content\/uploads\/2025\/10\/sprint-holky.jpg 1600w\" sizes=\"auto, (max-width: 1024px) 100vw, 1024px\" \/><\/figure>\n\n\n\n<p><strong>V\u00fdsledky \u2013 MU\u017dI, t\u00fdmov\u00fd sprint, fin\u00e1le: <\/strong>1. Nizozemsko 41,691 \u2013 V. Brit\u00e1nie 42,060, o 3. m\u00edsto: Austr\u00e1lie 42,611 \u2013 Francie 42,861, \u2026 <strong>6. \u010cR (Peterka, Topinka, Tamme).<\/strong><\/p>\n\n\n\n<p><strong>\u017dENY, t\u00fdmov\u00fd sprint, fin\u00e1le: <\/strong>Nizozemsko 45,743 \u2013 V. Brit\u00e1nie 46,003, <strong>o 3. m\u00edsto: <\/strong>Austr\u00e1lie 46,773 \u2013 Polsko 48,033, \u2026 <strong>9. \u010cR (V. Jaborn\u00edkov\u00e1, A. Jaborn\u00edkov\u00e1, Peterkov\u00e1).<\/strong><\/p>\n\n\n\n<p><strong>Scratch: <\/strong>1. Wiebesov\u00e1 (Niz.), 2. Dideriksenov\u00e1 (D\u00e1n.), 3. Fowlerov\u00e1 (N. Z\u00e9l.), \u2026 <strong>7. \u0160ev\u010d\u00edkov\u00e1 (\u010cR).<\/strong><\/p>\n\n\n\n<p>Foto: Arne Mill<\/p>\n","protected":false},"excerpt":{"rendered":"<p>Velmi dob\u0159e vstoupili do boj\u016f na mistrovstv\u00ed sv\u011bta v&nbsp;dr\u00e1hov\u00e9 cyklistice v&nbsp;Santiago de Chile \u010de\u0161t\u00ed reprezentanti. Trio David Peterka, Dominik Topinka, Mat\u011bj Tamme skon\u010dilo \u0161est\u00e9 v&nbsp;t\u00fdmov\u00e9m sprintu, Petra \u0160ev\u010d\u00edkov\u00e1 pak vybojovala sedmou p\u0159\u00ed\u010dku v&nbsp;discipl\u00edn\u011b scratch. V&nbsp;kvalifikaci t\u00fdmov\u00e9ho sprintu zajeli \u010ce\u0161i 5. nejrychlej\u0161\u00ed \u010das z&nbsp;15 startuj\u00edc\u00edch t\u00fdm\u016f (42,977) a postoupili do 1. kola, kde nesta\u010dili na Francii [&hellip;]<\/p>\n","protected":false},"author":15,"featured_media":38277,"comment_status":"closed","ping_status":"open","sticky":false,"template":"","format":"standard","meta":{"footnotes":""},"categories":[54,2],"tags":[9],"class_list":["post-38273","post","type-post","status-publish","format-standard","has-post-thumbnail","hentry","category-draha","category-novinky","tag-draha"],"_links":{"self":[{"href":"https:\/\/www.czechcyclingfederation.com\/en\/wp-json\/wp\/v2\/posts\/38273","targetHints":{"allow":["GET"]}}],"collection":[{"href":"https:\/\/www.czechcyclingfederation.com\/en\/wp-json\/wp\/v2\/posts"}],"about":[{"href":"https:\/\/www.czechcyclingfederation.com\/en\/wp-json\/wp\/v2\/types\/post"}],"author":[{"embeddable":true,"href":"https:\/\/www.czechcyclingfederation.com\/en\/wp-json\/wp\/v2\/users\/15"}],"replies":[{"embeddable":true,"href":"https:\/\/www.czechcyclingfederation.com\/en\/wp-json\/wp\/v2\/comments?post=38273"}],"version-history":[{"count":4,"href":"https:\/\/www.czechcyclingfederation.com\/en\/wp-json\/wp\/v2\/posts\/38273\/revisions"}],"predecessor-version":[{"id":38289,"href":"https:\/\/www.czechcyclingfederation.com\/en\/wp-json\/wp\/v2\/posts\/38273\/revisions\/38289"}],"wp:featuredmedia":[{"embeddable":true,"href":"https:\/\/www.czechcyclingfederation.com\/en\/wp-json\/wp\/v2\/media\/38277"}],"wp:attachment":[{"href":"https:\/\/www.czechcyclingfederation.com\/en\/wp-json\/wp\/v2\/media?parent=38273"}],"wp:term":[{"taxonomy":"category","embeddable":true,"href":"https:\/\/www.czechcyclingfederation.com\/en\/wp-json\/wp\/v2\/categories?post=38273"},{"taxonomy":"post_tag","embeddable":true,"href":"https:\/\/www.czechcyclingfederation.com\/en\/wp-json\/wp\/v2\/tags?post=38273"}],"curies":[{"name":"wp","href":"https:\/\/api.w.org\/{rel}","templated":true}]}}